{"id":68130,"date":"2024-01-22T13:49:53","date_gmt":"2024-01-22T18:49:53","guid":{"rendered":"https:\/\/l21.mx\/?p=68130"},"modified":"2024-01-22T13:49:53","modified_gmt":"2024-01-22T18:49:53","slug":"se-reune-mara-lezama-con-productores-que-participan-en-mision-comercial-para-la-exportacion-de-productos-del-campo-de-quintana-roo","status":"publish","type":"post","link":"https:\/\/l21.mx\/?p=68130","title":{"rendered":"Se re\u00fane Mara Lezama con productores que participan en misi\u00f3n comercial para la exportaci\u00f3n de productos del campo de Quintana Roo"},"content":{"rendered":"<p>&nbsp;<\/p>\n<p>&#8211; La pi\u00f1a, chile habanero, pitahaya, hojas gourmet, y hortalizas forman parte de la exposici\u00f3n que se realiza en Texas, Estados Unidos, donde adem\u00e1s los productores recibir\u00e1n capacitaci\u00f3n para que puedan venderlos en otras partes del mundo<\/p>\n<p><a href=\"https:\/\/l21.mx\/wp-content\/uploads\/2024\/01\/WhatsApp-Image-2024-01-22-at-1.30.03-PM.jpeg\" data-rel=\"penci-gallery-image-content\" ><img fetchpriority=\"high\" decoding=\"async\" class=\"alignnone size-medium wp-image-68133\" src=\"https:\/\/l21.mx\/wp-content\/uploads\/2024\/01\/WhatsApp-Image-2024-01-22-at-1.30.03-PM-300x200.jpeg\" alt=\"\" width=\"300\" height=\"200\" srcset=\"https:\/\/l21.mx\/wp-content\/uploads\/2024\/01\/WhatsApp-Image-2024-01-22-at-1.30.03-PM-300x200.jpeg 300w, https:\/\/l21.mx\/wp-content\/uploads\/2024\/01\/WhatsApp-Image-2024-01-22-at-1.30.03-PM-1024x682.jpeg 1024w, https:\/\/l21.mx\/wp-content\/uploads\/2024\/01\/WhatsApp-Image-2024-01-22-at-1.30.03-PM-768x512.jpeg 768w, https:\/\/l21.mx\/wp-content\/uploads\/2024\/01\/WhatsApp-Image-2024-01-22-at-1.30.03-PM-1536x1023.jpeg 1536w, https:\/\/l21.mx\/wp-content\/uploads\/2024\/01\/WhatsApp-Image-2024-01-22-at-1.30.03-PM-1170x780.jpeg 1170w, https:\/\/l21.mx\/wp-content\/uploads\/2024\/01\/WhatsApp-Image-2024-01-22-at-1.30.03-PM-585x390.jpeg 585w, https:\/\/l21.mx\/wp-content\/uploads\/2024\/01\/WhatsApp-Image-2024-01-22-at-1.30.03-PM-263x175.jpeg 263w, https:\/\/l21.mx\/wp-content\/uploads\/2024\/01\/WhatsApp-Image-2024-01-22-at-1.30.03-PM.jpeg 1600w\" sizes=\"(max-width: 300px) 100vw, 300px\" \/><\/a><\/p>\n<p>Chetumal.- La gobernadora Mara Lezama Espinosa se reuni\u00f3 con productores quintanarroenses, previo a su participaci\u00f3n en una misi\u00f3n comercial en Texas para exponer productos quintanarroenses y capacitarse en materia de exportaci\u00f3n comercial.<\/p>\n<p>Durante este encuentro, la Gobernadora celebr\u00f3 que los productos del campo de Quintana Roo formen parte de esta actividad que se celebra del 22 al 25 de enero y donde se muestran la pi\u00f1a, chile habanero, pitahaya, hojas gourmet, y hortalizas.<\/p>\n<p>Dijo que esta es una gran oportunidad para los seis productores que recibir\u00e1n orientaci\u00f3n y asesor\u00eda en materia de exportaci\u00f3n a los Estados unidos, lo que les permitir\u00e1 optimizar sus procesos y garantizar la calidad y competitividad que requiere ese mercado.<\/p>\n<p><a href=\"https:\/\/l21.mx\/wp-content\/uploads\/2024\/01\/WhatsApp-Image-2024-01-22-at-1.30.03-PM-1.jpeg\" data-rel=\"penci-gallery-image-content\" ><img decoding=\"async\" class=\"alignnone size-medium wp-image-68132\" src=\"https:\/\/l21.mx\/wp-content\/uploads\/2024\/01\/WhatsApp-Image-2024-01-22-at-1.30.03-PM-1-300x200.jpeg\" alt=\"\" width=\"300\" height=\"200\" srcset=\"https:\/\/l21.mx\/wp-content\/uploads\/2024\/01\/WhatsApp-Image-2024-01-22-at-1.30.03-PM-1-300x200.jpeg 300w, https:\/\/l21.mx\/wp-content\/uploads\/2024\/01\/WhatsApp-Image-2024-01-22-at-1.30.03-PM-1-1024x682.jpeg 1024w, https:\/\/l21.mx\/wp-content\/uploads\/2024\/01\/WhatsApp-Image-2024-01-22-at-1.30.03-PM-1-768x512.jpeg 768w, https:\/\/l21.mx\/wp-content\/uploads\/2024\/01\/WhatsApp-Image-2024-01-22-at-1.30.03-PM-1-1536x1023.jpeg 1536w, https:\/\/l21.mx\/wp-content\/uploads\/2024\/01\/WhatsApp-Image-2024-01-22-at-1.30.03-PM-1-1170x780.jpeg 1170w, https:\/\/l21.mx\/wp-content\/uploads\/2024\/01\/WhatsApp-Image-2024-01-22-at-1.30.03-PM-1-585x390.jpeg 585w, https:\/\/l21.mx\/wp-content\/uploads\/2024\/01\/WhatsApp-Image-2024-01-22-at-1.30.03-PM-1-263x175.jpeg 263w, https:\/\/l21.mx\/wp-content\/uploads\/2024\/01\/WhatsApp-Image-2024-01-22-at-1.30.03-PM-1.jpeg 1600w\" sizes=\"(max-width: 300px) 100vw, 300px\" \/><\/a><\/p>\n<p>Asegur\u00f3 que as\u00ed funciona el Nuevo Acuerdo por el Bienestar y Desarrollo de Quintana Roo, dando la mano a nuestros productores para crear nuevas oportunidades comerciales, para que nadie, absolutamente nadie se quede fuera ni nadie se quede atr\u00e1s.<\/p>\n<p>\u201cEsta misi\u00f3n es una gran oportunidad para establecer contacto con potenciales compradores y distribuidores para que nuestros productos lleguen a todo el mundo aprovechando nuestra ventaja geogr\u00e1fica y conectividad a\u00e9rea\u201d, dijo.<\/p>\n<p><a href=\"https:\/\/l21.mx\/wp-content\/uploads\/2024\/01\/WhatsApp-Image-2024-01-22-at-1.30.02-PM-1.jpeg\" data-rel=\"penci-gallery-image-content\" ><img decoding=\"async\" class=\"alignnone size-medium wp-image-68134\" src=\"https:\/\/l21.mx\/wp-content\/uploads\/2024\/01\/WhatsApp-Image-2024-01-22-at-1.30.02-PM-1-300x200.jpeg\" alt=\"\" width=\"300\" height=\"200\" srcset=\"https:\/\/l21.mx\/wp-content\/uploads\/2024\/01\/WhatsApp-Image-2024-01-22-at-1.30.02-PM-1-300x200.jpeg 300w, https:\/\/l21.mx\/wp-content\/uploads\/2024\/01\/WhatsApp-Image-2024-01-22-at-1.30.02-PM-1-1024x682.jpeg 1024w, https:\/\/l21.mx\/wp-content\/uploads\/2024\/01\/WhatsApp-Image-2024-01-22-at-1.30.02-PM-1-768x512.jpeg 768w, https:\/\/l21.mx\/wp-content\/uploads\/2024\/01\/WhatsApp-Image-2024-01-22-at-1.30.02-PM-1-1536x1023.jpeg 1536w, https:\/\/l21.mx\/wp-content\/uploads\/2024\/01\/WhatsApp-Image-2024-01-22-at-1.30.02-PM-1-1170x780.jpeg 1170w, https:\/\/l21.mx\/wp-content\/uploads\/2024\/01\/WhatsApp-Image-2024-01-22-at-1.30.02-PM-1-585x390.jpeg 585w, https:\/\/l21.mx\/wp-content\/uploads\/2024\/01\/WhatsApp-Image-2024-01-22-at-1.30.02-PM-1-263x175.jpeg 263w, https:\/\/l21.mx\/wp-content\/uploads\/2024\/01\/WhatsApp-Image-2024-01-22-at-1.30.02-PM-1.jpeg 1600w\" sizes=\"(max-width: 300px) 100vw, 300px\" \/><\/a><\/p>\n<p>Esta misi\u00f3n es organizada por la Asociaci\u00f3n Internacional de Productos de Texas en colaboraci\u00f3n con su departamento de Agricultura y el gobierno de Quintana Roo, y se beneficiar\u00e1 a productores de comunidades rurales que por a\u00f1os estuvieron marginadas y donde se impulsa su diversificaci\u00f3n econ\u00f3mica, a\u00f1adi\u00f3 Mara Lezama.<\/p>\n","protected":false},"excerpt":{"rendered":"<p>&nbsp; &#8211; La pi\u00f1a, chile habanero, pitahaya, hojas gourmet, y hortalizas forman parte de la exposici\u00f3n&hellip;<\/p>\n","protected":false},"author":100,"featured_media":68131,"comment_status":"closed","ping_status":"closed","sticky":false,"template":"","format":"standard","meta":{"_acf_changed":false,"_lmt_disableupdate":"","_lmt_disable":"","_mbp_gutenberg_autopost":false,"footnotes":""},"categories":[23,1656],"tags":[],"class_list":["post-68130","post","type-post","status-publish","format-standard","has-post-thumbnail","hentry","category-noticias","category-quintana-roo"],"acf":[],"_links":{"self":[{"href":"https:\/\/l21.mx\/index.php?rest_route=\/wp\/v2\/posts\/68130","targetHints":{"allow":["GET"]}}],"collection":[{"href":"https:\/\/l21.mx\/index.php?rest_route=\/wp\/v2\/posts"}],"about":[{"href":"https:\/\/l21.mx\/index.php?rest_route=\/wp\/v2\/types\/post"}],"author":[{"embeddable":true,"href":"https:\/\/l21.mx\/index.php?rest_route=\/wp\/v2\/users\/100"}],"replies":[{"embeddable":true,"href":"https:\/\/l21.mx\/index.php?rest_route=%2Fwp%2Fv2%2Fcomments&post=68130"}],"version-history":[{"count":0,"href":"https:\/\/l21.mx\/index.php?rest_route=\/wp\/v2\/posts\/68130\/revisions"}],"wp:featuredmedia":[{"embeddable":true,"href":"https:\/\/l21.mx\/index.php?rest_route=\/wp\/v2\/media\/68131"}],"wp:attachment":[{"href":"https:\/\/l21.mx\/index.php?rest_route=%2Fwp%2Fv2%2Fmedia&parent=68130"}],"wp:term":[{"taxonomy":"category","embeddable":true,"href":"https:\/\/l21.mx\/index.php?rest_route=%2Fwp%2Fv2%2Fcategories&post=68130"},{"taxonomy":"post_tag","embeddable":true,"href":"https:\/\/l21.mx\/index.php?rest_route=%2Fwp%2Fv2%2Ftags&post=68130"}],"curies":[{"name":"wp","href":"https:\/\/api.w.org\/{rel}","templated":true}]}}