{"id":68138,"date":"2024-01-22T15:33:13","date_gmt":"2024-01-22T20:33:13","guid":{"rendered":"https:\/\/l21.mx\/?p=68138"},"modified":"2024-01-22T15:33:13","modified_gmt":"2024-01-22T20:33:13","slug":"gobierno-invita-a-la-feria-del-tamal-y-del-atole-2024-en-playa-del-carmen","status":"publish","type":"post","link":"https:\/\/l21.mx\/?p=68138","title":{"rendered":"Gobierno invita a la \u201cFeria del Tamal y del Atole 2024\u201d en Playa del Carmen"},"content":{"rendered":"<p>&nbsp;<\/p>\n<p>\u2022 M\u00e1s de 35 mil tamales de diversos colores, olores y sabores se expondr\u00e1n en la plaza \u201c28 de Julio\u201d el 2 de febrero, de 4 de la tarde a 10 de la noche. M\u00e1s de 60 participantes expondr\u00e1n su riqueza gastron\u00f3mica<\/p>\n<p><a href=\"https:\/\/l21.mx\/wp-content\/uploads\/2024\/01\/WhatsApp-Image-2024-01-22-at-3.02.17-PM.jpeg\" data-rel=\"penci-gallery-image-content\" ><img fetchpriority=\"high\" decoding=\"async\" class=\"alignnone size-medium wp-image-68141\" src=\"https:\/\/l21.mx\/wp-content\/uploads\/2024\/01\/WhatsApp-Image-2024-01-22-at-3.02.17-PM-300x200.jpeg\" alt=\"\" width=\"300\" height=\"200\" srcset=\"https:\/\/l21.mx\/wp-content\/uploads\/2024\/01\/WhatsApp-Image-2024-01-22-at-3.02.17-PM-300x200.jpeg 300w, https:\/\/l21.mx\/wp-content\/uploads\/2024\/01\/WhatsApp-Image-2024-01-22-at-3.02.17-PM-1024x682.jpeg 1024w, https:\/\/l21.mx\/wp-content\/uploads\/2024\/01\/WhatsApp-Image-2024-01-22-at-3.02.17-PM-768x512.jpeg 768w, https:\/\/l21.mx\/wp-content\/uploads\/2024\/01\/WhatsApp-Image-2024-01-22-at-3.02.17-PM-1170x780.jpeg 1170w, https:\/\/l21.mx\/wp-content\/uploads\/2024\/01\/WhatsApp-Image-2024-01-22-at-3.02.17-PM-585x390.jpeg 585w, https:\/\/l21.mx\/wp-content\/uploads\/2024\/01\/WhatsApp-Image-2024-01-22-at-3.02.17-PM-263x175.jpeg 263w, https:\/\/l21.mx\/wp-content\/uploads\/2024\/01\/WhatsApp-Image-2024-01-22-at-3.02.17-PM.jpeg 1280w\" sizes=\"(max-width: 300px) 100vw, 300px\" \/><\/a><\/p>\n<p>Playa del Carmen, Solidaridad, 22 de enero del 2024.- Con el respaldo de la presidenta Lili Campos, el pr\u00f3ximo 2 de febrero se realizar\u00e1 la 9\u00aa \u201cFeria del Tamal y del Atole 2024\u201d en la explanada de la plaza \u201c28 de Julio\u201d, de 4 de la tarde a 10 de la noche.<\/p>\n<p><a href=\"https:\/\/l21.mx\/wp-content\/uploads\/2024\/01\/WhatsApp-Image-2024-01-22-at-3.02.15-PM-1.jpeg\" data-rel=\"penci-gallery-image-content\" ><img decoding=\"async\" class=\"alignnone size-medium wp-image-68143\" src=\"https:\/\/l21.mx\/wp-content\/uploads\/2024\/01\/WhatsApp-Image-2024-01-22-at-3.02.15-PM-1-300x200.jpeg\" alt=\"\" width=\"300\" height=\"200\" srcset=\"https:\/\/l21.mx\/wp-content\/uploads\/2024\/01\/WhatsApp-Image-2024-01-22-at-3.02.15-PM-1-300x200.jpeg 300w, https:\/\/l21.mx\/wp-content\/uploads\/2024\/01\/WhatsApp-Image-2024-01-22-at-3.02.15-PM-1-1024x682.jpeg 1024w, https:\/\/l21.mx\/wp-content\/uploads\/2024\/01\/WhatsApp-Image-2024-01-22-at-3.02.15-PM-1-768x512.jpeg 768w, https:\/\/l21.mx\/wp-content\/uploads\/2024\/01\/WhatsApp-Image-2024-01-22-at-3.02.15-PM-1-1170x780.jpeg 1170w, https:\/\/l21.mx\/wp-content\/uploads\/2024\/01\/WhatsApp-Image-2024-01-22-at-3.02.15-PM-1-585x390.jpeg 585w, https:\/\/l21.mx\/wp-content\/uploads\/2024\/01\/WhatsApp-Image-2024-01-22-at-3.02.15-PM-1-263x175.jpeg 263w, https:\/\/l21.mx\/wp-content\/uploads\/2024\/01\/WhatsApp-Image-2024-01-22-at-3.02.15-PM-1.jpeg 1280w\" sizes=\"(max-width: 300px) 100vw, 300px\" \/><\/a><\/p>\n<p>Para participar en el rescate de tradiciones y costumbres, el gobierno municipal, a trav\u00e9s de la secretar\u00eda de Desarrollo Econ\u00f3mico y de Atracci\u00f3n de Inversiones, invita a toda la poblaci\u00f3n en general a apoyar este evento, que se va convirtiendo en una incubadora de negocios.<\/p>\n<p>En rueda de prensa, los organizadores \u00c1ngela Canul y H\u00e9ctor Escobedo anunciaron que se inscribieron m\u00e1s de 60 participantes de diferentes estados y pa\u00edses, quienes expondr\u00e1n y compartir\u00e1n sus tradicionales recetas, algunas de ellas ancestrales. Asimismo, informaron que la convocatoria fue todo un \u00e9xito y ya est\u00e1 cerrada.<\/p>\n<p><a href=\"https:\/\/l21.mx\/wp-content\/uploads\/2024\/01\/WhatsApp-Image-2024-01-22-at-3.02.15-PM.jpeg\" data-rel=\"penci-gallery-image-content\" ><img decoding=\"async\" class=\"alignnone size-medium wp-image-68139\" src=\"https:\/\/l21.mx\/wp-content\/uploads\/2024\/01\/WhatsApp-Image-2024-01-22-at-3.02.15-PM-300x200.jpeg\" alt=\"\" width=\"300\" height=\"200\" srcset=\"https:\/\/l21.mx\/wp-content\/uploads\/2024\/01\/WhatsApp-Image-2024-01-22-at-3.02.15-PM-300x200.jpeg 300w, https:\/\/l21.mx\/wp-content\/uploads\/2024\/01\/WhatsApp-Image-2024-01-22-at-3.02.15-PM-1024x682.jpeg 1024w, https:\/\/l21.mx\/wp-content\/uploads\/2024\/01\/WhatsApp-Image-2024-01-22-at-3.02.15-PM-768x512.jpeg 768w, https:\/\/l21.mx\/wp-content\/uploads\/2024\/01\/WhatsApp-Image-2024-01-22-at-3.02.15-PM-1170x780.jpeg 1170w, https:\/\/l21.mx\/wp-content\/uploads\/2024\/01\/WhatsApp-Image-2024-01-22-at-3.02.15-PM-585x390.jpeg 585w, https:\/\/l21.mx\/wp-content\/uploads\/2024\/01\/WhatsApp-Image-2024-01-22-at-3.02.15-PM-263x175.jpeg 263w, https:\/\/l21.mx\/wp-content\/uploads\/2024\/01\/WhatsApp-Image-2024-01-22-at-3.02.15-PM.jpeg 1280w\" sizes=\"(max-width: 300px) 100vw, 300px\" \/><\/a><\/p>\n<p>Todos los participantes expondr\u00e1n y vender\u00e1n sus productos, que sumar\u00e1n m\u00e1s de 35 mil tamales. Se espera una gran afluencia de entre 2 mil a 3 mil personas, con la proyecci\u00f3n de alcanzar una derrama econ\u00f3mica de un mill\u00f3n de pesos.<\/p>\n<p>Durante el evento, se llevar\u00e1n a cabo concursos para premiar el mejor tamal y el mejor atole, con 10 mil pesos para el primer lugar, 7 mil para el segundo y 5 mil para el tercer lugar. Cabe destacar que, en esta novena edici\u00f3n, habr\u00e1 un premio sorpresa de 5 mil pesos. Adem\u00e1s, habr\u00e1 un divertido concurso \u201cPremio Comel\u00f3n\u201d, en el que el participante que consuma la mayor cantidad de tamales en cuatro minutos ganar\u00e1 5 mil pesos.<\/p>\n<p>Es importante mencionar que en el concurso se calificar\u00e1: textura, presentaci\u00f3n y sabor. Dentro de los jueces se contar\u00e1 con el apoyo de los chefs de: Valent\u00edn Imperial, del Circo Soley, el corporativo de Blue Bay, Dorados Maroma y del restaurante Boston.<\/p>\n","protected":false},"excerpt":{"rendered":"<p>&nbsp; \u2022 M\u00e1s de 35 mil tamales de diversos colores, olores y sabores se expondr\u00e1n en&hellip;<\/p>\n","protected":false},"author":100,"featured_media":68140,"comment_status":"closed","ping_status":"closed","sticky":false,"template":"","format":"standard","meta":{"_acf_changed":false,"_lmt_disableupdate":"","_lmt_disable":"","_mbp_gutenberg_autopost":false,"footnotes":""},"categories":[23,1654],"tags":[],"class_list":["post-68138","post","type-post","status-publish","format-standard","has-post-thumbnail","hentry","category-noticias","category-solidaridad"],"acf":[],"_links":{"self":[{"href":"https:\/\/l21.mx\/index.php?rest_route=\/wp\/v2\/posts\/68138","targetHints":{"allow":["GET"]}}],"collection":[{"href":"https:\/\/l21.mx\/index.php?rest_route=\/wp\/v2\/posts"}],"about":[{"href":"https:\/\/l21.mx\/index.php?rest_route=\/wp\/v2\/types\/post"}],"author":[{"embeddable":true,"href":"https:\/\/l21.mx\/index.php?rest_route=\/wp\/v2\/users\/100"}],"replies":[{"embeddable":true,"href":"https:\/\/l21.mx\/index.php?rest_route=%2Fwp%2Fv2%2Fcomments&post=68138"}],"version-history":[{"count":0,"href":"https:\/\/l21.mx\/index.php?rest_route=\/wp\/v2\/posts\/68138\/revisions"}],"wp:featuredmedia":[{"embeddable":true,"href":"https:\/\/l21.mx\/index.php?rest_route=\/wp\/v2\/media\/68140"}],"wp:attachment":[{"href":"https:\/\/l21.mx\/index.php?rest_route=%2Fwp%2Fv2%2Fmedia&parent=68138"}],"wp:term":[{"taxonomy":"category","embeddable":true,"href":"https:\/\/l21.mx\/index.php?rest_route=%2Fwp%2Fv2%2Fcategories&post=68138"},{"taxonomy":"post_tag","embeddable":true,"href":"https:\/\/l21.mx\/index.php?rest_route=%2Fwp%2Fv2%2Ftags&post=68138"}],"curies":[{"name":"wp","href":"https:\/\/api.w.org\/{rel}","templated":true}]}}