{"id":68147,"date":"2024-01-22T15:36:57","date_gmt":"2024-01-22T20:36:57","guid":{"rendered":"https:\/\/l21.mx\/?p=68147"},"modified":"2024-01-22T15:36:57","modified_gmt":"2024-01-22T20:36:57","slug":"impulsan-las-bellas-artes-en-solidaridad-con-visitando-mi-instituto","status":"publish","type":"post","link":"https:\/\/l21.mx\/?p=68147","title":{"rendered":"Impulsan las bellas artes en Solidaridad con \u00abVisitando mi Instituto\u00bb"},"content":{"rendered":"<p>&nbsp;<\/p>\n<p>\u2022 Una iniciativa para despertar el amor por las bellas artes en alumnos de educaci\u00f3n b\u00e1sica, que visitar\u00e1n las instalaciones del IMCAS y del Teatro de la Ciudad<\/p>\n<p><a href=\"https:\/\/l21.mx\/wp-content\/uploads\/2024\/01\/WhatsApp-Image-2024-01-22-at-3.33.45-PM.jpeg\" data-rel=\"penci-gallery-image-content\" ><img fetchpriority=\"high\" decoding=\"async\" class=\"alignnone size-medium wp-image-68150\" src=\"https:\/\/l21.mx\/wp-content\/uploads\/2024\/01\/WhatsApp-Image-2024-01-22-at-3.33.45-PM-300x200.jpeg\" alt=\"\" width=\"300\" height=\"200\" srcset=\"https:\/\/l21.mx\/wp-content\/uploads\/2024\/01\/WhatsApp-Image-2024-01-22-at-3.33.45-PM-300x200.jpeg 300w, https:\/\/l21.mx\/wp-content\/uploads\/2024\/01\/WhatsApp-Image-2024-01-22-at-3.33.45-PM-1024x681.jpeg 1024w, https:\/\/l21.mx\/wp-content\/uploads\/2024\/01\/WhatsApp-Image-2024-01-22-at-3.33.45-PM-768x511.jpeg 768w, https:\/\/l21.mx\/wp-content\/uploads\/2024\/01\/WhatsApp-Image-2024-01-22-at-3.33.45-PM-1536x1021.jpeg 1536w, https:\/\/l21.mx\/wp-content\/uploads\/2024\/01\/WhatsApp-Image-2024-01-22-at-3.33.45-PM-1170x778.jpeg 1170w, https:\/\/l21.mx\/wp-content\/uploads\/2024\/01\/WhatsApp-Image-2024-01-22-at-3.33.45-PM-585x389.jpeg 585w, https:\/\/l21.mx\/wp-content\/uploads\/2024\/01\/WhatsApp-Image-2024-01-22-at-3.33.45-PM-263x175.jpeg 263w, https:\/\/l21.mx\/wp-content\/uploads\/2024\/01\/WhatsApp-Image-2024-01-22-at-3.33.45-PM.jpeg 1600w\" sizes=\"(max-width: 300px) 100vw, 300px\" \/><\/a><\/p>\n<p>Playa del Carmen, Solidaridad, 22 de enero del 2024.- El programa \u00abVisitando mi Instituto\u201d es una iniciativa para despertar el inter\u00e9s y el amor por las disciplinas de las bellas artes entre las y los ni\u00f1os, con que el gobierno municipal dirigido por Lili Campos busca dar a conocer las oportunidades de aprendizaje disponibles en el Centro Cultural.<\/p>\n<p>El director del Instituto Municipal de la Cultura y las Artes (IMCAS) Francisco Reyes Marroqu\u00edn anunci\u00f3 que el programa iniciar\u00e1 el 24 de enero con la escuela primaria Cecilio Chi. El programa se llevar\u00e1 a cabo cada mi\u00e9rcoles y los alumnos visitar\u00e1n el Instituto y el Teatro de la Ciudad.<\/p>\n<p><a href=\"https:\/\/l21.mx\/wp-content\/uploads\/2024\/01\/WhatsApp-Image-2024-01-22-at-3.33.43-PM.jpeg\" data-rel=\"penci-gallery-image-content\" ><img decoding=\"async\" class=\"alignnone size-medium wp-image-68151\" src=\"https:\/\/l21.mx\/wp-content\/uploads\/2024\/01\/WhatsApp-Image-2024-01-22-at-3.33.43-PM-300x200.jpeg\" alt=\"\" width=\"300\" height=\"200\" srcset=\"https:\/\/l21.mx\/wp-content\/uploads\/2024\/01\/WhatsApp-Image-2024-01-22-at-3.33.43-PM-300x200.jpeg 300w, https:\/\/l21.mx\/wp-content\/uploads\/2024\/01\/WhatsApp-Image-2024-01-22-at-3.33.43-PM-1024x681.jpeg 1024w, https:\/\/l21.mx\/wp-content\/uploads\/2024\/01\/WhatsApp-Image-2024-01-22-at-3.33.43-PM-768x511.jpeg 768w, https:\/\/l21.mx\/wp-content\/uploads\/2024\/01\/WhatsApp-Image-2024-01-22-at-3.33.43-PM-1536x1021.jpeg 1536w, https:\/\/l21.mx\/wp-content\/uploads\/2024\/01\/WhatsApp-Image-2024-01-22-at-3.33.43-PM-1170x778.jpeg 1170w, https:\/\/l21.mx\/wp-content\/uploads\/2024\/01\/WhatsApp-Image-2024-01-22-at-3.33.43-PM-585x389.jpeg 585w, https:\/\/l21.mx\/wp-content\/uploads\/2024\/01\/WhatsApp-Image-2024-01-22-at-3.33.43-PM-263x175.jpeg 263w, https:\/\/l21.mx\/wp-content\/uploads\/2024\/01\/WhatsApp-Image-2024-01-22-at-3.33.43-PM.jpeg 1600w\" sizes=\"(max-width: 300px) 100vw, 300px\" \/><\/a><\/p>\n<p>Durante el recorrido, los estudiantes har\u00e1n varias paradas para disfrutar de exposiciones relacionadas con distintas disciplinas art\u00edsticas, incluyendo danza, artes pl\u00e1sticas, m\u00fasica, y una visita a la secci\u00f3n de culturas populares con una peque\u00f1a ceremonia maya.<\/p>\n<p>Finalizar\u00e1 en el Teatro de la Ciudad donde se impartir\u00e1n conocimientos de los elementos principales como: el audio, la luz y los artistas. Cerrando con una obra de alto nivel dise\u00f1ada especialmente para los ni\u00f1os.<\/p>\n<p><a href=\"https:\/\/l21.mx\/wp-content\/uploads\/2024\/01\/WhatsApp-Image-2024-01-22-at-3.33.44-PM.jpeg\" data-rel=\"penci-gallery-image-content\" ><img decoding=\"async\" class=\"alignnone size-medium wp-image-68148\" src=\"https:\/\/l21.mx\/wp-content\/uploads\/2024\/01\/WhatsApp-Image-2024-01-22-at-3.33.44-PM-300x200.jpeg\" alt=\"\" width=\"300\" height=\"200\" srcset=\"https:\/\/l21.mx\/wp-content\/uploads\/2024\/01\/WhatsApp-Image-2024-01-22-at-3.33.44-PM-300x200.jpeg 300w, https:\/\/l21.mx\/wp-content\/uploads\/2024\/01\/WhatsApp-Image-2024-01-22-at-3.33.44-PM-1024x681.jpeg 1024w, https:\/\/l21.mx\/wp-content\/uploads\/2024\/01\/WhatsApp-Image-2024-01-22-at-3.33.44-PM-768x511.jpeg 768w, https:\/\/l21.mx\/wp-content\/uploads\/2024\/01\/WhatsApp-Image-2024-01-22-at-3.33.44-PM-1536x1021.jpeg 1536w, https:\/\/l21.mx\/wp-content\/uploads\/2024\/01\/WhatsApp-Image-2024-01-22-at-3.33.44-PM-1170x778.jpeg 1170w, https:\/\/l21.mx\/wp-content\/uploads\/2024\/01\/WhatsApp-Image-2024-01-22-at-3.33.44-PM-585x389.jpeg 585w, https:\/\/l21.mx\/wp-content\/uploads\/2024\/01\/WhatsApp-Image-2024-01-22-at-3.33.44-PM-263x175.jpeg 263w, https:\/\/l21.mx\/wp-content\/uploads\/2024\/01\/WhatsApp-Image-2024-01-22-at-3.33.44-PM.jpeg 1600w\" sizes=\"(max-width: 300px) 100vw, 300px\" \/><\/a><\/p>\n<p>Por su parte, la coordinadora de \u00abVisitando mi Instituto\u00bb Consuelo del Toro explic\u00f3 que la primera etapa del proyecto se llevar\u00e1 a cabo en los turnos matutinos de las escuelas p\u00fablicas de nivel b\u00e1sico, en horarios de 9:00 a 11:30 a.m. En la segunda fase, se extender\u00e1 a los alumnos del turno vespertino, de 3:00 a 6:00 p.m.<\/p>\n<p>La coordinadora destac\u00f3 que, los estudiantes contar\u00e1n con transporte de ida y vuelta sin ning\u00fan costo. En cada visita se recibir\u00e1n entre 180 y 200 alumnos. Este proyecto estar\u00e1 respaldado por las Secretar\u00eda de Protecci\u00f3n Civil y de Seguridad P\u00fablica, quienes brindar\u00e1n asistencia durante todo el recorrido.<\/p>\n<p>Por \u00faltimo, subray\u00f3 que entre los artistas participantes incluyen cantantes, pintores, bailarines, m\u00fasicos, artistas prehisp\u00e1nicos, acr\u00f3batas, actores, maestro de lengua maya y maestros de los talleres del IMCAS, sumando un total de alrededor de 50 artistas profesionales. Adem\u00e1s, el personal del instituto se desempe\u00f1ar\u00e1 como STAFF.<\/p>\n","protected":false},"excerpt":{"rendered":"<p>&nbsp; \u2022 Una iniciativa para despertar el amor por las bellas artes en alumnos de educaci\u00f3n&hellip;<\/p>\n","protected":false},"author":100,"featured_media":68149,"comment_status":"closed","ping_status":"closed","sticky":false,"template":"","format":"standard","meta":{"_acf_changed":false,"_lmt_disableupdate":"","_lmt_disable":"","_mbp_gutenberg_autopost":false,"footnotes":""},"categories":[1654],"tags":[],"class_list":["post-68147","post","type-post","status-publish","format-standard","has-post-thumbnail","hentry","category-solidaridad"],"acf":[],"_links":{"self":[{"href":"https:\/\/l21.mx\/index.php?rest_route=\/wp\/v2\/posts\/68147","targetHints":{"allow":["GET"]}}],"collection":[{"href":"https:\/\/l21.mx\/index.php?rest_route=\/wp\/v2\/posts"}],"about":[{"href":"https:\/\/l21.mx\/index.php?rest_route=\/wp\/v2\/types\/post"}],"author":[{"embeddable":true,"href":"https:\/\/l21.mx\/index.php?rest_route=\/wp\/v2\/users\/100"}],"replies":[{"embeddable":true,"href":"https:\/\/l21.mx\/index.php?rest_route=%2Fwp%2Fv2%2Fcomments&post=68147"}],"version-history":[{"count":0,"href":"https:\/\/l21.mx\/index.php?rest_route=\/wp\/v2\/posts\/68147\/revisions"}],"wp:featuredmedia":[{"embeddable":true,"href":"https:\/\/l21.mx\/index.php?rest_route=\/wp\/v2\/media\/68149"}],"wp:attachment":[{"href":"https:\/\/l21.mx\/index.php?rest_route=%2Fwp%2Fv2%2Fmedia&parent=68147"}],"wp:term":[{"taxonomy":"category","embeddable":true,"href":"https:\/\/l21.mx\/index.php?rest_route=%2Fwp%2Fv2%2Fcategories&post=68147"},{"taxonomy":"post_tag","embeddable":true,"href":"https:\/\/l21.mx\/index.php?rest_route=%2Fwp%2Fv2%2Ftags&post=68147"}],"curies":[{"name":"wp","href":"https:\/\/api.w.org\/{rel}","templated":true}]}}