{"id":68169,"date":"2024-01-23T18:48:21","date_gmt":"2024-01-23T23:48:21","guid":{"rendered":"https:\/\/l21.mx\/?p=68169"},"modified":"2024-01-23T18:48:21","modified_gmt":"2024-01-23T23:48:21","slug":"acercaron-vacantes-de-trabajo-en-la-colonia-ejidal","status":"publish","type":"post","link":"https:\/\/l21.mx\/?p=68169","title":{"rendered":"Acercaron vacantes de trabajo en la colonia Ejidal"},"content":{"rendered":"<p>&nbsp;<\/p>\n<p>&#8211; En esta edici\u00f3n participaron 32 empresas con un total de mil 609 vacantes<\/p>\n<p><a href=\"https:\/\/l21.mx\/wp-content\/uploads\/2024\/01\/WhatsApp-Image-2024-01-23-at-2.13.33-PM.jpeg\" data-rel=\"penci-gallery-image-content\" ><img fetchpriority=\"high\" decoding=\"async\" class=\"alignnone size-medium wp-image-68171\" src=\"https:\/\/l21.mx\/wp-content\/uploads\/2024\/01\/WhatsApp-Image-2024-01-23-at-2.13.33-PM-300x200.jpeg\" alt=\"\" width=\"300\" height=\"200\" srcset=\"https:\/\/l21.mx\/wp-content\/uploads\/2024\/01\/WhatsApp-Image-2024-01-23-at-2.13.33-PM-300x200.jpeg 300w, https:\/\/l21.mx\/wp-content\/uploads\/2024\/01\/WhatsApp-Image-2024-01-23-at-2.13.33-PM-1024x682.jpeg 1024w, https:\/\/l21.mx\/wp-content\/uploads\/2024\/01\/WhatsApp-Image-2024-01-23-at-2.13.33-PM-768x512.jpeg 768w, https:\/\/l21.mx\/wp-content\/uploads\/2024\/01\/WhatsApp-Image-2024-01-23-at-2.13.33-PM-1170x780.jpeg 1170w, https:\/\/l21.mx\/wp-content\/uploads\/2024\/01\/WhatsApp-Image-2024-01-23-at-2.13.33-PM-585x390.jpeg 585w, https:\/\/l21.mx\/wp-content\/uploads\/2024\/01\/WhatsApp-Image-2024-01-23-at-2.13.33-PM-263x175.jpeg 263w, https:\/\/l21.mx\/wp-content\/uploads\/2024\/01\/WhatsApp-Image-2024-01-23-at-2.13.33-PM.jpeg 1280w\" sizes=\"(max-width: 300px) 100vw, 300px\" \/><\/a><\/p>\n<p>Playa del Carmen, Solidaridad a 23 de enero del 2024.- En un esfuerzo permanente, promoviendo el empleo y el fortalecimiento de la econom\u00eda local, el gobierno municipal que lidera Lili Campos llev\u00f3 a cabo en la colonia Ejidal la 32\u00aa Feria del Empleo y Servicios Laborales, ofertando 1 mil 609 vacantes a trav\u00e9s de 32 empresas registradas en el servicio municipal de empleo.<\/p>\n<p>Esta es la primera feria del empleo del presente a\u00f1o, que acerca oportunidades laborales a la comunidad, llevada a cabo bajo la direcci\u00f3n de Yuri Mayorga, directora del Trabajo y Promoci\u00f3n del Empleo en este municipio, quien asegur\u00f3 que en cada feria mensual \u201cse ofertan trabajos formales, mejorando el sustento de la familia y desempe\u00f1ando un papel crucial en la reactivaci\u00f3n econ\u00f3mica de la regi\u00f3n\u00bb, afirm\u00f3 Mayorga.<\/p>\n<p><a href=\"https:\/\/l21.mx\/wp-content\/uploads\/2024\/01\/WhatsApp-Image-2024-01-23-at-2.13.34-PM.jpeg\" data-rel=\"penci-gallery-image-content\" ><img decoding=\"async\" class=\"alignnone size-medium wp-image-68172\" src=\"https:\/\/l21.mx\/wp-content\/uploads\/2024\/01\/WhatsApp-Image-2024-01-23-at-2.13.34-PM-300x200.jpeg\" alt=\"\" width=\"300\" height=\"200\" srcset=\"https:\/\/l21.mx\/wp-content\/uploads\/2024\/01\/WhatsApp-Image-2024-01-23-at-2.13.34-PM-300x200.jpeg 300w, https:\/\/l21.mx\/wp-content\/uploads\/2024\/01\/WhatsApp-Image-2024-01-23-at-2.13.34-PM-1024x682.jpeg 1024w, https:\/\/l21.mx\/wp-content\/uploads\/2024\/01\/WhatsApp-Image-2024-01-23-at-2.13.34-PM-768x512.jpeg 768w, https:\/\/l21.mx\/wp-content\/uploads\/2024\/01\/WhatsApp-Image-2024-01-23-at-2.13.34-PM-1170x780.jpeg 1170w, https:\/\/l21.mx\/wp-content\/uploads\/2024\/01\/WhatsApp-Image-2024-01-23-at-2.13.34-PM-585x390.jpeg 585w, https:\/\/l21.mx\/wp-content\/uploads\/2024\/01\/WhatsApp-Image-2024-01-23-at-2.13.34-PM-263x175.jpeg 263w, https:\/\/l21.mx\/wp-content\/uploads\/2024\/01\/WhatsApp-Image-2024-01-23-at-2.13.34-PM.jpeg 1280w\" sizes=\"(max-width: 300px) 100vw, 300px\" \/><\/a><\/p>\n<p>En esta edici\u00f3n participaron 32 empresas, comprometidas a ofrecer todas las prestaciones establecidas por la ley. El evento cont\u00f3 con un total de 1,609 vacantes disponibles, abarcando sectores como hoteles, restaurantes, empresas de seguridad, y tiendas departamentales.<\/p>\n<p>Entre los participantes destacaron la Junta de Conciliaci\u00f3n Municipal, proporcionando informaci\u00f3n sobre la obtenci\u00f3n de la cartilla militar, y la Fiscal\u00eda General del Estado, tramitando antecedentes penales para los interesados.<\/p>\n<p>Yuri Mayorga puntualiz\u00f3 que tambi\u00e9n se organizan ferias para personas con capacidades diferentes y adultos mayores, ferias juveniles ofertando iniciativas como \u00abMi Primer Empleo\u00bb, organizada en colaboraci\u00f3n con el Instituto de la Juventud.<\/p>\n<p>Concluy\u00f3 diciendo que en las oficinas de la direcci\u00f3n del trabajo en la avenida1ra Sur con av. 20 hay una bolsa de trabajo actualizada todos los d\u00edas, con vacantes disponibles.<\/p>\n","protected":false},"excerpt":{"rendered":"<p>&nbsp; &#8211; En esta edici\u00f3n participaron 32 empresas con un total de mil 609 vacantes Playa&hellip;<\/p>\n","protected":false},"author":100,"featured_media":68170,"comment_status":"closed","ping_status":"closed","sticky":false,"template":"","format":"standard","meta":{"_acf_changed":false,"_lmt_disableupdate":"","_lmt_disable":"","_mbp_gutenberg_autopost":false,"footnotes":""},"categories":[1654],"tags":[],"class_list":["post-68169","post","type-post","status-publish","format-standard","has-post-thumbnail","hentry","category-solidaridad"],"acf":[],"_links":{"self":[{"href":"https:\/\/l21.mx\/index.php?rest_route=\/wp\/v2\/posts\/68169","targetHints":{"allow":["GET"]}}],"collection":[{"href":"https:\/\/l21.mx\/index.php?rest_route=\/wp\/v2\/posts"}],"about":[{"href":"https:\/\/l21.mx\/index.php?rest_route=\/wp\/v2\/types\/post"}],"author":[{"embeddable":true,"href":"https:\/\/l21.mx\/index.php?rest_route=\/wp\/v2\/users\/100"}],"replies":[{"embeddable":true,"href":"https:\/\/l21.mx\/index.php?rest_route=%2Fwp%2Fv2%2Fcomments&post=68169"}],"version-history":[{"count":0,"href":"https:\/\/l21.mx\/index.php?rest_route=\/wp\/v2\/posts\/68169\/revisions"}],"wp:featuredmedia":[{"embeddable":true,"href":"https:\/\/l21.mx\/index.php?rest_route=\/wp\/v2\/media\/68170"}],"wp:attachment":[{"href":"https:\/\/l21.mx\/index.php?rest_route=%2Fwp%2Fv2%2Fmedia&parent=68169"}],"wp:term":[{"taxonomy":"category","embeddable":true,"href":"https:\/\/l21.mx\/index.php?rest_route=%2Fwp%2Fv2%2Fcategories&post=68169"},{"taxonomy":"post_tag","embeddable":true,"href":"https:\/\/l21.mx\/index.php?rest_route=%2Fwp%2Fv2%2Ftags&post=68169"}],"curies":[{"name":"wp","href":"https:\/\/api.w.org\/{rel}","templated":true}]}}