{"id":68176,"date":"2024-01-23T18:50:36","date_gmt":"2024-01-23T23:50:36","guid":{"rendered":"https:\/\/l21.mx\/?p=68176"},"modified":"2024-01-23T18:50:36","modified_gmt":"2024-01-23T23:50:36","slug":"mara-lezama-presenta-ante-omt-avances-de-la-agenda-2030-y-entrega-resultados-del-codigo-internacional-de-proteccion-a-turistas","status":"publish","type":"post","link":"https:\/\/l21.mx\/?p=68176","title":{"rendered":"Mara Lezama presenta ante OMT avances de la Agenda 2030 y entrega resultados del C\u00f3digo Internacional de Protecci\u00f3n a Turistas"},"content":{"rendered":"<p>&nbsp;<\/p>\n<p>-Reconoce la OMT a la Gobernadora por las acciones en materia de seguridad tur\u00edstica y lo considera ejemplo para compartir sus experiencias con otros destinos tur\u00edsticos<\/p>\n<p><a href=\"https:\/\/l21.mx\/wp-content\/uploads\/2024\/01\/WhatsApp-Image-2024-01-23-at-2.46.17-PM.jpeg\" data-rel=\"penci-gallery-image-content\" ><img fetchpriority=\"high\" decoding=\"async\" class=\"alignnone size-medium wp-image-68178\" src=\"https:\/\/l21.mx\/wp-content\/uploads\/2024\/01\/WhatsApp-Image-2024-01-23-at-2.46.17-PM-300x200.jpeg\" alt=\"\" width=\"300\" height=\"200\" srcset=\"https:\/\/l21.mx\/wp-content\/uploads\/2024\/01\/WhatsApp-Image-2024-01-23-at-2.46.17-PM-300x200.jpeg 300w, https:\/\/l21.mx\/wp-content\/uploads\/2024\/01\/WhatsApp-Image-2024-01-23-at-2.46.17-PM-1024x682.jpeg 1024w, https:\/\/l21.mx\/wp-content\/uploads\/2024\/01\/WhatsApp-Image-2024-01-23-at-2.46.17-PM-768x512.jpeg 768w, https:\/\/l21.mx\/wp-content\/uploads\/2024\/01\/WhatsApp-Image-2024-01-23-at-2.46.17-PM-1536x1023.jpeg 1536w, https:\/\/l21.mx\/wp-content\/uploads\/2024\/01\/WhatsApp-Image-2024-01-23-at-2.46.17-PM-1170x780.jpeg 1170w, https:\/\/l21.mx\/wp-content\/uploads\/2024\/01\/WhatsApp-Image-2024-01-23-at-2.46.17-PM-585x390.jpeg 585w, https:\/\/l21.mx\/wp-content\/uploads\/2024\/01\/WhatsApp-Image-2024-01-23-at-2.46.17-PM-263x175.jpeg 263w, https:\/\/l21.mx\/wp-content\/uploads\/2024\/01\/WhatsApp-Image-2024-01-23-at-2.46.17-PM.jpeg 1600w\" sizes=\"(max-width: 300px) 100vw, 300px\" \/><\/a><\/p>\n<p>-Quintana Roo en su calidad de miembro afiliado de la OMT, mantiene una coordinaci\u00f3n a trav\u00e9s de pol\u00edticas p\u00fablicas orientadas a la seguridad tur\u00edstica, la sostenibilidad y la diversificaci\u00f3n de los destinos tur\u00edsticos del Caribe Mexicano<\/p>\n<p>Madrid.- Al participar en la reuni\u00f3n de la Organizaci\u00f3n Mundial del Turismo (OMT), la gobernadora Mara Lezama Espinosa inform\u00f3 que hay avances en la Agenda 2030, a trav\u00e9s de un Plan Maestro de Turismo Sustentable, y entreg\u00f3 un Informe de resultados del C\u00f3digo Internacional para la Protecci\u00f3n de Turistas, acciones que fueron reconocidas como ejemplo de otros destinos.<\/p>\n<p><a href=\"https:\/\/l21.mx\/wp-content\/uploads\/2024\/01\/WhatsApp-Image-2024-01-23-at-2.46.18-PM-1.jpeg\" data-rel=\"penci-gallery-image-content\" ><img decoding=\"async\" class=\"alignnone size-medium wp-image-68180\" src=\"https:\/\/l21.mx\/wp-content\/uploads\/2024\/01\/WhatsApp-Image-2024-01-23-at-2.46.18-PM-1-300x200.jpeg\" alt=\"\" width=\"300\" height=\"200\" srcset=\"https:\/\/l21.mx\/wp-content\/uploads\/2024\/01\/WhatsApp-Image-2024-01-23-at-2.46.18-PM-1-300x200.jpeg 300w, https:\/\/l21.mx\/wp-content\/uploads\/2024\/01\/WhatsApp-Image-2024-01-23-at-2.46.18-PM-1-1024x682.jpeg 1024w, https:\/\/l21.mx\/wp-content\/uploads\/2024\/01\/WhatsApp-Image-2024-01-23-at-2.46.18-PM-1-768x512.jpeg 768w, https:\/\/l21.mx\/wp-content\/uploads\/2024\/01\/WhatsApp-Image-2024-01-23-at-2.46.18-PM-1-1536x1023.jpeg 1536w, https:\/\/l21.mx\/wp-content\/uploads\/2024\/01\/WhatsApp-Image-2024-01-23-at-2.46.18-PM-1-1170x780.jpeg 1170w, https:\/\/l21.mx\/wp-content\/uploads\/2024\/01\/WhatsApp-Image-2024-01-23-at-2.46.18-PM-1-585x390.jpeg 585w, https:\/\/l21.mx\/wp-content\/uploads\/2024\/01\/WhatsApp-Image-2024-01-23-at-2.46.18-PM-1-263x175.jpeg 263w, https:\/\/l21.mx\/wp-content\/uploads\/2024\/01\/WhatsApp-Image-2024-01-23-at-2.46.18-PM-1.jpeg 1600w\" sizes=\"(max-width: 300px) 100vw, 300px\" \/><\/a><\/p>\n<p>\u201cLes informo que bajo el Nuevo Acuerdo por el Bienestar y Desarrollo de Quintana Roo hay avances en la Agenda 2030, a trav\u00e9s de un Plan Maestro de Turismo Sustentable, con pol\u00edticas sociales, turismo sustentable y nuestro compromiso con el C\u00f3digo Internacional para la Protecci\u00f3n de Turistas, con progresos verdaderos y acciones concretas, como son: Guest Assist, Guest Locator y la Mesa de Seguridad Tur\u00edstica, indic\u00f3 la Gobernadora.<\/p>\n<p>El Secretario General de la OMT Zurab Poloikashvili reconoci\u00f3 los avances en materia de seguridad con una importante inversi\u00f3n que se realiza en Quintana Roo y que puede servir de ejemplo en otros destinos ya que aplican acciones en normas, c\u00f3digos de hospitalidad y acciones a favor de promover el turismo como lo hace a Quintana Roo para preservar, empoderen y visibilicen la herencia cultural.<\/p>\n<p><a href=\"https:\/\/l21.mx\/wp-content\/uploads\/2024\/01\/WhatsApp-Image-2024-01-23-at-2.46.18-PM.jpeg\" data-rel=\"penci-gallery-image-content\" ><img decoding=\"async\" class=\"alignnone size-medium wp-image-68179\" src=\"https:\/\/l21.mx\/wp-content\/uploads\/2024\/01\/WhatsApp-Image-2024-01-23-at-2.46.18-PM-300x200.jpeg\" alt=\"\" width=\"300\" height=\"200\" srcset=\"https:\/\/l21.mx\/wp-content\/uploads\/2024\/01\/WhatsApp-Image-2024-01-23-at-2.46.18-PM-300x200.jpeg 300w, https:\/\/l21.mx\/wp-content\/uploads\/2024\/01\/WhatsApp-Image-2024-01-23-at-2.46.18-PM-1024x682.jpeg 1024w, https:\/\/l21.mx\/wp-content\/uploads\/2024\/01\/WhatsApp-Image-2024-01-23-at-2.46.18-PM-768x512.jpeg 768w, https:\/\/l21.mx\/wp-content\/uploads\/2024\/01\/WhatsApp-Image-2024-01-23-at-2.46.18-PM-1536x1023.jpeg 1536w, https:\/\/l21.mx\/wp-content\/uploads\/2024\/01\/WhatsApp-Image-2024-01-23-at-2.46.18-PM-1170x780.jpeg 1170w, https:\/\/l21.mx\/wp-content\/uploads\/2024\/01\/WhatsApp-Image-2024-01-23-at-2.46.18-PM-585x390.jpeg 585w, https:\/\/l21.mx\/wp-content\/uploads\/2024\/01\/WhatsApp-Image-2024-01-23-at-2.46.18-PM-263x175.jpeg 263w, https:\/\/l21.mx\/wp-content\/uploads\/2024\/01\/WhatsApp-Image-2024-01-23-at-2.46.18-PM.jpeg 1600w\" sizes=\"(max-width: 300px) 100vw, 300px\" \/><\/a><\/p>\n<p>La gobernadora Mara Lezama, invit\u00f3 al secretario general de la OMT Zurab Pololikashvili de a visitar Quintana Roo en el marco de los Premios Platino y coincidieron en integrar un foro para compartir experiencias diversas con especialistas en materia tur\u00edstica.<\/p>\n<p>Las autoridades explicaron que en 2023, Quintana Roo se adhiri\u00f3 en calidad de miembro afiliado a la OMT, al C\u00f3digo Internacional para la Protecci\u00f3n de los Turistas, que tiene por objeto apoyar la recuperaci\u00f3n del sector tur\u00edstico y restablecer la confianza mediante la preparaci\u00f3n y armonizaci\u00f3n de normas y garant\u00edas para la protecci\u00f3n de los turistas internacionales en el mundo.<\/p>\n<p>Participaron el Embajador y Director del Departamento de Miembros Afiliados de la OMT, Ion Vilcu; y el Director Regional para las Am\u00e9ricas de la OMT, Gustavo Santos, as\u00ed como el secretario de Turismo, Bernardo Cueto Riestra y el director del Consejo de Promoci\u00f3n Tur\u00edstica de Quintana Roo, Andr\u00e9s Mart\u00ednez Reynoso.<\/p>\n","protected":false},"excerpt":{"rendered":"<p>&nbsp; -Reconoce la OMT a la Gobernadora por las acciones en materia de seguridad tur\u00edstica y&hellip;<\/p>\n","protected":false},"author":100,"featured_media":68177,"comment_status":"closed","ping_status":"closed","sticky":false,"template":"","format":"standard","meta":{"_acf_changed":false,"_lmt_disableupdate":"","_lmt_disable":"","_mbp_gutenberg_autopost":false,"footnotes":""},"categories":[23,1656],"tags":[],"class_list":["post-68176","post","type-post","status-publish","format-standard","has-post-thumbnail","hentry","category-noticias","category-quintana-roo"],"acf":[],"_links":{"self":[{"href":"https:\/\/l21.mx\/index.php?rest_route=\/wp\/v2\/posts\/68176","targetHints":{"allow":["GET"]}}],"collection":[{"href":"https:\/\/l21.mx\/index.php?rest_route=\/wp\/v2\/posts"}],"about":[{"href":"https:\/\/l21.mx\/index.php?rest_route=\/wp\/v2\/types\/post"}],"author":[{"embeddable":true,"href":"https:\/\/l21.mx\/index.php?rest_route=\/wp\/v2\/users\/100"}],"replies":[{"embeddable":true,"href":"https:\/\/l21.mx\/index.php?rest_route=%2Fwp%2Fv2%2Fcomments&post=68176"}],"version-history":[{"count":0,"href":"https:\/\/l21.mx\/index.php?rest_route=\/wp\/v2\/posts\/68176\/revisions"}],"wp:featuredmedia":[{"embeddable":true,"href":"https:\/\/l21.mx\/index.php?rest_route=\/wp\/v2\/media\/68177"}],"wp:attachment":[{"href":"https:\/\/l21.mx\/index.php?rest_route=%2Fwp%2Fv2%2Fmedia&parent=68176"}],"wp:term":[{"taxonomy":"category","embeddable":true,"href":"https:\/\/l21.mx\/index.php?rest_route=%2Fwp%2Fv2%2Fcategories&post=68176"},{"taxonomy":"post_tag","embeddable":true,"href":"https:\/\/l21.mx\/index.php?rest_route=%2Fwp%2Fv2%2Ftags&post=68176"}],"curies":[{"name":"wp","href":"https:\/\/api.w.org\/{rel}","templated":true}]}}