{"id":68392,"date":"2024-01-30T13:27:06","date_gmt":"2024-01-30T18:27:06","guid":{"rendered":"https:\/\/l21.mx\/?p=68392"},"modified":"2024-01-30T13:27:06","modified_gmt":"2024-01-30T18:27:06","slug":"marybel-villegas-protege-a-los-trabajadores-de-quintana-roo","status":"publish","type":"post","link":"https:\/\/l21.mx\/?p=68392","title":{"rendered":"Marybel Villegas protege a los trabajadores de Quintana Roo"},"content":{"rendered":"<p>&nbsp;<\/p>\n<p>Canc\u00fan, Quintana Roo, a 30 de enero de 2024.- La senadora de Morena por Quintana Roo Marybel Villegas Canch\u00e9, en breve iniciar\u00e1 el \u00faltimo periodo ordinario de sesiones de la Legislatura del Senado de la Rep\u00fablica, donde impulsar\u00e1 diversas iniciativas que protegen los derechos de los trabajadores en M\u00e9xico, especialmente en Quintana Roo.<\/p>\n<p><a href=\"https:\/\/l21.mx\/wp-content\/uploads\/2024\/01\/WhatsApp-Image-2024-01-30-at-1.20.11-PM.jpeg\" data-rel=\"penci-gallery-image-content\" ><img fetchpriority=\"high\" decoding=\"async\" class=\"alignnone size-medium wp-image-68394\" src=\"https:\/\/l21.mx\/wp-content\/uploads\/2024\/01\/WhatsApp-Image-2024-01-30-at-1.20.11-PM-300x200.jpeg\" alt=\"\" width=\"300\" height=\"200\" srcset=\"https:\/\/l21.mx\/wp-content\/uploads\/2024\/01\/WhatsApp-Image-2024-01-30-at-1.20.11-PM-300x200.jpeg 300w, https:\/\/l21.mx\/wp-content\/uploads\/2024\/01\/WhatsApp-Image-2024-01-30-at-1.20.11-PM-1024x684.jpeg 1024w, https:\/\/l21.mx\/wp-content\/uploads\/2024\/01\/WhatsApp-Image-2024-01-30-at-1.20.11-PM-768x513.jpeg 768w, https:\/\/l21.mx\/wp-content\/uploads\/2024\/01\/WhatsApp-Image-2024-01-30-at-1.20.11-PM-1170x782.jpeg 1170w, https:\/\/l21.mx\/wp-content\/uploads\/2024\/01\/WhatsApp-Image-2024-01-30-at-1.20.11-PM-585x391.jpeg 585w, https:\/\/l21.mx\/wp-content\/uploads\/2024\/01\/WhatsApp-Image-2024-01-30-at-1.20.11-PM-263x175.jpeg 263w, https:\/\/l21.mx\/wp-content\/uploads\/2024\/01\/WhatsApp-Image-2024-01-30-at-1.20.11-PM.jpeg 1280w\" sizes=\"(max-width: 300px) 100vw, 300px\" \/><\/a><\/p>\n<p>\u201cComo Grupo Parlamentario tenemos el tema del Salario M\u00ednimo, que ya est\u00e1 establecido que cada vez que incremente la inflaci\u00f3n, incremente el salario m\u00ednimo, tenemos la Ley Silla, y por supuesto est\u00e1 en la mesa la reducci\u00f3n de la jornada laboral, que si bien est\u00e1 en C\u00e1mara de Diputados y se regres\u00f3 a las comisiones, yo soy de las que est\u00e1 a favor de reducirla de 48 a 40 horas a la semana, que se pague de lunes a viernes y el s\u00e1bado sean horas extras\u201d, agreg\u00f3 Marybel Villegas.<\/p>\n<p>\u201cYo creo que s\u00ed es viable, estoy a favor, lo he dicho en diversos espacios, creo que es un derecho de la clase trabajadora y un acto de justicia con ellos, el hecho de que trabajen de lunes a viernes y en los casos que tengan que trabajar en s\u00e1bado se les pague como horas extras, creo yo que todos los trabajadores de Quintana Roo dan m\u00e1s, m\u00e1s, creo que esa parte nunca se les ha recompensado y esta ser\u00eda una manera de hacerlo. S\u00e9 que hay voces en contra, pero con todo respeto, finalmente, Quintana Roo le ha dado mucho a todos, no solo a la clase trabajadora, a los empresarios, a los hoteleros, a los restauranteros, a todos y por eso creo que es un tema de justicia social\u201d, enfatiz\u00f3 la senadora Marybel Villegas Canch\u00e9.<\/p>\n<p>La legisladora insisti\u00f3 en que el \u00e9xito tur\u00edstico de Quintana Roo se debe a la calidez humana y hospitalidad con la que se desempe\u00f1an sus trabajadores, por lo que la reforma de la reducci\u00f3n de la jornada laboral ser\u00eda un acto de darle el valor que realmente se merecen, especialmente al sector del servicio, la atenci\u00f3n y el turismo.<\/p>\n","protected":false},"excerpt":{"rendered":"<p>&nbsp; Canc\u00fan, Quintana Roo, a 30 de enero de 2024.- La senadora de Morena por Quintana&hellip;<\/p>\n","protected":false},"author":100,"featured_media":68393,"comment_status":"closed","ping_status":"closed","sticky":false,"template":"","format":"standard","meta":{"_acf_changed":false,"_lmt_disableupdate":"","_lmt_disable":"","_mbp_gutenberg_autopost":false,"footnotes":""},"categories":[23,1656],"tags":[],"class_list":["post-68392","post","type-post","status-publish","format-standard","has-post-thumbnail","hentry","category-noticias","category-quintana-roo"],"acf":[],"_links":{"self":[{"href":"https:\/\/l21.mx\/index.php?rest_route=\/wp\/v2\/posts\/68392","targetHints":{"allow":["GET"]}}],"collection":[{"href":"https:\/\/l21.mx\/index.php?rest_route=\/wp\/v2\/posts"}],"about":[{"href":"https:\/\/l21.mx\/index.php?rest_route=\/wp\/v2\/types\/post"}],"author":[{"embeddable":true,"href":"https:\/\/l21.mx\/index.php?rest_route=\/wp\/v2\/users\/100"}],"replies":[{"embeddable":true,"href":"https:\/\/l21.mx\/index.php?rest_route=%2Fwp%2Fv2%2Fcomments&post=68392"}],"version-history":[{"count":0,"href":"https:\/\/l21.mx\/index.php?rest_route=\/wp\/v2\/posts\/68392\/revisions"}],"wp:featuredmedia":[{"embeddable":true,"href":"https:\/\/l21.mx\/index.php?rest_route=\/wp\/v2\/media\/68393"}],"wp:attachment":[{"href":"https:\/\/l21.mx\/index.php?rest_route=%2Fwp%2Fv2%2Fmedia&parent=68392"}],"wp:term":[{"taxonomy":"category","embeddable":true,"href":"https:\/\/l21.mx\/index.php?rest_route=%2Fwp%2Fv2%2Fcategories&post=68392"},{"taxonomy":"post_tag","embeddable":true,"href":"https:\/\/l21.mx\/index.php?rest_route=%2Fwp%2Fv2%2Ftags&post=68392"}],"curies":[{"name":"wp","href":"https:\/\/api.w.org\/{rel}","templated":true}]}}