{"id":6846,"date":"2014-04-04T18:09:27","date_gmt":"2014-04-05T00:09:27","guid":{"rendered":"http:\/\/innovatori.space\/lat21\/?p=6846"},"modified":"2014-04-04T18:09:27","modified_gmt":"2014-04-05T00:09:27","slug":"abre-interjet-ruta-mexico-puerto-escondido","status":"publish","type":"post","link":"https:\/\/l21.mx\/?p=6846","title":{"rendered":"ABRE INTERJET RUTA M\u00c9XICO-PUERTO ESCONDIDO"},"content":{"rendered":"<p><a href=\"http:\/\/l21.mx\/wp-content\/uploads\/2013\/12\/ABRE-INTERJET-NUEVA-RUTA-INTERNACIONAL.png\" data-rel=\"penci-gallery-image-content\" ><img fetchpriority=\"high\" decoding=\"async\" class=\"alignleft size-medium wp-image-5522\" title=\"ABRE INTERJET NUEVA RUTA INTERNACIONAL\" src=\"http:\/\/l21.mx\/wp-content\/uploads\/2013\/12\/ABRE-INTERJET-NUEVA-RUTA-INTERNACIONAL-300x199.png\" alt=\"\" width=\"300\" height=\"199\" srcset=\"https:\/\/l21.mx\/wp-content\/uploads\/2013\/12\/ABRE-INTERJET-NUEVA-RUTA-INTERNACIONAL-300x199.png 300w, https:\/\/l21.mx\/wp-content\/uploads\/2013\/12\/ABRE-INTERJET-NUEVA-RUTA-INTERNACIONAL-768x510.png 768w, https:\/\/l21.mx\/wp-content\/uploads\/2013\/12\/ABRE-INTERJET-NUEVA-RUTA-INTERNACIONAL-780x516.png 780w, https:\/\/l21.mx\/wp-content\/uploads\/2013\/12\/ABRE-INTERJET-NUEVA-RUTA-INTERNACIONAL-585x389.png 585w, https:\/\/l21.mx\/wp-content\/uploads\/2013\/12\/ABRE-INTERJET-NUEVA-RUTA-INTERNACIONAL-263x175.png 263w, https:\/\/l21.mx\/wp-content\/uploads\/2013\/12\/ABRE-INTERJET-NUEVA-RUTA-INTERNACIONAL.png 810w\" sizes=\"(max-width: 300px) 100vw, 300px\" \/><\/a><\/p>\n<p>Con el objetivo de fortalecer la actividad tur\u00edstica del pa\u00eds, Interjet<br \/>\nanunci\u00f3 que el pr\u00f3ximo 8 de mayo iniciar\u00e1 operaciones con la ruta<br \/>\nM\u00e9xico-Puerto Escondido.<\/p>\n<p>El Director General de Interjet, Jos\u00e9 Luis Garza, destac\u00f3 que el turismo es<br \/>\nuna actividad clave para M\u00e9xico, e Interjet est\u00e1 comprometido para que este<br \/>\nsector se consolide a nivel internacional, as\u00ed como contribuir con la<br \/>\neconom\u00eda del estado y del pa\u00eds.<\/p>\n<p>Dijo que adem\u00e1s de ser uno de los lugares m\u00e1s visitados por los turistas<br \/>\nmexicanos, las Playas de Oaxaca son conocidas a nivel internacional por la<br \/>\npr\u00e1ctica de surf y sostuvo que Oaxaca es un estado clave para el desarrollo<br \/>\ntur\u00edstico de M\u00e9xico.<\/p>\n<p>Para la ruta M\u00e9xico-Puerto Escondido, los vuelos partir\u00e1n del Aeropuerto<br \/>\nInternacional de la Ciudad de M\u00e9xico los lunes, jueves, viernes a las<br \/>\n12:00 horas y llegar\u00e1 a las 13:00 horas y el regreso ser\u00e1 a las 13:25 para<br \/>\naterrizar a las 14:35 y los domingos este vuelo saldr\u00e1 de la Cd. de M\u00e9xico a<br \/>\nlas 12:45 horas llegando 13:45 y regresara a las 14:10 aterrizando a las<br \/>\n15:20, horarios locales.<\/p>\n<p>Interjet utilizar\u00e1 uno de sus nuevos aviones Superjet 100, que ha demostrado<br \/>\nser la mejor aeronave para operar rutas de mediana densidad.<\/p>\n<p>En este nuevo vuelo, los pasajeros disfrutar\u00e1n de todos los servicios y<br \/>\ncomodidades de Interjet como, documentar hasta 50 kilos de equipaje en los<br \/>\ncuales puedes incluir equipo deportivo como tablas de Surff sin cargo<br \/>\nadicional. Asimismo la selecci\u00f3n de asiento, la impresi\u00f3n de pases de<br \/>\nabordar, los infantes menores de 1 a\u00f1o 11 meses, los menores de edad sin<br \/>\nacompa\u00f1ante y las mascotas, pueden viajar sin cargo extra; los adultos<br \/>\nmayores cuentan con un descuento permanente y todos nuestros aviones tienen<br \/>\nun ba\u00f1o exclusivo para mujeres.<\/p>\n<p>Por promoci\u00f3n, los boletos para esta ruta tendr\u00e1n una tarifa desde 1,900<br \/>\npesos en viaje sencillo con impuestos incluidos. Esta tarifa estar\u00e1 vigente<br \/>\na partir de hoy hasta el 18 de abril y podr\u00e1 utilizarse para viajar del 8 al<br \/>\n23 de mayo, no aplica con otras promociones, no aplica para grupos ni<br \/>\ntiempos l\u00edmites y el pago deber\u00e1 hacerse de inmediato. La promoci\u00f3n es<br \/>\nv\u00e1lida para Intertours y para todos los canales de venta Interjet.<\/p>\n","protected":false},"excerpt":{"rendered":"<p>Con el objetivo de fortalecer la actividad tur\u00edstica del pa\u00eds, Interjet anunci\u00f3 que el pr\u00f3ximo 8&hellip;<\/p>\n","protected":false},"author":2,"featured_media":0,"comment_status":"open","ping_status":"open","sticky":false,"template":"","format":"standard","meta":{"_acf_changed":false,"_lmt_disableupdate":"","_lmt_disable":"","_mbp_gutenberg_autopost":false,"footnotes":""},"categories":[23,8],"tags":[],"class_list":["post-6846","post","type-post","status-publish","format-standard","hentry","category-noticias","category-turismo"],"acf":[],"_links":{"self":[{"href":"https:\/\/l21.mx\/index.php?rest_route=\/wp\/v2\/posts\/6846","targetHints":{"allow":["GET"]}}],"collection":[{"href":"https:\/\/l21.mx\/index.php?rest_route=\/wp\/v2\/posts"}],"about":[{"href":"https:\/\/l21.mx\/index.php?rest_route=\/wp\/v2\/types\/post"}],"author":[{"embeddable":true,"href":"https:\/\/l21.mx\/index.php?rest_route=\/wp\/v2\/users\/2"}],"replies":[{"embeddable":true,"href":"https:\/\/l21.mx\/index.php?rest_route=%2Fwp%2Fv2%2Fcomments&post=6846"}],"version-history":[{"count":0,"href":"https:\/\/l21.mx\/index.php?rest_route=\/wp\/v2\/posts\/6846\/revisions"}],"wp:attachment":[{"href":"https:\/\/l21.mx\/index.php?rest_route=%2Fwp%2Fv2%2Fmedia&parent=6846"}],"wp:term":[{"taxonomy":"category","embeddable":true,"href":"https:\/\/l21.mx\/index.php?rest_route=%2Fwp%2Fv2%2Fcategories&post=6846"},{"taxonomy":"post_tag","embeddable":true,"href":"https:\/\/l21.mx\/index.php?rest_route=%2Fwp%2Fv2%2Ftags&post=6846"}],"curies":[{"name":"wp","href":"https:\/\/api.w.org\/{rel}","templated":true}]}}