{"id":6849,"date":"2014-04-04T18:14:28","date_gmt":"2014-04-05T00:14:28","guid":{"rendered":"http:\/\/innovatori.space\/lat21\/?p=6849"},"modified":"2014-04-07T20:24:01","modified_gmt":"2014-04-08T01:24:01","slug":"se-reune-subcomite-de-seguridad-del-ttm14","status":"publish","type":"post","link":"https:\/\/l21.mx\/?p=6849","title":{"rendered":"SE RE\u00daNE SUBCOMIT\u00c9 DE SEGURIDAD DEL TTM14"},"content":{"rendered":"<p><a href=\"http:\/\/l21.mx\/wp-content\/uploads\/2014\/04\/photo1.jpg\" data-rel=\"penci-gallery-image-content\" ><img decoding=\"async\" class=\"alignleft size-medium wp-image-6850\" title=\"photo1\" src=\"http:\/\/l21.mx\/wp-content\/uploads\/2014\/04\/photo1-300x164.jpg\" alt=\"\" width=\"300\" height=\"164\" \/><\/a><br \/>\nRepresentantes de los tres \u00f3rdenes de gobiernos se reunieron con la secretaria de Turismo, Laura Fern\u00e1ndez Pi\u00f1a, para asignar funciones que garanticen la seguridad de los m\u00e1s de 7 mil 500 participantes que asistir\u00e1n al\u00a0\u00a0Tianguis Tur\u00edstico M\u00e9xico 2014, que se realizar\u00e1 en Quintana Roo del 6 al 9 de mayo pr\u00f3ximo.<\/p>\n<p>\u201cEl objetivo de la\u00a0\u00a0sesi\u00f3n de trabajo fue sentarnos con los representantes de los cuerpos de seguridad y protecci\u00f3n civil que tendr\u00e1n a su cargo la seguridad de los miles de participantes nacionales e internacionales que estar\u00e1n en el Caribe Mexicano con motivo del Tianguis; asignamos tareas espec\u00edficas como parte de los trabajos generales de organizaci\u00f3n y log\u00edstica del evento\u201d,\u00a0\u00a0declar\u00f3 Fern\u00e1ndez Pi\u00f1a.<\/p>\n<p>Indic\u00f3 que ser\u00e1 a mediados de abril cuando sesione nuevamente el Subcomit\u00e9 de seguridad para dar seguimiento a los avances de organizaci\u00f3n de las tareas que se asignaron a cada una de las dependencias responsables.<\/p>\n<p>En la reuni\u00f3n participaron Jos\u00e9 Luis Rangel, coordinador de Mercados y Socios del Consejo de Promoci\u00f3n Tur\u00edstica de M\u00e9xico (CPTM); Juan de Dios Chan, subsecretario de Gobierno; Jos\u00e9 de la Pe\u00f1a, en representaci\u00f3n del Ayuntamiento Benito Ju\u00e1rez; del director del Fideicomiso de Promoci\u00f3n Tur\u00edstica de la Riviera Maya, Dar\u00edo Flota Ocampo y de la Oficina de Visitantes y Convenciones, Jes\u00fas Almaguer Salazar.<\/p>\n<p><strong>Dependencias integrantes del Subcomit\u00e9 de Seguridad\u00a0<\/strong><\/p>\n<ul>\n<li>Consejo de Promoci\u00f3n Tur\u00edstica de M\u00e9xico<\/li>\n<li>Secretaria Estatal de Turismo<\/li>\n<li>Secretaria de Gobierno<\/li>\n<li>Fideicomisos de Promoci\u00f3n Tur\u00edstica<\/li>\n<li>Ayuntamiento Benito Ju\u00e1rez<\/li>\n<li>Protecci\u00f3n Civil<\/li>\n<li>Aeropuerto de Canc\u00fan<\/li>\n<li>FBO<\/li>\n<li>Migraci\u00f3n<\/li>\n<li>Aduana<\/li>\n<li>Hacienda<\/li>\n<li>Polic\u00eda Municipal<\/li>\n<li>Tr\u00e1nsito Municipal<\/li>\n<li>Polic\u00eda Estatal<\/li>\n<li>Polic\u00eda Federal<\/li>\n<li>Bomberos<\/li>\n<li>Procuradur\u00eda de Justicia del Estado<\/li>\n<li>Representantes de las sedes<\/li>\n<\/ul>\n","protected":false},"excerpt":{"rendered":"<p>Representantes de los tres \u00f3rdenes de gobiernos se reunieron con la secretaria de Turismo, Laura Fern\u00e1ndez&hellip;<\/p>\n","protected":false},"author":2,"featured_media":6853,"comment_status":"open","ping_status":"open","sticky":false,"template":"","format":"standard","meta":{"_acf_changed":false,"_lmt_disableupdate":"","_lmt_disable":"","_mbp_gutenberg_autopost":false,"footnotes":""},"categories":[23,8],"tags":[],"class_list":["post-6849","post","type-post","status-publish","format-standard","has-post-thumbnail","hentry","category-noticias","category-turismo"],"acf":[],"_links":{"self":[{"href":"https:\/\/l21.mx\/index.php?rest_route=\/wp\/v2\/posts\/6849","targetHints":{"allow":["GET"]}}],"collection":[{"href":"https:\/\/l21.mx\/index.php?rest_route=\/wp\/v2\/posts"}],"about":[{"href":"https:\/\/l21.mx\/index.php?rest_route=\/wp\/v2\/types\/post"}],"author":[{"embeddable":true,"href":"https:\/\/l21.mx\/index.php?rest_route=\/wp\/v2\/users\/2"}],"replies":[{"embeddable":true,"href":"https:\/\/l21.mx\/index.php?rest_route=%2Fwp%2Fv2%2Fcomments&post=6849"}],"version-history":[{"count":0,"href":"https:\/\/l21.mx\/index.php?rest_route=\/wp\/v2\/posts\/6849\/revisions"}],"wp:featuredmedia":[{"embeddable":true,"href":"https:\/\/l21.mx\/index.php?rest_route=\/wp\/v2\/media\/6853"}],"wp:attachment":[{"href":"https:\/\/l21.mx\/index.php?rest_route=%2Fwp%2Fv2%2Fmedia&parent=6849"}],"wp:term":[{"taxonomy":"category","embeddable":true,"href":"https:\/\/l21.mx\/index.php?rest_route=%2Fwp%2Fv2%2Fcategories&post=6849"},{"taxonomy":"post_tag","embeddable":true,"href":"https:\/\/l21.mx\/index.php?rest_route=%2Fwp%2Fv2%2Ftags&post=6849"}],"curies":[{"name":"wp","href":"https:\/\/api.w.org\/{rel}","templated":true}]}}