{"id":68498,"date":"2024-02-01T10:34:54","date_gmt":"2024-02-01T15:34:54","guid":{"rendered":"https:\/\/l21.mx\/?p=68498"},"modified":"2024-02-01T10:39:26","modified_gmt":"2024-02-01T15:39:26","slug":"el-caribe-mexicano-triunfa-de-nuevo","status":"publish","type":"post","link":"https:\/\/l21.mx\/?p=68498","title":{"rendered":"El Caribe Mexicano triunfa de nuevo"},"content":{"rendered":"<ul>\n<li><b>Desde el camerino<\/b><\/li>\n<li><b>Alejandro Rosel<\/b><\/li>\n<li>Comunicador y conductor<\/li>\n<li>Twitter: @AlejandroRosel7<\/li>\n<\/ul>\n<p>&nbsp;<\/p>\n<p><b>Para: EMDI Y PRC, MI AMOR INFINITO<\/b><\/p>\n<p><b>H<\/b>an pasado los primeros 31 d\u00edas de este 2024 y con ello much\u00edsimas buenas noticias para Quintana Roo: 2023 volvi\u00f3<span class=\"Apple-converted-space\">\u00a0 <\/span>a ser un a\u00f1o exitoso para el Caribe Mexicano, debido a que los n\u00fameros de visitantes rompieron de nueva cuenta los r\u00e9cords establecidos, s\u00f3lo en el Aeropuerto Internacional de Canc\u00fan se lleg\u00f3 a 32 millones 750 mil 413 pasajeros atendidos en todas sus terminales, 7.9 % m\u00e1s que el a\u00f1o anterior, lo cual confirma la preferencia a nivel mundial de este destino, y que en este 2024 se reconfirma, al ir avanzando en el n\u00famero de pasajeros y tambi\u00e9n en los primeros 15 d\u00edas del a\u00f1o, cuando se atendieron m\u00e1s de 100 cruceros, algo que nunca antes sucedi\u00f3. En 2023, los puertos de Quintana Roo recibieron a 1,156 arribos de cruceros, trasladando a m\u00e1s de 4 millones 032 mil 413 pasajeros, 36% de incremento con respecto al anterior. Como es costumbre, en enero, todas las miradas se van a Madrid, Espa\u00f1a a la Feria Tur\u00edstica m\u00e1s importante del mundo, FITUR 2024, en su edici\u00f3n 44, donde de nueva cuenta se dieron importantes acuerdos y anuncios para Quintana Roo. Uno de ellos, la realizaci\u00f3n del 1er. Congreso Iberoamericano de Turismo Sostenible, Inclusivo y Justo en Canc\u00fan del 19 al 22 de marzo; tambi\u00e9n se anunci\u00f3 la incorporaci\u00f3n del estado a la Gu\u00eda Michelin, para que la gastronom\u00eda del Caribe Mexicano pueda trabajar de la mano con esta organizaci\u00f3n para tener alguno o algunos de los restaurantes de nuestro estado con este distintivo que atrae a turistas gastron\u00f3micos con alto poder adquisitivo. Los Premios Platino al Cine Iberoamericano, que una vez m\u00e1s se realizar\u00e1n en Xcaret y que fueron anunciados de nueva cuenta en este foro. La inclusi\u00f3n de M\u00e9xico como socio de FITUR en 2025 es algo que coloca a nuestro pa\u00eds y por supuesto a nuestro destino en una posici\u00f3n privilegiada tur\u00edsticamente hablando en este foro.<span class=\"Apple-converted-space\">\u00a0<\/span><\/p>\n<p>En otros temas de lo ocurrido en este primer mes del 2024, la Secretar\u00eda de Salud ha intensificado sus acciones y campa\u00f1as en favor del combate al dengue, influenza, Covid y otras enfermedades que en estos tiempos causan estragos en la poblaci\u00f3n en general; hablamos de vacunaci\u00f3n y por supuesto tambi\u00e9n de acciones preventivas, ambas deben ser adoptadas por la poblaci\u00f3n en general para trabajar en conjunto para evitar la propagaci\u00f3n de estas enfermedades. Depende de todos, no lo olvides.<span class=\"Apple-converted-space\">\u00a0<\/span><\/p>\n<p>La gobernadora se reuni\u00f3 con <b>Raquel Buenrostro S\u00e1nchez<\/b>, secretaria de Econom\u00eda de M\u00e9xico con el objetivo de trabajar en favor de Chetumal, las inversiones en esa zona y el decreto para la Zona Libre del sur del estado. Quintana Roo celebr\u00f3 su cumplea\u00f1os 49 y ya se prepara para sus primeros 50 con bombo y platillo; es este festejo, el 49, se habla de un s\u00f3lo camino para nuestro estado, vanguardista, moderno, renovado, abierto a los cambios y listo para los cambios que hoy se preparan para este estado joven, pero con mucho potencial. Se ha anunciado el pago del refrendo vehicular en todo Quintana Roo, aproveche ponerse al d\u00eda y no tener otro pendiente; tienen hasta marzo para no hacerse acreedor a una multa y verse obligado a pagar tenencia. Dos giras del presidente en este mes pasado a Quintana Roo para continuar con la evaluaci\u00f3n de las obras pendientes del Gobierno Federal, como lo es el Puente Lagunar Nichupt\u00e9 que ya tiene casi 50% de avance, la avenida Chac Mool y las obras del Tren Maya. Que el camino sea divertido y exitoso. Hasta la pr\u00f3xima. #EMDI #PRC.<span class=\"Apple-converted-space\">\u00a0<\/span><\/p>\n","protected":false},"excerpt":{"rendered":"<p>Desde el camerino Alejandro Rosel Comunicador y conductor Twitter: @AlejandroRosel7 &nbsp; Para: EMDI Y PRC, MI&hellip;<\/p>\n","protected":false},"author":95,"featured_media":49562,"comment_status":"closed","ping_status":"closed","sticky":false,"template":"","format":"standard","meta":{"_acf_changed":false,"_lmt_disableupdate":"","_lmt_disable":"","_mbp_gutenberg_autopost":false,"footnotes":""},"categories":[1008],"tags":[],"class_list":["post-68498","post","type-post","status-publish","format-standard","has-post-thumbnail","hentry","category-alejandro-rosel"],"acf":[],"yoast_head":"<!-- This site is optimized with the Yoast SEO plugin v27.3 - https:\/\/yoast.com\/product\/yoast-seo-wordpress\/ -->\n<title>El Caribe Mexicano triunfa de nuevo | Revista Latitud 21<\/title>\n<meta name=\"description\" content=\"L21, Emprendedores y Negocios en el Caribe Mexicano, es la revista l\u00edder entre el Sector Empresarial y Tur\u00edstico del Caribe Mexicano.\" \/>\n<meta name=\"robots\" content=\"index, follow, max-snippet:-1, max-image-preview:large, max-video-preview:-1\" \/>\n<link rel=\"canonical\" href=\"https:\/\/l21.mx\/?p=68498\" \/>\n<meta name=\"twitter:card\" content=\"summary_large_image\" \/>\n<meta name=\"twitter:title\" content=\"El Caribe Mexicano triunfa de nuevo | Revista Latitud 21\" \/>\n<meta name=\"twitter:description\" content=\"L21, Emprendedores y Negocios en el Caribe Mexicano, es la revista l\u00edder entre el Sector Empresarial y Tur\u00edstico del Caribe Mexicano.\" \/>\n<meta name=\"twitter:image\" content=\"https:\/\/l21.mx\/wp-content\/uploads\/2021\/04\/alejandro-rosel-desde-el-camerino.jpg\" \/>\n<meta name=\"twitter:creator\" content=\"@Latitud21mx\" \/>\n<meta name=\"twitter:site\" content=\"@Latitud21mx\" \/>\n<meta name=\"twitter:label1\" content=\"Escrito por\" \/>\n\t<meta name=\"twitter:data1\" content=\"ahernandez@latitud21.com.mx\" \/>\n\t<meta name=\"twitter:label2\" content=\"Tiempo de lectura\" \/>\n\t<meta name=\"twitter:data2\" content=\"3 minutos\" \/>\n<script type=\"application\/ld+json\" class=\"yoast-schema-graph\">{\"@context\":\"https:\\\/\\\/schema.org\",\"@graph\":[{\"@type\":\"Article\",\"@id\":\"https:\\\/\\\/l21.mx\\\/?p=68498#article\",\"isPartOf\":{\"@id\":\"https:\\\/\\\/l21.mx\\\/?p=68498\"},\"author\":{\"name\":\"ahernandez@latitud21.com.mx\",\"@id\":\"https:\\\/\\\/l21.mx\\\/#\\\/schema\\\/person\\\/b3cb342bb947a88e1fc27e05770479da\"},\"headline\":\"El Caribe Mexicano triunfa de nuevo\",\"datePublished\":\"2024-02-01T15:34:54+00:00\",\"dateModified\":\"2024-02-01T15:39:26+00:00\",\"mainEntityOfPage\":{\"@id\":\"https:\\\/\\\/l21.mx\\\/?p=68498\"},\"wordCount\":632,\"publisher\":{\"@id\":\"https:\\\/\\\/l21.mx\\\/#organization\"},\"image\":{\"@id\":\"https:\\\/\\\/l21.mx\\\/?p=68498#primaryimage\"},\"thumbnailUrl\":\"https:\\\/\\\/l21.mx\\\/wp-content\\\/uploads\\\/2021\\\/04\\\/alejandro-rosel-desde-el-camerino.jpg\",\"articleSection\":[\"Alejandro Rosel\"],\"inLanguage\":\"es\"},{\"@type\":\"WebPage\",\"@id\":\"https:\\\/\\\/l21.mx\\\/?p=68498\",\"url\":\"https:\\\/\\\/l21.mx\\\/?p=68498\",\"name\":\"El Caribe Mexicano triunfa de nuevo | Revista Latitud 21\",\"isPartOf\":{\"@id\":\"https:\\\/\\\/l21.mx\\\/#website\"},\"primaryImageOfPage\":{\"@id\":\"https:\\\/\\\/l21.mx\\\/?p=68498#primaryimage\"},\"image\":{\"@id\":\"https:\\\/\\\/l21.mx\\\/?p=68498#primaryimage\"},\"thumbnailUrl\":\"https:\\\/\\\/l21.mx\\\/wp-content\\\/uploads\\\/2021\\\/04\\\/alejandro-rosel-desde-el-camerino.jpg\",\"datePublished\":\"2024-02-01T15:34:54+00:00\",\"dateModified\":\"2024-02-01T15:39:26+00:00\",\"description\":\"L21, Emprendedores y Negocios en el Caribe Mexicano, es la revista l\u00edder entre el Sector Empresarial y Tur\u00edstico del Caribe Mexicano.\",\"breadcrumb\":{\"@id\":\"https:\\\/\\\/l21.mx\\\/?p=68498#breadcrumb\"},\"inLanguage\":\"es\",\"potentialAction\":[{\"@type\":\"ReadAction\",\"target\":[\"https:\\\/\\\/l21.mx\\\/?p=68498\"]}]},{\"@type\":\"ImageObject\",\"inLanguage\":\"es\",\"@id\":\"https:\\\/\\\/l21.mx\\\/?p=68498#primaryimage\",\"url\":\"https:\\\/\\\/l21.mx\\\/wp-content\\\/uploads\\\/2021\\\/04\\\/alejandro-rosel-desde-el-camerino.jpg\",\"contentUrl\":\"https:\\\/\\\/l21.mx\\\/wp-content\\\/uploads\\\/2021\\\/04\\\/alejandro-rosel-desde-el-camerino.jpg\",\"width\":\"900\",\"height\":\"599\"},{\"@type\":\"BreadcrumbList\",\"@id\":\"https:\\\/\\\/l21.mx\\\/?p=68498#breadcrumb\",\"itemListElement\":[{\"@type\":\"ListItem\",\"position\":1,\"name\":\"Portada\",\"item\":\"https:\\\/\\\/l21.mx\\\/\"},{\"@type\":\"ListItem\",\"position\":2,\"name\":\"El Caribe Mexicano triunfa de nuevo\"}]},{\"@type\":\"WebSite\",\"@id\":\"https:\\\/\\\/l21.mx\\\/#website\",\"url\":\"https:\\\/\\\/l21.mx\\\/\",\"name\":\"Revista Latitud 21\",\"description\":\"Emprendedores  y negocios en el Caribe Mexicano\",\"publisher\":{\"@id\":\"https:\\\/\\\/l21.mx\\\/#organization\"},\"potentialAction\":[{\"@type\":\"SearchAction\",\"target\":{\"@type\":\"EntryPoint\",\"urlTemplate\":\"https:\\\/\\\/l21.mx\\\/?s={search_term_string}\"},\"query-input\":{\"@type\":\"PropertyValueSpecification\",\"valueRequired\":true,\"valueName\":\"search_term_string\"}}],\"inLanguage\":\"es\"},{\"@type\":\"Organization\",\"@id\":\"https:\\\/\\\/l21.mx\\\/#organization\",\"name\":\"Grupo Editorial Latitud 21 SA de CV\",\"url\":\"https:\\\/\\\/l21.mx\\\/\",\"logo\":{\"@type\":\"ImageObject\",\"inLanguage\":\"es\",\"@id\":\"https:\\\/\\\/l21.mx\\\/#\\\/schema\\\/logo\\\/image\\\/\",\"url\":\"https:\\\/\\\/l21.mx\\\/wp-content\\\/uploads\\\/2020\\\/10\\\/logo-l21-baja.jpg\",\"contentUrl\":\"https:\\\/\\\/l21.mx\\\/wp-content\\\/uploads\\\/2020\\\/10\\\/logo-l21-baja.jpg\",\"width\":250,\"height\":250,\"caption\":\"Grupo Editorial Latitud 21 SA de CV\"},\"image\":{\"@id\":\"https:\\\/\\\/l21.mx\\\/#\\\/schema\\\/logo\\\/image\\\/\"},\"sameAs\":[\"https:\\\/\\\/www.facebook.com\\\/RevistaLatitud21\\\/\",\"https:\\\/\\\/x.com\\\/Latitud21mx\"]},{\"@type\":\"Person\",\"@id\":\"https:\\\/\\\/l21.mx\\\/#\\\/schema\\\/person\\\/b3cb342bb947a88e1fc27e05770479da\",\"name\":\"ahernandez@latitud21.com.mx\",\"url\":\"https:\\\/\\\/l21.mx\\\/?author=95\"}]}<\/script>\n<!-- \/ Yoast SEO plugin. -->","yoast_head_json":{"title":"El Caribe Mexicano triunfa de nuevo | Revista Latitud 21","description":"L21, Emprendedores y Negocios en el Caribe Mexicano, es la revista l\u00edder entre el Sector Empresarial y Tur\u00edstico del Caribe Mexicano.","robots":{"index":"index","follow":"follow","max-snippet":"max-snippet:-1","max-image-preview":"max-image-preview:large","max-video-preview":"max-video-preview:-1"},"canonical":"https:\/\/l21.mx\/?p=68498","twitter_card":"summary_large_image","twitter_title":"El Caribe Mexicano triunfa de nuevo | Revista Latitud 21","twitter_description":"L21, Emprendedores y Negocios en el Caribe Mexicano, es la revista l\u00edder entre el Sector Empresarial y Tur\u00edstico del Caribe Mexicano.","twitter_image":"https:\/\/l21.mx\/wp-content\/uploads\/2021\/04\/alejandro-rosel-desde-el-camerino.jpg","twitter_creator":"@Latitud21mx","twitter_site":"@Latitud21mx","twitter_misc":{"Escrito por":"ahernandez@latitud21.com.mx","Tiempo de lectura":"3 minutos"},"schema":{"@context":"https:\/\/schema.org","@graph":[{"@type":"Article","@id":"https:\/\/l21.mx\/?p=68498#article","isPartOf":{"@id":"https:\/\/l21.mx\/?p=68498"},"author":{"name":"ahernandez@latitud21.com.mx","@id":"https:\/\/l21.mx\/#\/schema\/person\/b3cb342bb947a88e1fc27e05770479da"},"headline":"El Caribe Mexicano triunfa de nuevo","datePublished":"2024-02-01T15:34:54+00:00","dateModified":"2024-02-01T15:39:26+00:00","mainEntityOfPage":{"@id":"https:\/\/l21.mx\/?p=68498"},"wordCount":632,"publisher":{"@id":"https:\/\/l21.mx\/#organization"},"image":{"@id":"https:\/\/l21.mx\/?p=68498#primaryimage"},"thumbnailUrl":"https:\/\/l21.mx\/wp-content\/uploads\/2021\/04\/alejandro-rosel-desde-el-camerino.jpg","articleSection":["Alejandro Rosel"],"inLanguage":"es"},{"@type":"WebPage","@id":"https:\/\/l21.mx\/?p=68498","url":"https:\/\/l21.mx\/?p=68498","name":"El Caribe Mexicano triunfa de nuevo | Revista Latitud 21","isPartOf":{"@id":"https:\/\/l21.mx\/#website"},"primaryImageOfPage":{"@id":"https:\/\/l21.mx\/?p=68498#primaryimage"},"image":{"@id":"https:\/\/l21.mx\/?p=68498#primaryimage"},"thumbnailUrl":"https:\/\/l21.mx\/wp-content\/uploads\/2021\/04\/alejandro-rosel-desde-el-camerino.jpg","datePublished":"2024-02-01T15:34:54+00:00","dateModified":"2024-02-01T15:39:26+00:00","description":"L21, Emprendedores y Negocios en el Caribe Mexicano, es la revista l\u00edder entre el Sector Empresarial y Tur\u00edstico del Caribe Mexicano.","breadcrumb":{"@id":"https:\/\/l21.mx\/?p=68498#breadcrumb"},"inLanguage":"es","potentialAction":[{"@type":"ReadAction","target":["https:\/\/l21.mx\/?p=68498"]}]},{"@type":"ImageObject","inLanguage":"es","@id":"https:\/\/l21.mx\/?p=68498#primaryimage","url":"https:\/\/l21.mx\/wp-content\/uploads\/2021\/04\/alejandro-rosel-desde-el-camerino.jpg","contentUrl":"https:\/\/l21.mx\/wp-content\/uploads\/2021\/04\/alejandro-rosel-desde-el-camerino.jpg","width":"900","height":"599"},{"@type":"BreadcrumbList","@id":"https:\/\/l21.mx\/?p=68498#breadcrumb","itemListElement":[{"@type":"ListItem","position":1,"name":"Portada","item":"https:\/\/l21.mx\/"},{"@type":"ListItem","position":2,"name":"El Caribe Mexicano triunfa de nuevo"}]},{"@type":"WebSite","@id":"https:\/\/l21.mx\/#website","url":"https:\/\/l21.mx\/","name":"Revista Latitud 21","description":"Emprendedores  y negocios en el Caribe Mexicano","publisher":{"@id":"https:\/\/l21.mx\/#organization"},"potentialAction":[{"@type":"SearchAction","target":{"@type":"EntryPoint","urlTemplate":"https:\/\/l21.mx\/?s={search_term_string}"},"query-input":{"@type":"PropertyValueSpecification","valueRequired":true,"valueName":"search_term_string"}}],"inLanguage":"es"},{"@type":"Organization","@id":"https:\/\/l21.mx\/#organization","name":"Grupo Editorial Latitud 21 SA de CV","url":"https:\/\/l21.mx\/","logo":{"@type":"ImageObject","inLanguage":"es","@id":"https:\/\/l21.mx\/#\/schema\/logo\/image\/","url":"https:\/\/l21.mx\/wp-content\/uploads\/2020\/10\/logo-l21-baja.jpg","contentUrl":"https:\/\/l21.mx\/wp-content\/uploads\/2020\/10\/logo-l21-baja.jpg","width":250,"height":250,"caption":"Grupo Editorial Latitud 21 SA de CV"},"image":{"@id":"https:\/\/l21.mx\/#\/schema\/logo\/image\/"},"sameAs":["https:\/\/www.facebook.com\/RevistaLatitud21\/","https:\/\/x.com\/Latitud21mx"]},{"@type":"Person","@id":"https:\/\/l21.mx\/#\/schema\/person\/b3cb342bb947a88e1fc27e05770479da","name":"ahernandez@latitud21.com.mx","url":"https:\/\/l21.mx\/?author=95"}]}},"amp_enabled":true,"_links":{"self":[{"href":"https:\/\/l21.mx\/index.php?rest_route=\/wp\/v2\/posts\/68498","targetHints":{"allow":["GET"]}}],"collection":[{"href":"https:\/\/l21.mx\/index.php?rest_route=\/wp\/v2\/posts"}],"about":[{"href":"https:\/\/l21.mx\/index.php?rest_route=\/wp\/v2\/types\/post"}],"author":[{"embeddable":true,"href":"https:\/\/l21.mx\/index.php?rest_route=\/wp\/v2\/users\/95"}],"replies":[{"embeddable":true,"href":"https:\/\/l21.mx\/index.php?rest_route=%2Fwp%2Fv2%2Fcomments&post=68498"}],"version-history":[{"count":1,"href":"https:\/\/l21.mx\/index.php?rest_route=\/wp\/v2\/posts\/68498\/revisions"}],"predecessor-version":[{"id":68501,"href":"https:\/\/l21.mx\/index.php?rest_route=\/wp\/v2\/posts\/68498\/revisions\/68501"}],"wp:featuredmedia":[{"embeddable":true,"href":"https:\/\/l21.mx\/index.php?rest_route=\/wp\/v2\/media\/49562"}],"wp:attachment":[{"href":"https:\/\/l21.mx\/index.php?rest_route=%2Fwp%2Fv2%2Fmedia&parent=68498"}],"wp:term":[{"taxonomy":"category","embeddable":true,"href":"https:\/\/l21.mx\/index.php?rest_route=%2Fwp%2Fv2%2Fcategories&post=68498"},{"taxonomy":"post_tag","embeddable":true,"href":"https:\/\/l21.mx\/index.php?rest_route=%2Fwp%2Fv2%2Ftags&post=68498"}],"curies":[{"name":"wp","href":"https:\/\/api.w.org\/{rel}","templated":true}]}}