{"id":68532,"date":"2024-02-01T10:46:45","date_gmt":"2024-02-01T15:46:45","guid":{"rendered":"https:\/\/l21.mx\/?p=68532"},"modified":"2024-02-01T10:46:45","modified_gmt":"2024-02-01T15:46:45","slug":"febrero-24-al-25-3er-festival-gastronomico-del-caribe-mexicano","status":"publish","type":"post","link":"https:\/\/l21.mx\/?p=68532","title":{"rendered":"Febrero 24 al 25 \u2022 3er. Festival Gastron\u00f3mico del Caribe Mexicano"},"content":{"rendered":"<p>&nbsp;<\/p>\n<p><b>Luego de dos exitosas ediciones, una en Canc\u00fan y la segunda en Solidaridad, Puerto Morelos se encuentra listo para organizar el Tercer Festival Gastron\u00f3mico del Caribe Mexicano, un evento de excelencia que permitir\u00e1 atraer reflectores nacionales e internacionales. El objetivo es reunir lo mejor de la cocina de Quintana Roo, sus 11 municipios y sus 12 destinos tur\u00edsticos. En el marco del evento tambi\u00e9n se organizar\u00e1 el Tianguis del Mayab y se montar\u00e1 el Pabell\u00f3n Hecho en Quintana Roo, con lo que el municipio recibir\u00e1 una gran afluencia de visitantes, en busca de superar los logros del evento en 2023, que dieron como resultado 32 experiencias gastron\u00f3micas, 13 presentaciones en escenario, participaron 60 artesanos, 10 Tianguis del Mayab, m\u00e1s de 5 mil asistentes, se obtuvo una derrama econ\u00f3mica directa de 2.2 millones de pesos y se consolidaron 5 alianzas.<\/b><\/p>\n","protected":false},"excerpt":{"rendered":"<p>&nbsp; Luego de dos exitosas ediciones, una en Canc\u00fan y la segunda en Solidaridad, Puerto Morelos&hellip;<\/p>\n","protected":false},"author":95,"featured_media":68513,"comment_status":"closed","ping_status":"closed","sticky":false,"template":"","format":"standard","meta":{"_acf_changed":false,"_lmt_disableupdate":"","_lmt_disable":"","_mbp_gutenberg_autopost":false,"footnotes":""},"categories":[476],"tags":[],"class_list":["post-68532","post","type-post","status-publish","format-standard","has-post-thumbnail","hentry","category-agenda"],"acf":[],"_links":{"self":[{"href":"https:\/\/l21.mx\/index.php?rest_route=\/wp\/v2\/posts\/68532","targetHints":{"allow":["GET"]}}],"collection":[{"href":"https:\/\/l21.mx\/index.php?rest_route=\/wp\/v2\/posts"}],"about":[{"href":"https:\/\/l21.mx\/index.php?rest_route=\/wp\/v2\/types\/post"}],"author":[{"embeddable":true,"href":"https:\/\/l21.mx\/index.php?rest_route=\/wp\/v2\/users\/95"}],"replies":[{"embeddable":true,"href":"https:\/\/l21.mx\/index.php?rest_route=%2Fwp%2Fv2%2Fcomments&post=68532"}],"version-history":[{"count":0,"href":"https:\/\/l21.mx\/index.php?rest_route=\/wp\/v2\/posts\/68532\/revisions"}],"wp:featuredmedia":[{"embeddable":true,"href":"https:\/\/l21.mx\/index.php?rest_route=\/wp\/v2\/media\/68513"}],"wp:attachment":[{"href":"https:\/\/l21.mx\/index.php?rest_route=%2Fwp%2Fv2%2Fmedia&parent=68532"}],"wp:term":[{"taxonomy":"category","embeddable":true,"href":"https:\/\/l21.mx\/index.php?rest_route=%2Fwp%2Fv2%2Fcategories&post=68532"},{"taxonomy":"post_tag","embeddable":true,"href":"https:\/\/l21.mx\/index.php?rest_route=%2Fwp%2Fv2%2Ftags&post=68532"}],"curies":[{"name":"wp","href":"https:\/\/api.w.org\/{rel}","templated":true}]}}