{"id":68553,"date":"2024-02-01T10:52:31","date_gmt":"2024-02-01T15:52:31","guid":{"rendered":"https:\/\/l21.mx\/?p=68553"},"modified":"2024-02-01T10:52:31","modified_gmt":"2024-02-01T15:52:31","slug":"vision-pro","status":"publish","type":"post","link":"https:\/\/l21.mx\/?p=68553","title":{"rendered":"Vision Pro"},"content":{"rendered":"<p>&nbsp;<\/p>\n<p>Para seguir sorprendiendo a sus seguidores, Apple present\u00f3 sus nuevos lentes Vision Pro, que apuntan a ser uno de los productos tecnol\u00f3gicos m\u00e1s llamativos del a\u00f1o, ya que permiten a los usuarios tener una nueva experiencia sensorial, al usar sus aplicaciones y navegar en internet, con unas gafas de realidad virtual. Incluso, ya no habr\u00e1 necesidad de gastar en pantallas de televisi\u00f3n, ya que con estos nuevos lentes se pueden ver pel\u00edculas o videos con funci\u00f3n de cine en calidad 4K. Para los amantes de la tecnolog\u00eda, tambi\u00e9n tienen la funci\u00f3n de tomar fotograf\u00edas en 3D y permiten navegar en internet no s\u00f3lo con comandos de voz, sino tambi\u00e9n con algunos gestos con las manos, como escribir en un teclado virtual o mover ligeramente los dedos; incluso, movimiento con los ojos.<\/p>\n<p><a href=\"https:\/\/l21.mx\/wp-content\/uploads\/2024\/02\/Vision-Pro-2.jpg\" data-rel=\"penci-gallery-image-content\" ><img fetchpriority=\"high\" decoding=\"async\" class=\"aligncenter size-full wp-image-68548\" src=\"https:\/\/l21.mx\/wp-content\/uploads\/2024\/02\/Vision-Pro-2.jpg\" alt=\"\" width=\"1500\" height=\"1125\" srcset=\"https:\/\/l21.mx\/wp-content\/uploads\/2024\/02\/Vision-Pro-2.jpg 1500w, https:\/\/l21.mx\/wp-content\/uploads\/2024\/02\/Vision-Pro-2-300x225.jpg 300w, https:\/\/l21.mx\/wp-content\/uploads\/2024\/02\/Vision-Pro-2-1024x768.jpg 1024w, https:\/\/l21.mx\/wp-content\/uploads\/2024\/02\/Vision-Pro-2-768x576.jpg 768w, https:\/\/l21.mx\/wp-content\/uploads\/2024\/02\/Vision-Pro-2-1200x900.jpg 1200w, https:\/\/l21.mx\/wp-content\/uploads\/2024\/02\/Vision-Pro-2-1170x878.jpg 1170w, https:\/\/l21.mx\/wp-content\/uploads\/2024\/02\/Vision-Pro-2-585x439.jpg 585w\" sizes=\"(max-width: 1500px) 100vw, 1500px\" \/><\/a><\/p>\n","protected":false},"excerpt":{"rendered":"<p>&nbsp; Para seguir sorprendiendo a sus seguidores, Apple present\u00f3 sus nuevos lentes Vision Pro, que apuntan&hellip;<\/p>\n","protected":false},"author":95,"featured_media":68549,"comment_status":"closed","ping_status":"closed","sticky":false,"template":"","format":"standard","meta":{"_acf_changed":false,"_lmt_disableupdate":"","_lmt_disable":"","_mbp_gutenberg_autopost":false,"footnotes":""},"categories":[475],"tags":[],"class_list":["post-68553","post","type-post","status-publish","format-standard","has-post-thumbnail","hentry","category-tech-21"],"acf":[],"_links":{"self":[{"href":"https:\/\/l21.mx\/index.php?rest_route=\/wp\/v2\/posts\/68553","targetHints":{"allow":["GET"]}}],"collection":[{"href":"https:\/\/l21.mx\/index.php?rest_route=\/wp\/v2\/posts"}],"about":[{"href":"https:\/\/l21.mx\/index.php?rest_route=\/wp\/v2\/types\/post"}],"author":[{"embeddable":true,"href":"https:\/\/l21.mx\/index.php?rest_route=\/wp\/v2\/users\/95"}],"replies":[{"embeddable":true,"href":"https:\/\/l21.mx\/index.php?rest_route=%2Fwp%2Fv2%2Fcomments&post=68553"}],"version-history":[{"count":0,"href":"https:\/\/l21.mx\/index.php?rest_route=\/wp\/v2\/posts\/68553\/revisions"}],"wp:featuredmedia":[{"embeddable":true,"href":"https:\/\/l21.mx\/index.php?rest_route=\/wp\/v2\/media\/68549"}],"wp:attachment":[{"href":"https:\/\/l21.mx\/index.php?rest_route=%2Fwp%2Fv2%2Fmedia&parent=68553"}],"wp:term":[{"taxonomy":"category","embeddable":true,"href":"https:\/\/l21.mx\/index.php?rest_route=%2Fwp%2Fv2%2Fcategories&post=68553"},{"taxonomy":"post_tag","embeddable":true,"href":"https:\/\/l21.mx\/index.php?rest_route=%2Fwp%2Fv2%2Ftags&post=68553"}],"curies":[{"name":"wp","href":"https:\/\/api.w.org\/{rel}","templated":true}]}}