{"id":68762,"date":"2024-02-01T12:07:58","date_gmt":"2024-02-01T17:07:58","guid":{"rendered":"https:\/\/l21.mx\/?p=68762"},"modified":"2024-02-04T12:08:34","modified_gmt":"2024-02-04T17:08:34","slug":"taxistas-de-cancun-tendran-una-nueva-aplicacion-digital","status":"publish","type":"post","link":"https:\/\/l21.mx\/?p=68762","title":{"rendered":"Taxistas de Canc\u00fan tendr\u00e1n una nueva aplicaci\u00f3n digital"},"content":{"rendered":"<p>&nbsp;<\/p>\n<p>&nbsp;<\/p>\n<p><em>Avanza<\/em> <em>modernizaci\u00f3n del gremio para ofrecer un mejor servicio, tal como se comprometi\u00f3 el l\u00edder, Rub\u00e9n Carrillo<\/em><\/p>\n<p>&nbsp;<\/p>\n<p>Con el fin de ofrecer un servicio de calidad a los usuarios, el Sindicato de Taxistas Andr\u00e9s Quintana Roo en Canc\u00fan alista una nueva aplicaci\u00f3n digital.<\/p>\n<p>Rub\u00e9n Carrillo, nuevo l\u00edder de la agrupaci\u00f3n, explic\u00f3 que ya est\u00e1 pr\u00e1cticamente lista la plataforma, misma que esperan lanzar en marzo, en el marco del aniversario del sindicato.<\/p>\n<p>A\u00f1adi\u00f3 que tendr\u00e1 un nuevo dise\u00f1o, ser\u00e1 m\u00e1s amigable, m\u00e1s din\u00e1mica, segura e interactiva, con el fin de que su uso sea muy pr\u00e1ctico, tanto para los ciudadanos como para los agremiados.<\/p>\n<p>Dijo que de esta manera se avanza en uno de sus compromisos de campa\u00f1a que es hacer del gremio una asociaci\u00f3n de vanguardia, moderna y que est\u00e9 a la altura de lo que se merece una ciudad como Canc\u00fan.<\/p>\n<p>Rub\u00e9n Carrillo manifest\u00f3 que con esta aplicaci\u00f3n est\u00e1n previstas tarifas justas y muy accesibles, mucho m\u00e1s econ\u00f3micas que otras que funcionan en el segmento a nivel nacional e internacional, porque est\u00e1n pensadas justamente para el mercado cancunense, para los usuarios locales.<\/p>\n<p>Aclar\u00f3, sin embargo, que la puerta seguir\u00e1 estando abierta a convenios con otras aplicaciones que ya funcionan en el mercado, ya que es parte de ese compromiso de apertura y de atender lo que la ciudadan\u00eda solicita.<\/p>\n<p>Es decir, que los taxistas que quieran seguir\u00e1n teniendo la posibilidad de registrarse y trabajar con otras apps, porque de lo que se trata es que de que haya m\u00e1s opciones para los usuarios y m\u00e1s oportunidades para los afiliados de generar ingresos.<\/p>\n<p>Reiter\u00f3 que con estas y otras estrategias que ya est\u00e1n trabajando sobre la mesa, har\u00e1 realidad su compromiso de un nuevo rumbo en el sindicato, mejorando el servicio y dignificando la imagen del gremio, para recobrar la confianza de los cancunenses.<\/p>\n<p>&nbsp;<\/p>\n<p>&nbsp;<\/p>\n","protected":false},"excerpt":{"rendered":"<p>&nbsp; &nbsp; Avanza modernizaci\u00f3n del gremio para ofrecer un mejor servicio, tal como se comprometi\u00f3 el&hellip;<\/p>\n","protected":false},"author":100,"featured_media":68668,"comment_status":"closed","ping_status":"closed","sticky":false,"template":"","format":"standard","meta":{"_acf_changed":false,"_lmt_disableupdate":"","_lmt_disable":"","_mbp_gutenberg_autopost":false,"footnotes":""},"categories":[1655,23],"tags":[],"class_list":["post-68762","post","type-post","status-publish","format-standard","has-post-thumbnail","hentry","category-cancun","category-noticias"],"acf":[],"_links":{"self":[{"href":"https:\/\/l21.mx\/index.php?rest_route=\/wp\/v2\/posts\/68762","targetHints":{"allow":["GET"]}}],"collection":[{"href":"https:\/\/l21.mx\/index.php?rest_route=\/wp\/v2\/posts"}],"about":[{"href":"https:\/\/l21.mx\/index.php?rest_route=\/wp\/v2\/types\/post"}],"author":[{"embeddable":true,"href":"https:\/\/l21.mx\/index.php?rest_route=\/wp\/v2\/users\/100"}],"replies":[{"embeddable":true,"href":"https:\/\/l21.mx\/index.php?rest_route=%2Fwp%2Fv2%2Fcomments&post=68762"}],"version-history":[{"count":0,"href":"https:\/\/l21.mx\/index.php?rest_route=\/wp\/v2\/posts\/68762\/revisions"}],"wp:featuredmedia":[{"embeddable":true,"href":"https:\/\/l21.mx\/index.php?rest_route=\/wp\/v2\/media\/68668"}],"wp:attachment":[{"href":"https:\/\/l21.mx\/index.php?rest_route=%2Fwp%2Fv2%2Fmedia&parent=68762"}],"wp:term":[{"taxonomy":"category","embeddable":true,"href":"https:\/\/l21.mx\/index.php?rest_route=%2Fwp%2Fv2%2Fcategories&post=68762"},{"taxonomy":"post_tag","embeddable":true,"href":"https:\/\/l21.mx\/index.php?rest_route=%2Fwp%2Fv2%2Ftags&post=68762"}],"curies":[{"name":"wp","href":"https:\/\/api.w.org\/{rel}","templated":true}]}}