{"id":68790,"date":"2024-02-01T12:14:08","date_gmt":"2024-02-01T17:14:08","guid":{"rendered":"https:\/\/l21.mx\/?p=68790"},"modified":"2024-02-04T12:14:38","modified_gmt":"2024-02-04T17:14:38","slug":"compromiso-de-sustentabilidad","status":"publish","type":"post","link":"https:\/\/l21.mx\/?p=68790","title":{"rendered":"Compromiso de sustentabilidad"},"content":{"rendered":"<p>&nbsp;<\/p>\n<p>&nbsp;<\/p>\n<p>Grupo Pi\u00f1ero se suscribi\u00f3 de forma oficial al C\u00f3digo \u00c9tico Mundial para el Turismo impulsado por la ONU Turismo (hasta ahora conocida como la Organizaci\u00f3n Mundial de Turismo). El c\u00f3digo representa un compromiso para el desarrollo de un turismo responsable y sostenible, refrendado por la Asamblea General de las Naciones Unidas desde 2001.<\/p>\n<p>Isabel Pi\u00f1ero, Chief Sustainability Officer de Grupo Pi\u00f1ero, destac\u00f3 que \u201cla \u00e9tica en nuestro negocio es un pilar fundamental, es por ello que para Grupo Pi\u00f1ero es un enorme orgullo formar parte de este marco de referencia fundamental para el turismo responsable y sostenible\u201d.<\/p>\n<p>Comprende diez principios pensados para cubrir los componentes econ\u00f3micos, sociales, culturales y ambientales del sector tur\u00edstico y tiene como objetivo central ayudar a las empresas adheridas a ampliar al m\u00e1ximo sus beneficios a la vez que minimizan cualquier posible impacto negativo.<\/p>\n<p>La firma y adhesi\u00f3n a este c\u00f3digo supone un paso m\u00e1s en los objetivos de sostenibilidad de Grupo Pi\u00f1ero que, desde su Divisi\u00f3n de Sostenibilidad, ya vela por la incorporaci\u00f3n de todos los principios del c\u00f3digo en sus distintas l\u00edneas de negocio y en todos sus destinos, situando la sostenibilidad como eje central de la estrategia del Grupo.<\/p>\n<p>&nbsp;<\/p>\n","protected":false},"excerpt":{"rendered":"<p>&nbsp; &nbsp; Grupo Pi\u00f1ero se suscribi\u00f3 de forma oficial al C\u00f3digo \u00c9tico Mundial para el Turismo&hellip;<\/p>\n","protected":false},"author":100,"featured_media":68656,"comment_status":"closed","ping_status":"closed","sticky":false,"template":"","format":"standard","meta":{"_acf_changed":false,"_lmt_disableupdate":"","_lmt_disable":"","_mbp_gutenberg_autopost":false,"footnotes":""},"categories":[38],"tags":[],"class_list":["post-68790","post","type-post","status-publish","format-standard","has-post-thumbnail","hentry","category-en-la-21-y-otras-latitudes"],"acf":[],"_links":{"self":[{"href":"https:\/\/l21.mx\/index.php?rest_route=\/wp\/v2\/posts\/68790","targetHints":{"allow":["GET"]}}],"collection":[{"href":"https:\/\/l21.mx\/index.php?rest_route=\/wp\/v2\/posts"}],"about":[{"href":"https:\/\/l21.mx\/index.php?rest_route=\/wp\/v2\/types\/post"}],"author":[{"embeddable":true,"href":"https:\/\/l21.mx\/index.php?rest_route=\/wp\/v2\/users\/100"}],"replies":[{"embeddable":true,"href":"https:\/\/l21.mx\/index.php?rest_route=%2Fwp%2Fv2%2Fcomments&post=68790"}],"version-history":[{"count":0,"href":"https:\/\/l21.mx\/index.php?rest_route=\/wp\/v2\/posts\/68790\/revisions"}],"wp:featuredmedia":[{"embeddable":true,"href":"https:\/\/l21.mx\/index.php?rest_route=\/wp\/v2\/media\/68656"}],"wp:attachment":[{"href":"https:\/\/l21.mx\/index.php?rest_route=%2Fwp%2Fv2%2Fmedia&parent=68790"}],"wp:term":[{"taxonomy":"category","embeddable":true,"href":"https:\/\/l21.mx\/index.php?rest_route=%2Fwp%2Fv2%2Fcategories&post=68790"},{"taxonomy":"post_tag","embeddable":true,"href":"https:\/\/l21.mx\/index.php?rest_route=%2Fwp%2Fv2%2Ftags&post=68790"}],"curies":[{"name":"wp","href":"https:\/\/api.w.org\/{rel}","templated":true}]}}