{"id":68798,"date":"2024-02-01T12:15:46","date_gmt":"2024-02-01T17:15:46","guid":{"rendered":"https:\/\/l21.mx\/?p=68798"},"modified":"2024-02-04T12:16:12","modified_gmt":"2024-02-04T17:16:12","slug":"vanguardia-medica","status":"publish","type":"post","link":"https:\/\/l21.mx\/?p=68798","title":{"rendered":"Vanguardia m\u00e9dica"},"content":{"rendered":"<p>&nbsp;<\/p>\n<p>&nbsp;<\/p>\n<p>Con el fin de continuar elevando el nivel de atenci\u00f3n y el servicio de salud que brindan a sus pacientes, Amerimed Hospitals Canc\u00fan realiza permanentes capacitaciones a su personal, asegur\u00e1ndose de que est\u00e9n a la vanguardia en conocimientos, tratamientos y avances.<\/p>\n<p>Prueba de ello, fue la reciente acreditaci\u00f3n obtenida mediante el taller de capacitaci\u00f3n: Bio\u00e9tica bajo metodolog\u00eda Jonsen y de los principios de la bio\u00e9tica personalista, el cual fue impartido por el Dr. Juan Manuel Palomares Cantero.<\/p>\n<p>Los organizadores explicaron que estar en sinton\u00eda con los principios que gu\u00edan la \u00e9tica en la pr\u00e1ctica m\u00e9dica es fundamental para dar mayor confianza a los pacientes y forma parte de la visi\u00f3n y compromiso de Amerimed Hospitals Canc\u00fan.<\/p>\n<p>Esto ha sido factor clave en el crecimiento y consolidaci\u00f3n del grupo liderado a nivel nacional por el empresario Rafael Espino de la Pe\u00f1a, al frente de grupo Amerimed, que le ha permitido el liderazgo m\u00e9dico en las principales ciudades tur\u00edsticas de nuestro pa\u00eds, y sobre todo, en Quintana Roo.<\/p>\n<p>&nbsp;<\/p>\n<p>&nbsp;<\/p>\n","protected":false},"excerpt":{"rendered":"<p>&nbsp; &nbsp; Con el fin de continuar elevando el nivel de atenci\u00f3n y el servicio de&hellip;<\/p>\n","protected":false},"author":100,"featured_media":68683,"comment_status":"closed","ping_status":"closed","sticky":false,"template":"","format":"standard","meta":{"_acf_changed":false,"_lmt_disableupdate":"","_lmt_disable":"","_mbp_gutenberg_autopost":false,"footnotes":""},"categories":[38],"tags":[],"class_list":["post-68798","post","type-post","status-publish","format-standard","has-post-thumbnail","hentry","category-en-la-21-y-otras-latitudes"],"acf":[],"_links":{"self":[{"href":"https:\/\/l21.mx\/index.php?rest_route=\/wp\/v2\/posts\/68798","targetHints":{"allow":["GET"]}}],"collection":[{"href":"https:\/\/l21.mx\/index.php?rest_route=\/wp\/v2\/posts"}],"about":[{"href":"https:\/\/l21.mx\/index.php?rest_route=\/wp\/v2\/types\/post"}],"author":[{"embeddable":true,"href":"https:\/\/l21.mx\/index.php?rest_route=\/wp\/v2\/users\/100"}],"replies":[{"embeddable":true,"href":"https:\/\/l21.mx\/index.php?rest_route=%2Fwp%2Fv2%2Fcomments&post=68798"}],"version-history":[{"count":0,"href":"https:\/\/l21.mx\/index.php?rest_route=\/wp\/v2\/posts\/68798\/revisions"}],"wp:featuredmedia":[{"embeddable":true,"href":"https:\/\/l21.mx\/index.php?rest_route=\/wp\/v2\/media\/68683"}],"wp:attachment":[{"href":"https:\/\/l21.mx\/index.php?rest_route=%2Fwp%2Fv2%2Fmedia&parent=68798"}],"wp:term":[{"taxonomy":"category","embeddable":true,"href":"https:\/\/l21.mx\/index.php?rest_route=%2Fwp%2Fv2%2Fcategories&post=68798"},{"taxonomy":"post_tag","embeddable":true,"href":"https:\/\/l21.mx\/index.php?rest_route=%2Fwp%2Fv2%2Ftags&post=68798"}],"curies":[{"name":"wp","href":"https:\/\/api.w.org\/{rel}","templated":true}]}}