{"id":6881,"date":"2014-04-14T17:48:40","date_gmt":"2014-04-14T22:48:40","guid":{"rendered":"http:\/\/innovatori.space\/lat21\/?p=6881"},"modified":"2014-04-14T17:48:40","modified_gmt":"2014-04-14T22:48:40","slug":"ocupacion-hotelera-casi-al-tope-durante-semana-santa-en-destinos-de-quintana-roo-sedetur","status":"publish","type":"post","link":"https:\/\/l21.mx\/?p=6881","title":{"rendered":"OCUPACI\u00d3N HOTELERA CASI AL TOPE DURANTE SEMANA SANTA EN DESTINOS DE QUINTANA ROO: SEDETUR"},"content":{"rendered":"<ul>\n<li><strong>M\u00e1s de la mitad ser\u00e1 turismo de origen nacional<\/strong><\/li>\n<li><strong>\u00c9xito tur\u00edstico, gracias a la labor de promoci\u00f3n encabezada por el gobernador Roberto Borge<\/strong><\/li>\n<\/ul>\n<p><a href=\"http:\/\/l21.mx\/wp-content\/uploads\/2014\/04\/cancun-semana-santa.jpg\" data-rel=\"penci-gallery-image-content\" ><img fetchpriority=\"high\" decoding=\"async\" class=\"alignleft size-medium wp-image-6882\" title=\"cancun semana santa\" src=\"http:\/\/l21.mx\/wp-content\/uploads\/2014\/04\/cancun-semana-santa-300x196.jpg\" alt=\"\" width=\"300\" height=\"196\" srcset=\"https:\/\/l21.mx\/wp-content\/uploads\/2014\/04\/cancun-semana-santa-300x196.jpg 300w, https:\/\/l21.mx\/wp-content\/uploads\/2014\/04\/cancun-semana-santa-768x503.jpg 768w, https:\/\/l21.mx\/wp-content\/uploads\/2014\/04\/cancun-semana-santa-585x383.jpg 585w, https:\/\/l21.mx\/wp-content\/uploads\/2014\/04\/cancun-semana-santa.jpg 860w\" sizes=\"(max-width: 300px) 100vw, 300px\" \/><\/a>Con el aumento \u00a0en el arribo del turismo de origen nacional, la ocupaci\u00f3n hotelera de los principales destinos tur\u00edsticos de Quintana Roo en esta semana ser\u00e1 cercana al lleno total.<br \/>\nLa Secretar\u00eda Estatal de Turismo sostuvo que las previsiones arrojan que el 60 por ciento de los turistas que se hospedan en hotel vendr\u00e1n del interior del pa\u00eds y el resto del extranjero, aunque aclar\u00f3 que gran parte de los visitantes nacionales llegar\u00e1n a casa de amigos o familiares, como ocurre cada a\u00f1o en estas fechas.<br \/>\n\u201cEsta es la temporada en que se registra el mayor aumento de visitantes v\u00eda carretera \u2013auto particular o autob\u00fas-, aun cuando el Aeropuerto Internacional de Canc\u00fan reporta tambi\u00e9n un significativo incremento en el n\u00famero de operaciones\u201d, estableci\u00f3.<br \/>\nLa titular de la dependencia, Laura Fern\u00e1ndez dio a conocer que cifras preliminares establecen una ocupaci\u00f3n que oscilar\u00e1 entre el 90 por ciento y el lleno total, especialmente en Canc\u00fan y la Riviera Maya, con un porcentaje tambi\u00e9n elevado en destinos del sur, as\u00ed como en Isla Mujeres, Tulum y Cozumel, \u201cgracias a la labor de promoci\u00f3n realizada por el gobernador Roberto Borge, en coordinaci\u00f3n con empresarios locales\u201d, apunt\u00f3.<br \/>\nQuintana Roo, destac\u00f3, tiene una gran oferta hotelera, que actualmente es la m\u00e1s amplia del pa\u00eds, situaci\u00f3n que da la oportunidad de atender a turistas regionales, nacionales e internacionales con diversos tipos de productos y lugares para pasar sus vacaciones en familia.<\/p>\n<p>Indic\u00f3 que para este periodo de descanso se ha intensificado los operativos y las medidas de seguridad en las playas, carreteras, y los puntos de mayor afluencia de visitantes del estado, a fin de garantizar a los turistas una estancia segura.<br \/>\nEl operativo, dijo, se ampli\u00f3 tambi\u00e9n a la vigilancia conjunta policial entre los estados de la Pen\u00ednsula (Quintana Roo, Campeche y Yucat\u00e1n) con la \u00a0homologaci\u00f3n del 066 como n\u00famero telef\u00f3nico de emergencia; reforzamiento de acciones de Protecci\u00f3n Civil en materia de prevenci\u00f3n y coordinaci\u00f3n y la labor de Agencias Peninsulares Itinerantes del Ministerio P\u00fablico en las zonas tur\u00edsticas.<br \/>\nAdem\u00e1s precis\u00f3 que \u00a0se difunden campa\u00f1as de prevenci\u00f3n de accidentes, seguridad vial y respeto al medio ambiente para coadyuvar \u00a0con las autoridades federales, mar\u00edtimas, a\u00e9reas y terrestres para que la ley se cumpla cabalmente y, por \u00faltimo, un esfuerzo pleno para brindar informaci\u00f3n tur\u00edstica peninsular en paradores, m\u00f3dulos informativos y por medios electr\u00f3nicos.<\/p>\n","protected":false},"excerpt":{"rendered":"<p>M\u00e1s de la mitad ser\u00e1 turismo de origen nacional \u00c9xito tur\u00edstico, gracias a la labor de&hellip;<\/p>\n","protected":false},"author":2,"featured_media":6885,"comment_status":"open","ping_status":"open","sticky":false,"template":"","format":"standard","meta":{"_acf_changed":false,"_lmt_disableupdate":"","_lmt_disable":"","_mbp_gutenberg_autopost":false,"footnotes":""},"categories":[23,8],"tags":[],"class_list":["post-6881","post","type-post","status-publish","format-standard","has-post-thumbnail","hentry","category-noticias","category-turismo"],"acf":[],"_links":{"self":[{"href":"https:\/\/l21.mx\/index.php?rest_route=\/wp\/v2\/posts\/6881","targetHints":{"allow":["GET"]}}],"collection":[{"href":"https:\/\/l21.mx\/index.php?rest_route=\/wp\/v2\/posts"}],"about":[{"href":"https:\/\/l21.mx\/index.php?rest_route=\/wp\/v2\/types\/post"}],"author":[{"embeddable":true,"href":"https:\/\/l21.mx\/index.php?rest_route=\/wp\/v2\/users\/2"}],"replies":[{"embeddable":true,"href":"https:\/\/l21.mx\/index.php?rest_route=%2Fwp%2Fv2%2Fcomments&post=6881"}],"version-history":[{"count":0,"href":"https:\/\/l21.mx\/index.php?rest_route=\/wp\/v2\/posts\/6881\/revisions"}],"wp:featuredmedia":[{"embeddable":true,"href":"https:\/\/l21.mx\/index.php?rest_route=\/wp\/v2\/media\/6885"}],"wp:attachment":[{"href":"https:\/\/l21.mx\/index.php?rest_route=%2Fwp%2Fv2%2Fmedia&parent=6881"}],"wp:term":[{"taxonomy":"category","embeddable":true,"href":"https:\/\/l21.mx\/index.php?rest_route=%2Fwp%2Fv2%2Fcategories&post=6881"},{"taxonomy":"post_tag","embeddable":true,"href":"https:\/\/l21.mx\/index.php?rest_route=%2Fwp%2Fv2%2Ftags&post=6881"}],"curies":[{"name":"wp","href":"https:\/\/api.w.org\/{rel}","templated":true}]}}