{"id":68817,"date":"2024-02-04T12:24:51","date_gmt":"2024-02-04T17:24:51","guid":{"rendered":"https:\/\/l21.mx\/?p=68817"},"modified":"2024-02-04T12:24:51","modified_gmt":"2024-02-04T17:24:51","slug":"se-abre-a-la-circulacion-la-prolongacion-chac-mool-en-cancun","status":"publish","type":"post","link":"https:\/\/l21.mx\/?p=68817","title":{"rendered":"Se abre a la circulaci\u00f3n la prolongaci\u00f3n Chac Mool en Canc\u00fan"},"content":{"rendered":"<p>&nbsp;<\/p>\n<p>-La gobernadora Mara Lezama indic\u00f3 que esta obra mejorar\u00e1 la movilidad entre la avenida Huayac\u00e1n y el Bulevard Colosio<\/p>\n<p>Canc\u00fan.- La obra de la prolongaci\u00f3n de la avenida Chac Mool, una vialidad tan necesaria para descongestionar el tr\u00e1fico y mejorar la movilidad en Canc\u00fan, fue abierta a la circulaci\u00f3n a partir de este domingo, afirm\u00f3 la gobernadora Mara Lezama Espinosa.<\/p>\n<p><a href=\"https:\/\/l21.mx\/wp-content\/uploads\/2024\/02\/WhatsApp-Image-2024-02-04-at-12.08.00-PM-scaled.jpeg\" data-rel=\"penci-gallery-image-content\" ><img fetchpriority=\"high\" decoding=\"async\" class=\"alignnone size-medium wp-image-68818\" src=\"https:\/\/l21.mx\/wp-content\/uploads\/2024\/02\/WhatsApp-Image-2024-02-04-at-12.08.00-PM-300x200.jpeg\" alt=\"\" width=\"300\" height=\"200\" srcset=\"https:\/\/l21.mx\/wp-content\/uploads\/2024\/02\/WhatsApp-Image-2024-02-04-at-12.08.00-PM-300x200.jpeg 300w, https:\/\/l21.mx\/wp-content\/uploads\/2024\/02\/WhatsApp-Image-2024-02-04-at-12.08.00-PM-1024x683.jpeg 1024w, https:\/\/l21.mx\/wp-content\/uploads\/2024\/02\/WhatsApp-Image-2024-02-04-at-12.08.00-PM-768x512.jpeg 768w, https:\/\/l21.mx\/wp-content\/uploads\/2024\/02\/WhatsApp-Image-2024-02-04-at-12.08.00-PM-1536x1024.jpeg 1536w, https:\/\/l21.mx\/wp-content\/uploads\/2024\/02\/WhatsApp-Image-2024-02-04-at-12.08.00-PM-2048x1365.jpeg 2048w, https:\/\/l21.mx\/wp-content\/uploads\/2024\/02\/WhatsApp-Image-2024-02-04-at-12.08.00-PM-1920x1280.jpeg 1920w, https:\/\/l21.mx\/wp-content\/uploads\/2024\/02\/WhatsApp-Image-2024-02-04-at-12.08.00-PM-1170x780.jpeg 1170w, https:\/\/l21.mx\/wp-content\/uploads\/2024\/02\/WhatsApp-Image-2024-02-04-at-12.08.00-PM-585x390.jpeg 585w, https:\/\/l21.mx\/wp-content\/uploads\/2024\/02\/WhatsApp-Image-2024-02-04-at-12.08.00-PM-263x175.jpeg 263w\" sizes=\"(max-width: 300px) 100vw, 300px\" \/><\/a><\/p>\n<p>En esta obra, de 4.5 kil\u00f3metros de extensi\u00f3n, dos carriles por sentido, pasos de fauna, guarniciones, banquetas, drenaje pluvial, se materializa el Nuevo Acuerdo por el Bienestar y Desarrollo de Quintana Roo, pues suma el esfuerzo de todas y todos, destac\u00f3 la Gobernadora.<\/p>\n<p>Mara Lezama agradeci\u00f3 al presidente de M\u00e9xico, Andr\u00e9s Manuel L\u00f3pez Obrador la inversi\u00f3n destinada para realizar esta obra, que se suma a magnas inversiones que se realizan en el Estado y que est\u00e1n haciendo justicia social.<\/p>\n<p>Asimismo, destac\u00f3 el trabajo y la mano de obra de los trabajadores que d\u00eda a d\u00eda dieron su mejor esfuerzo para la construcci\u00f3n de la avenida Chac Mool que une a la avenida Huayac\u00e1n con el Bulevard Colosio.<\/p>\n<p>Al ponerse en servicio esta obra ya totalmente se\u00f1alizada para la seguridad de quienes la usen, se transforma tambi\u00e9n al municipio que no para de crecer, y se atiende una necesidad de las personas porque en este gobierno humanista y progresista, la gente est\u00e1 en el centro de las acciones.<\/p>\n","protected":false},"excerpt":{"rendered":"<p>&nbsp; -La gobernadora Mara Lezama indic\u00f3 que esta obra mejorar\u00e1 la movilidad entre la avenida Huayac\u00e1n&hellip;<\/p>\n","protected":false},"author":100,"featured_media":68819,"comment_status":"closed","ping_status":"closed","sticky":false,"template":"","format":"standard","meta":{"_acf_changed":false,"_lmt_disableupdate":"","_lmt_disable":"","_mbp_gutenberg_autopost":false,"footnotes":""},"categories":[23,1656],"tags":[],"class_list":["post-68817","post","type-post","status-publish","format-standard","has-post-thumbnail","hentry","category-noticias","category-quintana-roo"],"acf":[],"_links":{"self":[{"href":"https:\/\/l21.mx\/index.php?rest_route=\/wp\/v2\/posts\/68817","targetHints":{"allow":["GET"]}}],"collection":[{"href":"https:\/\/l21.mx\/index.php?rest_route=\/wp\/v2\/posts"}],"about":[{"href":"https:\/\/l21.mx\/index.php?rest_route=\/wp\/v2\/types\/post"}],"author":[{"embeddable":true,"href":"https:\/\/l21.mx\/index.php?rest_route=\/wp\/v2\/users\/100"}],"replies":[{"embeddable":true,"href":"https:\/\/l21.mx\/index.php?rest_route=%2Fwp%2Fv2%2Fcomments&post=68817"}],"version-history":[{"count":0,"href":"https:\/\/l21.mx\/index.php?rest_route=\/wp\/v2\/posts\/68817\/revisions"}],"wp:featuredmedia":[{"embeddable":true,"href":"https:\/\/l21.mx\/index.php?rest_route=\/wp\/v2\/media\/68819"}],"wp:attachment":[{"href":"https:\/\/l21.mx\/index.php?rest_route=%2Fwp%2Fv2%2Fmedia&parent=68817"}],"wp:term":[{"taxonomy":"category","embeddable":true,"href":"https:\/\/l21.mx\/index.php?rest_route=%2Fwp%2Fv2%2Fcategories&post=68817"},{"taxonomy":"post_tag","embeddable":true,"href":"https:\/\/l21.mx\/index.php?rest_route=%2Fwp%2Fv2%2Ftags&post=68817"}],"curies":[{"name":"wp","href":"https:\/\/api.w.org\/{rel}","templated":true}]}}