{"id":68823,"date":"2024-02-04T12:26:54","date_gmt":"2024-02-04T17:26:54","guid":{"rendered":"https:\/\/l21.mx\/?p=68823"},"modified":"2024-02-04T12:26:54","modified_gmt":"2024-02-04T17:26:54","slug":"puerto-aventuras-tambien-festejo-la-candelaria","status":"publish","type":"post","link":"https:\/\/l21.mx\/?p=68823","title":{"rendered":"Puerto Aventuras tambi\u00e9n festej\u00f3 la Candelaria"},"content":{"rendered":"<p>&nbsp;<\/p>\n<p>\u2022 Impulsa el rescate y fortalecimiento de tradiciones y costumbres, para la convivencia familiar<\/p>\n<p><a href=\"https:\/\/l21.mx\/wp-content\/uploads\/2024\/02\/WhatsApp-Image-2024-02-03-at-8.33.51-PM.jpeg\" data-rel=\"penci-gallery-image-content\" ><img fetchpriority=\"high\" decoding=\"async\" class=\"alignnone size-medium wp-image-68825\" src=\"https:\/\/l21.mx\/wp-content\/uploads\/2024\/02\/WhatsApp-Image-2024-02-03-at-8.33.51-PM-300x200.jpeg\" alt=\"\" width=\"300\" height=\"200\" srcset=\"https:\/\/l21.mx\/wp-content\/uploads\/2024\/02\/WhatsApp-Image-2024-02-03-at-8.33.51-PM-300x200.jpeg 300w, https:\/\/l21.mx\/wp-content\/uploads\/2024\/02\/WhatsApp-Image-2024-02-03-at-8.33.51-PM-1024x682.jpeg 1024w, https:\/\/l21.mx\/wp-content\/uploads\/2024\/02\/WhatsApp-Image-2024-02-03-at-8.33.51-PM-768x512.jpeg 768w, https:\/\/l21.mx\/wp-content\/uploads\/2024\/02\/WhatsApp-Image-2024-02-03-at-8.33.51-PM-1170x780.jpeg 1170w, https:\/\/l21.mx\/wp-content\/uploads\/2024\/02\/WhatsApp-Image-2024-02-03-at-8.33.51-PM-585x390.jpeg 585w, https:\/\/l21.mx\/wp-content\/uploads\/2024\/02\/WhatsApp-Image-2024-02-03-at-8.33.51-PM-263x175.jpeg 263w, https:\/\/l21.mx\/wp-content\/uploads\/2024\/02\/WhatsApp-Image-2024-02-03-at-8.33.51-PM.jpeg 1280w\" sizes=\"(max-width: 300px) 100vw, 300px\" \/><\/a><\/p>\n<p>Playa del Carmen, Solidaridad, 4 de febrero del 2024- Por primera vez el gobierno municipal de Solidaridad, celebr\u00f3 el D\u00eda de la Candelaria en Puerto Aventuras. En representaci\u00f3n de la presidenta municipal Lili Campos, el alcalde de Puerto Aventuras, Gilberto G\u00f3mez, comparti\u00f3 tamales como parte de la festividad para promover las tradiciones.<\/p>\n<p>Gilberto G\u00f3mez destac\u00f3 que este tipo de actividades no solo ayudan a preservar las tradiciones y crear identidad, sino que tambi\u00e9n generan ingresos para las familias, al proporcionarles espacios para vender sus productos.<\/p>\n<p><a href=\"https:\/\/l21.mx\/wp-content\/uploads\/2024\/02\/WhatsApp-Image-2024-02-03-at-8.33.50-PM.jpeg\" data-rel=\"penci-gallery-image-content\" ><img decoding=\"async\" class=\"alignnone size-medium wp-image-68826\" src=\"https:\/\/l21.mx\/wp-content\/uploads\/2024\/02\/WhatsApp-Image-2024-02-03-at-8.33.50-PM-300x200.jpeg\" alt=\"\" width=\"300\" height=\"200\" srcset=\"https:\/\/l21.mx\/wp-content\/uploads\/2024\/02\/WhatsApp-Image-2024-02-03-at-8.33.50-PM-300x200.jpeg 300w, https:\/\/l21.mx\/wp-content\/uploads\/2024\/02\/WhatsApp-Image-2024-02-03-at-8.33.50-PM-1024x682.jpeg 1024w, https:\/\/l21.mx\/wp-content\/uploads\/2024\/02\/WhatsApp-Image-2024-02-03-at-8.33.50-PM-768x512.jpeg 768w, https:\/\/l21.mx\/wp-content\/uploads\/2024\/02\/WhatsApp-Image-2024-02-03-at-8.33.50-PM-1170x780.jpeg 1170w, https:\/\/l21.mx\/wp-content\/uploads\/2024\/02\/WhatsApp-Image-2024-02-03-at-8.33.50-PM-585x390.jpeg 585w, https:\/\/l21.mx\/wp-content\/uploads\/2024\/02\/WhatsApp-Image-2024-02-03-at-8.33.50-PM-263x175.jpeg 263w, https:\/\/l21.mx\/wp-content\/uploads\/2024\/02\/WhatsApp-Image-2024-02-03-at-8.33.50-PM.jpeg 1280w\" sizes=\"(max-width: 300px) 100vw, 300px\" \/><\/a><\/p>\n<p>Durante la celebraci\u00f3n, los asistentes disfrutaron de tamales, as\u00ed como de bailes presentados por diversos grupos que amenizaron con su ritmo y alegr\u00eda. Adem\u00e1s, hubo espect\u00e1culos de payasitas, botargas, pinta caritas, juegos y otras actividades para el entretenimiento de todos los asistentes.<\/p>\n","protected":false},"excerpt":{"rendered":"<p>&nbsp; \u2022 Impulsa el rescate y fortalecimiento de tradiciones y costumbres, para la convivencia familiar Playa&hellip;<\/p>\n","protected":false},"author":100,"featured_media":68824,"comment_status":"closed","ping_status":"closed","sticky":false,"template":"","format":"standard","meta":{"_acf_changed":false,"_lmt_disableupdate":"","_lmt_disable":"","_mbp_gutenberg_autopost":false,"footnotes":""},"categories":[1654],"tags":[],"class_list":["post-68823","post","type-post","status-publish","format-standard","has-post-thumbnail","hentry","category-solidaridad"],"acf":[],"_links":{"self":[{"href":"https:\/\/l21.mx\/index.php?rest_route=\/wp\/v2\/posts\/68823","targetHints":{"allow":["GET"]}}],"collection":[{"href":"https:\/\/l21.mx\/index.php?rest_route=\/wp\/v2\/posts"}],"about":[{"href":"https:\/\/l21.mx\/index.php?rest_route=\/wp\/v2\/types\/post"}],"author":[{"embeddable":true,"href":"https:\/\/l21.mx\/index.php?rest_route=\/wp\/v2\/users\/100"}],"replies":[{"embeddable":true,"href":"https:\/\/l21.mx\/index.php?rest_route=%2Fwp%2Fv2%2Fcomments&post=68823"}],"version-history":[{"count":0,"href":"https:\/\/l21.mx\/index.php?rest_route=\/wp\/v2\/posts\/68823\/revisions"}],"wp:featuredmedia":[{"embeddable":true,"href":"https:\/\/l21.mx\/index.php?rest_route=\/wp\/v2\/media\/68824"}],"wp:attachment":[{"href":"https:\/\/l21.mx\/index.php?rest_route=%2Fwp%2Fv2%2Fmedia&parent=68823"}],"wp:term":[{"taxonomy":"category","embeddable":true,"href":"https:\/\/l21.mx\/index.php?rest_route=%2Fwp%2Fv2%2Fcategories&post=68823"},{"taxonomy":"post_tag","embeddable":true,"href":"https:\/\/l21.mx\/index.php?rest_route=%2Fwp%2Fv2%2Ftags&post=68823"}],"curies":[{"name":"wp","href":"https:\/\/api.w.org\/{rel}","templated":true}]}}