{"id":68918,"date":"2024-02-07T18:12:53","date_gmt":"2024-02-07T23:12:53","guid":{"rendered":"https:\/\/l21.mx\/?p=68918"},"modified":"2024-02-07T18:12:53","modified_gmt":"2024-02-07T23:12:53","slug":"recibe-cozumel-al-barco-mas-grande-del-mundo-icon-of-de-seas","status":"publish","type":"post","link":"https:\/\/l21.mx\/?p=68918","title":{"rendered":"Recibe Cozumel al barco m\u00e1s grande del mundo: Icon of de Seas"},"content":{"rendered":"<p>&nbsp;<\/p>\n<p>-En un ambiente festivo, enmarcado en el 150 aniversario del Carnaval de Cozumel, uno de m\u00e1s tradicionales y emblem\u00e1ticos de Quintana Roo<\/p>\n<p><a href=\"https:\/\/l21.mx\/wp-content\/uploads\/2024\/02\/WhatsApp-Image-2024-02-07-at-3.00.36-PM.jpeg\" data-rel=\"penci-gallery-image-content\" ><img fetchpriority=\"high\" decoding=\"async\" class=\"alignnone size-medium wp-image-68922\" src=\"https:\/\/l21.mx\/wp-content\/uploads\/2024\/02\/WhatsApp-Image-2024-02-07-at-3.00.36-PM-300x200.jpeg\" alt=\"\" width=\"300\" height=\"200\" srcset=\"https:\/\/l21.mx\/wp-content\/uploads\/2024\/02\/WhatsApp-Image-2024-02-07-at-3.00.36-PM-300x200.jpeg 300w, https:\/\/l21.mx\/wp-content\/uploads\/2024\/02\/WhatsApp-Image-2024-02-07-at-3.00.36-PM-1024x684.jpeg 1024w, https:\/\/l21.mx\/wp-content\/uploads\/2024\/02\/WhatsApp-Image-2024-02-07-at-3.00.36-PM-768x513.jpeg 768w, https:\/\/l21.mx\/wp-content\/uploads\/2024\/02\/WhatsApp-Image-2024-02-07-at-3.00.36-PM-1536x1025.jpeg 1536w, https:\/\/l21.mx\/wp-content\/uploads\/2024\/02\/WhatsApp-Image-2024-02-07-at-3.00.36-PM-1170x781.jpeg 1170w, https:\/\/l21.mx\/wp-content\/uploads\/2024\/02\/WhatsApp-Image-2024-02-07-at-3.00.36-PM-585x390.jpeg 585w, https:\/\/l21.mx\/wp-content\/uploads\/2024\/02\/WhatsApp-Image-2024-02-07-at-3.00.36-PM-263x175.jpeg 263w, https:\/\/l21.mx\/wp-content\/uploads\/2024\/02\/WhatsApp-Image-2024-02-07-at-3.00.36-PM.jpeg 1600w\" sizes=\"(max-width: 300px) 100vw, 300px\" \/><\/a><\/p>\n<p>Cozumel.- Con un ambiente festivo, en medio de la algarab\u00eda por el 150 aniversario del Carnaval de Cozumel, fueron recibidos los miles de pasajeros que llegaron a bordo del barco m\u00e1s grande del mundo, el Icon of de Seas, que realiz\u00f3 una parada inaugural en esta paradis\u00edaca isla.<\/p>\n<p>Acompa\u00f1ada por la presidenta municipal de Cozumel, Juanita Alonso Marrufo, la gobernadora Mara Lezama Espinosa dio la bienvenida a los cruceristas, a la tripulaci\u00f3n y a los ejecutivos de la empresa Royal Caribbean International que participan en esta jornada inaugural en este destino l\u00edder en turismo de cruceros, pero a la vez generador de empleos formales, con las prestaciones de ley.<\/p>\n<p><a href=\"https:\/\/l21.mx\/wp-content\/uploads\/2024\/02\/WhatsApp-Image-2024-02-07-at-3.00.35-PM.jpeg\" data-rel=\"penci-gallery-image-content\" ><img decoding=\"async\" class=\"alignnone size-medium wp-image-68920\" src=\"https:\/\/l21.mx\/wp-content\/uploads\/2024\/02\/WhatsApp-Image-2024-02-07-at-3.00.35-PM-300x200.jpeg\" alt=\"\" width=\"300\" height=\"200\" srcset=\"https:\/\/l21.mx\/wp-content\/uploads\/2024\/02\/WhatsApp-Image-2024-02-07-at-3.00.35-PM-300x200.jpeg 300w, https:\/\/l21.mx\/wp-content\/uploads\/2024\/02\/WhatsApp-Image-2024-02-07-at-3.00.35-PM-1024x682.jpeg 1024w, https:\/\/l21.mx\/wp-content\/uploads\/2024\/02\/WhatsApp-Image-2024-02-07-at-3.00.35-PM-768x512.jpeg 768w, https:\/\/l21.mx\/wp-content\/uploads\/2024\/02\/WhatsApp-Image-2024-02-07-at-3.00.35-PM-1536x1023.jpeg 1536w, https:\/\/l21.mx\/wp-content\/uploads\/2024\/02\/WhatsApp-Image-2024-02-07-at-3.00.35-PM-1170x780.jpeg 1170w, https:\/\/l21.mx\/wp-content\/uploads\/2024\/02\/WhatsApp-Image-2024-02-07-at-3.00.35-PM-585x390.jpeg 585w, https:\/\/l21.mx\/wp-content\/uploads\/2024\/02\/WhatsApp-Image-2024-02-07-at-3.00.35-PM-263x175.jpeg 263w, https:\/\/l21.mx\/wp-content\/uploads\/2024\/02\/WhatsApp-Image-2024-02-07-at-3.00.35-PM.jpeg 1600w\" sizes=\"(max-width: 300px) 100vw, 300px\" \/><\/a><\/p>\n<p>\u201cEsta ceremonia viene acompa\u00f1ada por partida doble. Por un lado, la llegada del Icon of the Seas, el crucero m\u00e1s grande del mundo, y los festejos del 150 Aniversario de uno de los Carnavales m\u00e1s importantes de M\u00e9xico, que se celebra aqu\u00ed en Cozumel\u201d explic\u00f3 la titular del Ejecutivo.<\/p>\n<p>A bordo de la nave, la gobernadora Mara Lezama salud\u00f3 a Michael Bayley, Presidente y CEO de la Royal Caribbean International \u201ccon quien nos une esa filosof\u00eda de que cuando hacemos las cosas bien, los resultados se ven en beneficio para todas y todos\u201d.<\/p>\n<p>Como parte del protocolo, la bienvenida incluy\u00f3 el intercambio de llave y entrega de placas por el Gobierno del Estado y los ejecutivos de la empresa.<\/p>\n<p><a href=\"https:\/\/l21.mx\/wp-content\/uploads\/2024\/02\/WhatsApp-Image-2024-02-07-at-3.00.34-PM.jpeg\" data-rel=\"penci-gallery-image-content\" ><img decoding=\"async\" class=\"alignnone size-medium wp-image-68919\" src=\"https:\/\/l21.mx\/wp-content\/uploads\/2024\/02\/WhatsApp-Image-2024-02-07-at-3.00.34-PM-300x200.jpeg\" alt=\"\" width=\"300\" height=\"200\" srcset=\"https:\/\/l21.mx\/wp-content\/uploads\/2024\/02\/WhatsApp-Image-2024-02-07-at-3.00.34-PM-300x200.jpeg 300w, https:\/\/l21.mx\/wp-content\/uploads\/2024\/02\/WhatsApp-Image-2024-02-07-at-3.00.34-PM-1024x684.jpeg 1024w, https:\/\/l21.mx\/wp-content\/uploads\/2024\/02\/WhatsApp-Image-2024-02-07-at-3.00.34-PM-768x513.jpeg 768w, https:\/\/l21.mx\/wp-content\/uploads\/2024\/02\/WhatsApp-Image-2024-02-07-at-3.00.34-PM-1536x1025.jpeg 1536w, https:\/\/l21.mx\/wp-content\/uploads\/2024\/02\/WhatsApp-Image-2024-02-07-at-3.00.34-PM-1170x781.jpeg 1170w, https:\/\/l21.mx\/wp-content\/uploads\/2024\/02\/WhatsApp-Image-2024-02-07-at-3.00.34-PM-585x390.jpeg 585w, https:\/\/l21.mx\/wp-content\/uploads\/2024\/02\/WhatsApp-Image-2024-02-07-at-3.00.34-PM-263x175.jpeg 263w, https:\/\/l21.mx\/wp-content\/uploads\/2024\/02\/WhatsApp-Image-2024-02-07-at-3.00.34-PM.jpeg 1600w\" sizes=\"(max-width: 300px) 100vw, 300px\" \/><\/a><\/p>\n<p>La gobernadora de Quintana Roo destac\u00f3 que hoy se transforma la actividad con un Nuevo Modelo Tur\u00edstico que contempla la preservaci\u00f3n de nuestra riqueza natural, atractivos internacionales para miles de turistas y generador de empleos, como se establece en el Nuevo Acuerdo por el Bienestar y Desarrollo que impulsa una prosperidad compartida para todas y todos.<\/p>\n<p>Puntualiz\u00f3 que la llegada del Icon of the Seas no s\u00f3lo significa un nuevo cap\u00edtulo para Cozumel, sino que tambi\u00e9n refuerza<br \/>\nnuestra dedicaci\u00f3n responsable vibrante por una actividad que es motor de la econom\u00eda y sustento de miles y miles de quintanarroenses.<\/p>\n<p>Atestiguaron esta bienvenida la coordinadora general de Puerto SEMAR, Ana Laura L\u00f3pez Bautista; el secretario estatal de Turismo, Bernardo Cueto Riestra y el director general de la APIQROO, Vagner Elbiom.<\/p>\n","protected":false},"excerpt":{"rendered":"<p>&nbsp; -En un ambiente festivo, enmarcado en el 150 aniversario del Carnaval de Cozumel, uno de&hellip;<\/p>\n","protected":false},"author":100,"featured_media":68921,"comment_status":"closed","ping_status":"closed","sticky":false,"template":"","format":"standard","meta":{"_acf_changed":false,"_lmt_disableupdate":"","_lmt_disable":"","_mbp_gutenberg_autopost":false,"footnotes":""},"categories":[23,1656,8],"tags":[],"class_list":["post-68918","post","type-post","status-publish","format-standard","has-post-thumbnail","hentry","category-noticias","category-quintana-roo","category-turismo"],"acf":[],"_links":{"self":[{"href":"https:\/\/l21.mx\/index.php?rest_route=\/wp\/v2\/posts\/68918","targetHints":{"allow":["GET"]}}],"collection":[{"href":"https:\/\/l21.mx\/index.php?rest_route=\/wp\/v2\/posts"}],"about":[{"href":"https:\/\/l21.mx\/index.php?rest_route=\/wp\/v2\/types\/post"}],"author":[{"embeddable":true,"href":"https:\/\/l21.mx\/index.php?rest_route=\/wp\/v2\/users\/100"}],"replies":[{"embeddable":true,"href":"https:\/\/l21.mx\/index.php?rest_route=%2Fwp%2Fv2%2Fcomments&post=68918"}],"version-history":[{"count":0,"href":"https:\/\/l21.mx\/index.php?rest_route=\/wp\/v2\/posts\/68918\/revisions"}],"wp:featuredmedia":[{"embeddable":true,"href":"https:\/\/l21.mx\/index.php?rest_route=\/wp\/v2\/media\/68921"}],"wp:attachment":[{"href":"https:\/\/l21.mx\/index.php?rest_route=%2Fwp%2Fv2%2Fmedia&parent=68918"}],"wp:term":[{"taxonomy":"category","embeddable":true,"href":"https:\/\/l21.mx\/index.php?rest_route=%2Fwp%2Fv2%2Fcategories&post=68918"},{"taxonomy":"post_tag","embeddable":true,"href":"https:\/\/l21.mx\/index.php?rest_route=%2Fwp%2Fv2%2Ftags&post=68918"}],"curies":[{"name":"wp","href":"https:\/\/api.w.org\/{rel}","templated":true}]}}