{"id":69029,"date":"2024-02-10T15:14:17","date_gmt":"2024-02-10T20:14:17","guid":{"rendered":"https:\/\/l21.mx\/?p=69029"},"modified":"2024-02-10T15:14:17","modified_gmt":"2024-02-10T20:14:17","slug":"los-adultos-mayores-prioridad-de-lili-campos","status":"publish","type":"post","link":"https:\/\/l21.mx\/?p=69029","title":{"rendered":"Los adultos mayores, prioridad de Lili Campos"},"content":{"rendered":"<p>&nbsp;<\/p>\n<p>\u2022 En conmemoraci\u00f3n del D\u00eda del Amor y la Amistad, la presidenta municipal convivi\u00f3 y comparti\u00f3 talentos art\u00edsticos con integrantes del Club del Adulto Mayor<\/p>\n<p><a href=\"https:\/\/l21.mx\/wp-content\/uploads\/2024\/02\/WhatsApp-Image-2024-02-10-at-2.26.46-PM-1.jpeg\" data-rel=\"penci-gallery-image-content\" ><img fetchpriority=\"high\" decoding=\"async\" class=\"alignnone size-medium wp-image-69033\" src=\"https:\/\/l21.mx\/wp-content\/uploads\/2024\/02\/WhatsApp-Image-2024-02-10-at-2.26.46-PM-1-300x200.jpeg\" alt=\"\" width=\"300\" height=\"200\" srcset=\"https:\/\/l21.mx\/wp-content\/uploads\/2024\/02\/WhatsApp-Image-2024-02-10-at-2.26.46-PM-1-300x200.jpeg 300w, https:\/\/l21.mx\/wp-content\/uploads\/2024\/02\/WhatsApp-Image-2024-02-10-at-2.26.46-PM-1-1024x682.jpeg 1024w, https:\/\/l21.mx\/wp-content\/uploads\/2024\/02\/WhatsApp-Image-2024-02-10-at-2.26.46-PM-1-768x512.jpeg 768w, https:\/\/l21.mx\/wp-content\/uploads\/2024\/02\/WhatsApp-Image-2024-02-10-at-2.26.46-PM-1-1170x780.jpeg 1170w, https:\/\/l21.mx\/wp-content\/uploads\/2024\/02\/WhatsApp-Image-2024-02-10-at-2.26.46-PM-1-585x390.jpeg 585w, https:\/\/l21.mx\/wp-content\/uploads\/2024\/02\/WhatsApp-Image-2024-02-10-at-2.26.46-PM-1-263x175.jpeg 263w, https:\/\/l21.mx\/wp-content\/uploads\/2024\/02\/WhatsApp-Image-2024-02-10-at-2.26.46-PM-1.jpeg 1280w\" sizes=\"(max-width: 300px) 100vw, 300px\" \/><\/a><\/p>\n<p>Playa del Carmen, Solidaridad, 10 de febrero del 2024.- Los integrantes del Club del Adulto Mayor de Solidaridad fueron festejados por el gobierno municipal encabezado por la presidenta municipal Lili Campos, en conmemoraci\u00f3n del D\u00eda del Amor y la Amistad, con un programa art\u00edstico para el disfrute de las bellas artes.<\/p>\n<p><a href=\"https:\/\/l21.mx\/wp-content\/uploads\/2024\/02\/WhatsApp-Image-2024-02-10-at-2.26.46-PM-2.jpeg\" data-rel=\"penci-gallery-image-content\" ><img decoding=\"async\" class=\"alignnone size-medium wp-image-69032\" src=\"https:\/\/l21.mx\/wp-content\/uploads\/2024\/02\/WhatsApp-Image-2024-02-10-at-2.26.46-PM-2-300x200.jpeg\" alt=\"\" width=\"300\" height=\"200\" srcset=\"https:\/\/l21.mx\/wp-content\/uploads\/2024\/02\/WhatsApp-Image-2024-02-10-at-2.26.46-PM-2-300x200.jpeg 300w, https:\/\/l21.mx\/wp-content\/uploads\/2024\/02\/WhatsApp-Image-2024-02-10-at-2.26.46-PM-2-1024x682.jpeg 1024w, https:\/\/l21.mx\/wp-content\/uploads\/2024\/02\/WhatsApp-Image-2024-02-10-at-2.26.46-PM-2-768x512.jpeg 768w, https:\/\/l21.mx\/wp-content\/uploads\/2024\/02\/WhatsApp-Image-2024-02-10-at-2.26.46-PM-2-1170x780.jpeg 1170w, https:\/\/l21.mx\/wp-content\/uploads\/2024\/02\/WhatsApp-Image-2024-02-10-at-2.26.46-PM-2-585x390.jpeg 585w, https:\/\/l21.mx\/wp-content\/uploads\/2024\/02\/WhatsApp-Image-2024-02-10-at-2.26.46-PM-2-263x175.jpeg 263w, https:\/\/l21.mx\/wp-content\/uploads\/2024\/02\/WhatsApp-Image-2024-02-10-at-2.26.46-PM-2.jpeg 1280w\" sizes=\"(max-width: 300px) 100vw, 300px\" \/><\/a><\/p>\n<p>\u00abLa edad es un n\u00famero y no hay un n\u00famero que pueda medir la grandeza de todos ustedes\u00bb enfatiz\u00f3 la presidenta municipal.<\/p>\n<p>En su mensaje Lili Campos resalt\u00f3, \u00abpara m\u00ed son sumamente importantes, son lo que m\u00e1s amo en el municipio. Hoy es un d\u00eda de mucha alegr\u00eda y unidad, pero sobre todo de muchas experiencias\u201d.<\/p>\n<p><a href=\"https:\/\/l21.mx\/wp-content\/uploads\/2024\/02\/WhatsApp-Image-2024-02-10-at-2.26.46-PM.jpeg\" data-rel=\"penci-gallery-image-content\" ><img decoding=\"async\" class=\"alignnone size-medium wp-image-69030\" src=\"https:\/\/l21.mx\/wp-content\/uploads\/2024\/02\/WhatsApp-Image-2024-02-10-at-2.26.46-PM-300x200.jpeg\" alt=\"\" width=\"300\" height=\"200\" srcset=\"https:\/\/l21.mx\/wp-content\/uploads\/2024\/02\/WhatsApp-Image-2024-02-10-at-2.26.46-PM-300x200.jpeg 300w, https:\/\/l21.mx\/wp-content\/uploads\/2024\/02\/WhatsApp-Image-2024-02-10-at-2.26.46-PM-1024x682.jpeg 1024w, https:\/\/l21.mx\/wp-content\/uploads\/2024\/02\/WhatsApp-Image-2024-02-10-at-2.26.46-PM-768x512.jpeg 768w, https:\/\/l21.mx\/wp-content\/uploads\/2024\/02\/WhatsApp-Image-2024-02-10-at-2.26.46-PM-1170x780.jpeg 1170w, https:\/\/l21.mx\/wp-content\/uploads\/2024\/02\/WhatsApp-Image-2024-02-10-at-2.26.46-PM-585x390.jpeg 585w, https:\/\/l21.mx\/wp-content\/uploads\/2024\/02\/WhatsApp-Image-2024-02-10-at-2.26.46-PM-263x175.jpeg 263w, https:\/\/l21.mx\/wp-content\/uploads\/2024\/02\/WhatsApp-Image-2024-02-10-at-2.26.46-PM.jpeg 1280w\" sizes=\"(max-width: 300px) 100vw, 300px\" \/><\/a><\/p>\n<p>En este d\u00eda especial, Lili Campos abri\u00f3 el Teatro de la Ciudad, brindando espacios al Club del Adulto Mayor de Solidaridad y Puerto Aventuras, para la demostraci\u00f3n sus talentos art\u00edsticos.<\/p>\n<p>Tal es el caso de Teresita Delgado, pianista profesional quien durante su carrera comparti\u00f3 escenario con grandes exponentes como Pl\u00e1cido Domingo, deleit\u00f3 a todos, con su emotiva y magn\u00edfica presentaci\u00f3n.<\/p>\n<p>Durante el evento los presentes bailaron y cantaron disfrutando de las presentaciones del coro, agrupaci\u00f3n andina, trio y mariachi, adem\u00e1s de exposici\u00f3n de pinturas.<\/p>\n","protected":false},"excerpt":{"rendered":"<p>&nbsp; \u2022 En conmemoraci\u00f3n del D\u00eda del Amor y la Amistad, la presidenta municipal convivi\u00f3 y&hellip;<\/p>\n","protected":false},"author":100,"featured_media":69031,"comment_status":"closed","ping_status":"closed","sticky":false,"template":"","format":"standard","meta":{"_acf_changed":false,"_lmt_disableupdate":"","_lmt_disable":"","_mbp_gutenberg_autopost":false,"footnotes":""},"categories":[1654],"tags":[],"class_list":["post-69029","post","type-post","status-publish","format-standard","has-post-thumbnail","hentry","category-solidaridad"],"acf":[],"_links":{"self":[{"href":"https:\/\/l21.mx\/index.php?rest_route=\/wp\/v2\/posts\/69029","targetHints":{"allow":["GET"]}}],"collection":[{"href":"https:\/\/l21.mx\/index.php?rest_route=\/wp\/v2\/posts"}],"about":[{"href":"https:\/\/l21.mx\/index.php?rest_route=\/wp\/v2\/types\/post"}],"author":[{"embeddable":true,"href":"https:\/\/l21.mx\/index.php?rest_route=\/wp\/v2\/users\/100"}],"replies":[{"embeddable":true,"href":"https:\/\/l21.mx\/index.php?rest_route=%2Fwp%2Fv2%2Fcomments&post=69029"}],"version-history":[{"count":0,"href":"https:\/\/l21.mx\/index.php?rest_route=\/wp\/v2\/posts\/69029\/revisions"}],"wp:featuredmedia":[{"embeddable":true,"href":"https:\/\/l21.mx\/index.php?rest_route=\/wp\/v2\/media\/69031"}],"wp:attachment":[{"href":"https:\/\/l21.mx\/index.php?rest_route=%2Fwp%2Fv2%2Fmedia&parent=69029"}],"wp:term":[{"taxonomy":"category","embeddable":true,"href":"https:\/\/l21.mx\/index.php?rest_route=%2Fwp%2Fv2%2Fcategories&post=69029"},{"taxonomy":"post_tag","embeddable":true,"href":"https:\/\/l21.mx\/index.php?rest_route=%2Fwp%2Fv2%2Ftags&post=69029"}],"curies":[{"name":"wp","href":"https:\/\/api.w.org\/{rel}","templated":true}]}}