{"id":69037,"date":"2024-02-11T14:21:53","date_gmt":"2024-02-11T19:21:53","guid":{"rendered":"https:\/\/l21.mx\/?p=69037"},"modified":"2024-02-11T14:21:53","modified_gmt":"2024-02-11T19:21:53","slug":"gran-presentacion-de-sebastian-yatra-y-espectacular-paseo-de-comparsas-en-playa-del-carmen","status":"publish","type":"post","link":"https:\/\/l21.mx\/?p=69037","title":{"rendered":"Gran presentaci\u00f3n de Sebasti\u00e1n Yatra y espectacular paseo de comparsas en Playa del Carmen"},"content":{"rendered":"<p><a href=\"https:\/\/l21.mx\/wp-content\/uploads\/2024\/02\/WhatsApp-Image-2024-02-11-at-12.22.36-AM.jpeg\" data-rel=\"penci-gallery-image-content\" ><img fetchpriority=\"high\" decoding=\"async\" class=\"alignnone size-medium wp-image-69040\" src=\"https:\/\/l21.mx\/wp-content\/uploads\/2024\/02\/WhatsApp-Image-2024-02-11-at-12.22.36-AM-300x175.jpeg\" alt=\"\" width=\"300\" height=\"175\" srcset=\"https:\/\/l21.mx\/wp-content\/uploads\/2024\/02\/WhatsApp-Image-2024-02-11-at-12.22.36-AM-300x175.jpeg 300w, https:\/\/l21.mx\/wp-content\/uploads\/2024\/02\/WhatsApp-Image-2024-02-11-at-12.22.36-AM-1024x599.jpeg 1024w, https:\/\/l21.mx\/wp-content\/uploads\/2024\/02\/WhatsApp-Image-2024-02-11-at-12.22.36-AM-768x449.jpeg 768w, https:\/\/l21.mx\/wp-content\/uploads\/2024\/02\/WhatsApp-Image-2024-02-11-at-12.22.36-AM-585x342.jpeg 585w, https:\/\/l21.mx\/wp-content\/uploads\/2024\/02\/WhatsApp-Image-2024-02-11-at-12.22.36-AM.jpeg 1159w\" sizes=\"(max-width: 300px) 100vw, 300px\" \/><\/a><\/p>\n<p>Playa del Carmen, Solidaridad a 11 de febrero del 2024.- M\u00e1s de 18 mil personas disfrutaron del concierto del cantante Sebasti\u00e1n Yatra en la plaza 28 de Julio, as\u00ed como del ritmo, alegr\u00eda y colorido del paseo de comparsas y carros aleg\u00f3ricos sobre calles del primer cuadro de la ciudad, que encabez\u00f3 la presidenta municipal Lili Campos, en el marco de las fiestas del \u201cCarnaval Playa del Carmen 2024\u201d.<\/p>\n<p><a href=\"https:\/\/l21.mx\/wp-content\/uploads\/2024\/02\/WhatsApp-Image-2024-02-10-at-11.45.30-PM.jpeg\" data-rel=\"penci-gallery-image-content\" ><img decoding=\"async\" class=\"alignnone size-medium wp-image-69039\" src=\"https:\/\/l21.mx\/wp-content\/uploads\/2024\/02\/WhatsApp-Image-2024-02-10-at-11.45.30-PM-300x207.jpeg\" alt=\"\" width=\"300\" height=\"207\" srcset=\"https:\/\/l21.mx\/wp-content\/uploads\/2024\/02\/WhatsApp-Image-2024-02-10-at-11.45.30-PM-300x207.jpeg 300w, https:\/\/l21.mx\/wp-content\/uploads\/2024\/02\/WhatsApp-Image-2024-02-10-at-11.45.30-PM-1024x706.jpeg 1024w, https:\/\/l21.mx\/wp-content\/uploads\/2024\/02\/WhatsApp-Image-2024-02-10-at-11.45.30-PM-768x530.jpeg 768w, https:\/\/l21.mx\/wp-content\/uploads\/2024\/02\/WhatsApp-Image-2024-02-10-at-11.45.30-PM-1170x807.jpeg 1170w, https:\/\/l21.mx\/wp-content\/uploads\/2024\/02\/WhatsApp-Image-2024-02-10-at-11.45.30-PM-585x404.jpeg 585w, https:\/\/l21.mx\/wp-content\/uploads\/2024\/02\/WhatsApp-Image-2024-02-10-at-11.45.30-PM.jpeg 1280w\" sizes=\"(max-width: 300px) 100vw, 300px\" \/><\/a><br \/>\nLili Campos acompa\u00f1\u00f3 a los reyes y reinas soberanos electos, sus comparsas y carros aleg\u00f3ricos, al concluir, se reunieron en la plaza c\u00edvica 28 de Julio, donde las miles de personas reunidas disfrutaron la presentaci\u00f3n del cantante \u201cSebasti\u00e1n Yatra\u201d, puso a cantar y bailar a todo el p\u00fablico asistente con \u201cTacones Rojos\u201d, \u201cTraicionera\u201d, \u00abComo Mirate\u00bb, \u00abPareja del A\u00f1o\u00bb entre otros \u00e9xitos.<\/p>\n<p><a href=\"https:\/\/l21.mx\/wp-content\/uploads\/2024\/02\/WhatsApp-Image-2024-02-10-at-11.45.32-PM-1.jpeg\" data-rel=\"penci-gallery-image-content\" ><img decoding=\"async\" class=\"alignnone size-medium wp-image-69042\" src=\"https:\/\/l21.mx\/wp-content\/uploads\/2024\/02\/WhatsApp-Image-2024-02-10-at-11.45.32-PM-1-300x200.jpeg\" alt=\"\" width=\"300\" height=\"200\" srcset=\"https:\/\/l21.mx\/wp-content\/uploads\/2024\/02\/WhatsApp-Image-2024-02-10-at-11.45.32-PM-1-300x200.jpeg 300w, https:\/\/l21.mx\/wp-content\/uploads\/2024\/02\/WhatsApp-Image-2024-02-10-at-11.45.32-PM-1-1024x682.jpeg 1024w, https:\/\/l21.mx\/wp-content\/uploads\/2024\/02\/WhatsApp-Image-2024-02-10-at-11.45.32-PM-1-768x512.jpeg 768w, https:\/\/l21.mx\/wp-content\/uploads\/2024\/02\/WhatsApp-Image-2024-02-10-at-11.45.32-PM-1-1170x780.jpeg 1170w, https:\/\/l21.mx\/wp-content\/uploads\/2024\/02\/WhatsApp-Image-2024-02-10-at-11.45.32-PM-1-585x390.jpeg 585w, https:\/\/l21.mx\/wp-content\/uploads\/2024\/02\/WhatsApp-Image-2024-02-10-at-11.45.32-PM-1-263x175.jpeg 263w, https:\/\/l21.mx\/wp-content\/uploads\/2024\/02\/WhatsApp-Image-2024-02-10-at-11.45.32-PM-1.jpeg 1280w\" sizes=\"(max-width: 300px) 100vw, 300px\" \/><\/a><br \/>\nSebasti\u00e1n Yatra inici\u00f3 el concierto y provoc\u00f3 que miles de voces cantaran y corearan las canciones, despu\u00e9s, en cada canci\u00f3n arranc\u00f3 gritos, y suspiros al ver y o\u00edr al famoso cantante. Previo al concierto, en el escenario alterno se present\u00f3 la cantante Karenka, el show de Coco Bongo y diversos artistas locales, divirtiendo y deleitando a miles de locales y visitantes.<\/p>\n<p>En el primer gran paseo, Lili Campos particip\u00f3 con la comparsa oficial del carnaval, con derroche de alegr\u00eda, entusiasmo y baile, creando un ambiente de fiesta a lo largo del recorrido, en el que tambi\u00e9n participaron; escuelas p\u00fablicas y privadas, Secretar\u00cdas y Direcciones del Ayuntamiento de Solidaridad. El segundo recorrido tendr\u00e1 lugar el d\u00eda de ma\u00f1ana domingo 11 de febrero.<\/p>\n<p><a href=\"https:\/\/l21.mx\/wp-content\/uploads\/2024\/02\/WhatsApp-Image-2024-02-10-at-11.45.32-PM.jpeg\" data-rel=\"penci-gallery-image-content\" ><img loading=\"lazy\" decoding=\"async\" class=\"alignnone size-medium wp-image-69044\" src=\"https:\/\/l21.mx\/wp-content\/uploads\/2024\/02\/WhatsApp-Image-2024-02-10-at-11.45.32-PM-300x200.jpeg\" alt=\"\" width=\"300\" height=\"200\" srcset=\"https:\/\/l21.mx\/wp-content\/uploads\/2024\/02\/WhatsApp-Image-2024-02-10-at-11.45.32-PM-300x200.jpeg 300w, https:\/\/l21.mx\/wp-content\/uploads\/2024\/02\/WhatsApp-Image-2024-02-10-at-11.45.32-PM-1024x682.jpeg 1024w, https:\/\/l21.mx\/wp-content\/uploads\/2024\/02\/WhatsApp-Image-2024-02-10-at-11.45.32-PM-768x512.jpeg 768w, https:\/\/l21.mx\/wp-content\/uploads\/2024\/02\/WhatsApp-Image-2024-02-10-at-11.45.32-PM-1170x780.jpeg 1170w, https:\/\/l21.mx\/wp-content\/uploads\/2024\/02\/WhatsApp-Image-2024-02-10-at-11.45.32-PM-585x390.jpeg 585w, https:\/\/l21.mx\/wp-content\/uploads\/2024\/02\/WhatsApp-Image-2024-02-10-at-11.45.32-PM-263x175.jpeg 263w, https:\/\/l21.mx\/wp-content\/uploads\/2024\/02\/WhatsApp-Image-2024-02-10-at-11.45.32-PM.jpeg 1280w\" sizes=\"(max-width: 300px) 100vw, 300px\" \/><\/a><br \/>\nComo nunca, en esta ocasi\u00f3n el recorrido de comparsas se embelleci\u00f3 con la participaci\u00f3n de 7 carros aleg\u00f3ricos: el de los reyes del carnaval, de ni\u00f1os y adultos mayores, juvenil, diversidad, del sector privado, de la presidencia, de Puerto Aventuras y de Traffic Light.<\/p>\n<p><a href=\"https:\/\/l21.mx\/wp-content\/uploads\/2024\/02\/WhatsApp-Image-2024-02-10-at-11.45.31-PM.jpeg\" data-rel=\"penci-gallery-image-content\" ><img loading=\"lazy\" decoding=\"async\" class=\"alignnone size-medium wp-image-69038\" src=\"https:\/\/l21.mx\/wp-content\/uploads\/2024\/02\/WhatsApp-Image-2024-02-10-at-11.45.31-PM-300x169.jpeg\" alt=\"\" width=\"300\" height=\"169\" srcset=\"https:\/\/l21.mx\/wp-content\/uploads\/2024\/02\/WhatsApp-Image-2024-02-10-at-11.45.31-PM-300x169.jpeg 300w, https:\/\/l21.mx\/wp-content\/uploads\/2024\/02\/WhatsApp-Image-2024-02-10-at-11.45.31-PM-768x432.jpeg 768w, https:\/\/l21.mx\/wp-content\/uploads\/2024\/02\/WhatsApp-Image-2024-02-10-at-11.45.31-PM-585x329.jpeg 585w, https:\/\/l21.mx\/wp-content\/uploads\/2024\/02\/WhatsApp-Image-2024-02-10-at-11.45.31-PM.jpeg 1000w\" sizes=\"(max-width: 300px) 100vw, 300px\" \/><\/a><br \/>\nEste domingo, la presentaci\u00f3n estelar estar\u00e1 a cargo de la inigualable Banda MS y el lunes, el Grupo Rebelde.<\/p>\n","protected":false},"excerpt":{"rendered":"<p>Playa del Carmen, Solidaridad a 11 de febrero del 2024.- M\u00e1s de 18 mil personas disfrutaron&hellip;<\/p>\n","protected":false},"author":100,"featured_media":69041,"comment_status":"closed","ping_status":"closed","sticky":false,"template":"","format":"standard","meta":{"_acf_changed":false,"_lmt_disableupdate":"","_lmt_disable":"","_mbp_gutenberg_autopost":false,"footnotes":""},"categories":[1654],"tags":[],"class_list":["post-69037","post","type-post","status-publish","format-standard","has-post-thumbnail","hentry","category-solidaridad"],"acf":[],"_links":{"self":[{"href":"https:\/\/l21.mx\/index.php?rest_route=\/wp\/v2\/posts\/69037","targetHints":{"allow":["GET"]}}],"collection":[{"href":"https:\/\/l21.mx\/index.php?rest_route=\/wp\/v2\/posts"}],"about":[{"href":"https:\/\/l21.mx\/index.php?rest_route=\/wp\/v2\/types\/post"}],"author":[{"embeddable":true,"href":"https:\/\/l21.mx\/index.php?rest_route=\/wp\/v2\/users\/100"}],"replies":[{"embeddable":true,"href":"https:\/\/l21.mx\/index.php?rest_route=%2Fwp%2Fv2%2Fcomments&post=69037"}],"version-history":[{"count":0,"href":"https:\/\/l21.mx\/index.php?rest_route=\/wp\/v2\/posts\/69037\/revisions"}],"wp:featuredmedia":[{"embeddable":true,"href":"https:\/\/l21.mx\/index.php?rest_route=\/wp\/v2\/media\/69041"}],"wp:attachment":[{"href":"https:\/\/l21.mx\/index.php?rest_route=%2Fwp%2Fv2%2Fmedia&parent=69037"}],"wp:term":[{"taxonomy":"category","embeddable":true,"href":"https:\/\/l21.mx\/index.php?rest_route=%2Fwp%2Fv2%2Fcategories&post=69037"},{"taxonomy":"post_tag","embeddable":true,"href":"https:\/\/l21.mx\/index.php?rest_route=%2Fwp%2Fv2%2Ftags&post=69037"}],"curies":[{"name":"wp","href":"https:\/\/api.w.org\/{rel}","templated":true}]}}