{"id":69124,"date":"2024-02-14T15:05:42","date_gmt":"2024-02-14T20:05:42","guid":{"rendered":"https:\/\/l21.mx\/?p=69124"},"modified":"2024-02-14T15:05:42","modified_gmt":"2024-02-14T20:05:42","slug":"homenaje-a-pianista-y-concertista-teresita-delgado","status":"publish","type":"post","link":"https:\/\/l21.mx\/?p=69124","title":{"rendered":"Homenaje a pianista y concertista Teresita Delgado"},"content":{"rendered":"<p>&nbsp;<\/p>\n<p>\u2022 Reconocen m\u00e1s de 60 a\u00f1os de trayectoria musical de Teresita Delgado, pianista concertista de prestigio nacional e internacional<\/p>\n<p><a href=\"https:\/\/l21.mx\/wp-content\/uploads\/2024\/02\/WhatsApp-Image-2024-02-14-at-3.03.13-PM.jpeg\" data-rel=\"penci-gallery-image-content\" ><img fetchpriority=\"high\" decoding=\"async\" class=\"alignnone size-medium wp-image-69126\" src=\"https:\/\/l21.mx\/wp-content\/uploads\/2024\/02\/WhatsApp-Image-2024-02-14-at-3.03.13-PM-300x204.jpeg\" alt=\"\" width=\"300\" height=\"204\" srcset=\"https:\/\/l21.mx\/wp-content\/uploads\/2024\/02\/WhatsApp-Image-2024-02-14-at-3.03.13-PM-300x204.jpeg 300w, https:\/\/l21.mx\/wp-content\/uploads\/2024\/02\/WhatsApp-Image-2024-02-14-at-3.03.13-PM-1024x695.jpeg 1024w, https:\/\/l21.mx\/wp-content\/uploads\/2024\/02\/WhatsApp-Image-2024-02-14-at-3.03.13-PM-768x522.jpeg 768w, https:\/\/l21.mx\/wp-content\/uploads\/2024\/02\/WhatsApp-Image-2024-02-14-at-3.03.13-PM-585x397.jpeg 585w, https:\/\/l21.mx\/wp-content\/uploads\/2024\/02\/WhatsApp-Image-2024-02-14-at-3.03.13-PM.jpeg 1075w\" sizes=\"(max-width: 300px) 100vw, 300px\" \/><\/a><\/p>\n<p>Playa del Carmen, Solidaridad, 14 de febrero del 2024. Un m\u00e1s que merecido homenaje por m\u00e1s de 60 a\u00f1os de trayectoria se rindi\u00f3 este d\u00eda a Teresita Delgado, Pianista &#8211; Concertista radicada en esta ciudad, organizado por el gobierno que dirige la presidenta Lili Campos a trav\u00e9s del Instituto Municipal de Cultura y las Artes de Solidaridad.<\/p>\n<p><a href=\"https:\/\/l21.mx\/wp-content\/uploads\/2024\/02\/WhatsApp-Image-2024-02-14-at-3.03.15-PM.jpeg\" data-rel=\"penci-gallery-image-content\" ><img decoding=\"async\" class=\"alignnone size-medium wp-image-69128\" src=\"https:\/\/l21.mx\/wp-content\/uploads\/2024\/02\/WhatsApp-Image-2024-02-14-at-3.03.15-PM-300x217.jpeg\" alt=\"\" width=\"300\" height=\"217\" srcset=\"https:\/\/l21.mx\/wp-content\/uploads\/2024\/02\/WhatsApp-Image-2024-02-14-at-3.03.15-PM-300x217.jpeg 300w, https:\/\/l21.mx\/wp-content\/uploads\/2024\/02\/WhatsApp-Image-2024-02-14-at-3.03.15-PM-1024x742.jpeg 1024w, https:\/\/l21.mx\/wp-content\/uploads\/2024\/02\/WhatsApp-Image-2024-02-14-at-3.03.15-PM-768x556.jpeg 768w, https:\/\/l21.mx\/wp-content\/uploads\/2024\/02\/WhatsApp-Image-2024-02-14-at-3.03.15-PM-585x424.jpeg 585w, https:\/\/l21.mx\/wp-content\/uploads\/2024\/02\/WhatsApp-Image-2024-02-14-at-3.03.15-PM.jpeg 1041w\" sizes=\"(max-width: 300px) 100vw, 300px\" \/><\/a><\/p>\n<p>\u201cEs un gran honor reconocer a este gran talento nacional e internacional que tenemos aqu\u00ed viviendo en Playa del Carmen; es una gran mujer, reconocida por sus ex alumnos hoy destacados artistas, m\u00fasicos, pianistas como el maestro Francisco Gordillo; reconocida como mujer impulsora de talentos y una gran madre, aqu\u00ed presentes sus hijas. La amistad es el amor m\u00e1s grande que podemos tener como personas\u201d resalt\u00f3 Lili Campos, quien entreg\u00f3 reconocimientos a los participantes.<\/p>\n<p>Este d\u00eda del Amor y la Amistad, diversos talentos deleitaron con sus habilidades y diversos temas a cientos de asistentes reunidos en el Teatro de la Ciudad.<\/p>\n<p><a href=\"https:\/\/l21.mx\/wp-content\/uploads\/2024\/02\/WhatsApp-Image-2024-02-14-at-3.03.14-PM.jpeg\" data-rel=\"penci-gallery-image-content\" ><img decoding=\"async\" class=\"alignnone size-medium wp-image-69125\" src=\"https:\/\/l21.mx\/wp-content\/uploads\/2024\/02\/WhatsApp-Image-2024-02-14-at-3.03.14-PM-300x200.jpeg\" alt=\"\" width=\"300\" height=\"200\" srcset=\"https:\/\/l21.mx\/wp-content\/uploads\/2024\/02\/WhatsApp-Image-2024-02-14-at-3.03.14-PM-300x200.jpeg 300w, https:\/\/l21.mx\/wp-content\/uploads\/2024\/02\/WhatsApp-Image-2024-02-14-at-3.03.14-PM-1024x682.jpeg 1024w, https:\/\/l21.mx\/wp-content\/uploads\/2024\/02\/WhatsApp-Image-2024-02-14-at-3.03.14-PM-768x512.jpeg 768w, https:\/\/l21.mx\/wp-content\/uploads\/2024\/02\/WhatsApp-Image-2024-02-14-at-3.03.14-PM-1170x780.jpeg 1170w, https:\/\/l21.mx\/wp-content\/uploads\/2024\/02\/WhatsApp-Image-2024-02-14-at-3.03.14-PM-585x390.jpeg 585w, https:\/\/l21.mx\/wp-content\/uploads\/2024\/02\/WhatsApp-Image-2024-02-14-at-3.03.14-PM-263x175.jpeg 263w, https:\/\/l21.mx\/wp-content\/uploads\/2024\/02\/WhatsApp-Image-2024-02-14-at-3.03.14-PM.jpeg 1280w\" sizes=\"(max-width: 300px) 100vw, 300px\" \/><\/a><\/p>\n<p>Como invitados especiales estuvieron los reconocidos pianistas: Carlton Liu, representante del Sistema de Educaci\u00f3n Musical Yamaha en Estados Unidos, y el Maestro Felipe Gordillo, pianista y compositor de Jazz, quienes tocaron piezas creadas especialmente para la maestra Teresita Delgado, considerada una persona que sigue aportando a la sociedad su experiencia y habilidades en el piano.<\/p>\n<p>Teresita Delgado inici\u00f3 su aprendizaje a los seis a\u00f1os en el conservatorio de la Ciudad de M\u00e9xico, lleg\u00f3 a trabajar con el tenor Pl\u00e1cido Domingo, aprendi\u00f3 danza en Bellas Artes, particip\u00f3 en la representaci\u00f3n de La Adelita, Matachines; es graduada y jubilada del Instituto Nacional de Bellas Artes.<\/p>\n<p>En este homenaje Interpret\u00f3 temas deleitando al p\u00fablico con piezas de piano de grandes compositores como: Dom\u00e9nico Scarlatti (Dos peque\u00f1as Serenatas), Robert Schumann (Traumerei), Frederic Chopin (Vals del minuto No.6, Op. 64 No. 2, Vals No. 7 Op.64 No.2), Manuel M. Ponce (Scherzino mexicano, Malgre Tout-A pesar de todo, Balada Mexicana, Intermezzo), Mario Ruiz Armengol (Nocturno a Ponce).<\/p>\n<p>En este evento acompa\u00f1aron a la presidenta Lili Campos el presidente honorario del DIF, Cuauht\u00e9moc Escobedo, secretarios y directores de institutos municipales, entre otros funcionarios.<\/p>\n","protected":false},"excerpt":{"rendered":"<p>&nbsp; \u2022 Reconocen m\u00e1s de 60 a\u00f1os de trayectoria musical de Teresita Delgado, pianista concertista de&hellip;<\/p>\n","protected":false},"author":100,"featured_media":69127,"comment_status":"closed","ping_status":"closed","sticky":false,"template":"","format":"standard","meta":{"_acf_changed":false,"_lmt_disableupdate":"","_lmt_disable":"","_mbp_gutenberg_autopost":false,"footnotes":""},"categories":[1654],"tags":[],"class_list":["post-69124","post","type-post","status-publish","format-standard","has-post-thumbnail","hentry","category-solidaridad"],"acf":[],"_links":{"self":[{"href":"https:\/\/l21.mx\/index.php?rest_route=\/wp\/v2\/posts\/69124","targetHints":{"allow":["GET"]}}],"collection":[{"href":"https:\/\/l21.mx\/index.php?rest_route=\/wp\/v2\/posts"}],"about":[{"href":"https:\/\/l21.mx\/index.php?rest_route=\/wp\/v2\/types\/post"}],"author":[{"embeddable":true,"href":"https:\/\/l21.mx\/index.php?rest_route=\/wp\/v2\/users\/100"}],"replies":[{"embeddable":true,"href":"https:\/\/l21.mx\/index.php?rest_route=%2Fwp%2Fv2%2Fcomments&post=69124"}],"version-history":[{"count":0,"href":"https:\/\/l21.mx\/index.php?rest_route=\/wp\/v2\/posts\/69124\/revisions"}],"wp:featuredmedia":[{"embeddable":true,"href":"https:\/\/l21.mx\/index.php?rest_route=\/wp\/v2\/media\/69127"}],"wp:attachment":[{"href":"https:\/\/l21.mx\/index.php?rest_route=%2Fwp%2Fv2%2Fmedia&parent=69124"}],"wp:term":[{"taxonomy":"category","embeddable":true,"href":"https:\/\/l21.mx\/index.php?rest_route=%2Fwp%2Fv2%2Fcategories&post=69124"},{"taxonomy":"post_tag","embeddable":true,"href":"https:\/\/l21.mx\/index.php?rest_route=%2Fwp%2Fv2%2Ftags&post=69124"}],"curies":[{"name":"wp","href":"https:\/\/api.w.org\/{rel}","templated":true}]}}