{"id":69132,"date":"2024-02-14T21:21:30","date_gmt":"2024-02-15T02:21:30","guid":{"rendered":"https:\/\/l21.mx\/?p=69132"},"modified":"2024-02-14T21:21:47","modified_gmt":"2024-02-15T02:21:47","slug":"69132-2","status":"publish","type":"post","link":"https:\/\/l21.mx\/?p=69132","title":{"rendered":"Bodas Colectivas de 350 parejas en Playa Delfines en Canc\u00fan"},"content":{"rendered":"<p>&nbsp;<\/p>\n<p>-Con el mar azul turquesa engalanando el momento, las parejas formalizaron y legalizaron su uni\u00f3n para formar familias fuertes, con principios y valores<\/p>\n<p><a href=\"https:\/\/l21.mx\/wp-content\/uploads\/2024\/02\/WhatsApp-Image-2024-02-14-at-9.04.03-PM.jpeg\" data-rel=\"penci-gallery-image-content\" ><img fetchpriority=\"high\" decoding=\"async\" class=\"alignnone size-medium wp-image-69136\" src=\"https:\/\/l21.mx\/wp-content\/uploads\/2024\/02\/WhatsApp-Image-2024-02-14-at-9.04.03-PM-300x200.jpeg\" alt=\"\" width=\"300\" height=\"200\" srcset=\"https:\/\/l21.mx\/wp-content\/uploads\/2024\/02\/WhatsApp-Image-2024-02-14-at-9.04.03-PM-300x200.jpeg 300w, https:\/\/l21.mx\/wp-content\/uploads\/2024\/02\/WhatsApp-Image-2024-02-14-at-9.04.03-PM-1024x682.jpeg 1024w, https:\/\/l21.mx\/wp-content\/uploads\/2024\/02\/WhatsApp-Image-2024-02-14-at-9.04.03-PM-768x512.jpeg 768w, https:\/\/l21.mx\/wp-content\/uploads\/2024\/02\/WhatsApp-Image-2024-02-14-at-9.04.03-PM-1536x1023.jpeg 1536w, https:\/\/l21.mx\/wp-content\/uploads\/2024\/02\/WhatsApp-Image-2024-02-14-at-9.04.03-PM-1170x780.jpeg 1170w, https:\/\/l21.mx\/wp-content\/uploads\/2024\/02\/WhatsApp-Image-2024-02-14-at-9.04.03-PM-585x390.jpeg 585w, https:\/\/l21.mx\/wp-content\/uploads\/2024\/02\/WhatsApp-Image-2024-02-14-at-9.04.03-PM-263x175.jpeg 263w, https:\/\/l21.mx\/wp-content\/uploads\/2024\/02\/WhatsApp-Image-2024-02-14-at-9.04.03-PM.jpeg 1600w\" sizes=\"(max-width: 300px) 100vw, 300px\" \/><\/a><\/p>\n<p>Canc\u00fan.- Un total de 350 parejas de Benito Ju\u00e1rez que formalizaron su uni\u00f3n a trav\u00e9s de las Bodas Colectivas 2024, en el marco del D\u00eda del Amor y la Amistad, tuvieron como testigos de honor a la gobernadora Mara Lezama Espinosa, la presidenta del Sistema DIF Quintana Roo Ver\u00f3nica Lezama Espinosa y la presidenta municipal Ana Paty Peralta de la Pe\u00f1a.<\/p>\n<p>Las parejas simb\u00f3licas de este a\u00f1o fueron la m\u00e1s longeva: Perfecto Socorro C\u00e1rdenas Pech (71 a\u00f1os) y Heriberta Canch\u00e9 y Canch\u00e9 (70 a\u00f1os); pareja con discapacidad: Freddy Jes\u00fas Francisco Diego (26 a\u00f1os) y Victoria Ar\u00e9valo D\u00edaz (30 a\u00f1os); y pareja igualitaria: Deydri L\u00e1zaro Ricardez (33 a\u00f1os) y Diana Yudith S\u00e1nchez de Dios (27 a\u00f1os).<\/p>\n<p><a href=\"https:\/\/l21.mx\/wp-content\/uploads\/2024\/02\/WhatsApp-Image-2024-02-14-at-9.03.59-PM.jpeg\" data-rel=\"penci-gallery-image-content\" ><img decoding=\"async\" class=\"alignnone size-medium wp-image-69134\" src=\"https:\/\/l21.mx\/wp-content\/uploads\/2024\/02\/WhatsApp-Image-2024-02-14-at-9.03.59-PM-300x200.jpeg\" alt=\"\" width=\"300\" height=\"200\" srcset=\"https:\/\/l21.mx\/wp-content\/uploads\/2024\/02\/WhatsApp-Image-2024-02-14-at-9.03.59-PM-300x200.jpeg 300w, https:\/\/l21.mx\/wp-content\/uploads\/2024\/02\/WhatsApp-Image-2024-02-14-at-9.03.59-PM-1024x682.jpeg 1024w, https:\/\/l21.mx\/wp-content\/uploads\/2024\/02\/WhatsApp-Image-2024-02-14-at-9.03.59-PM-768x512.jpeg 768w, https:\/\/l21.mx\/wp-content\/uploads\/2024\/02\/WhatsApp-Image-2024-02-14-at-9.03.59-PM-1536x1023.jpeg 1536w, https:\/\/l21.mx\/wp-content\/uploads\/2024\/02\/WhatsApp-Image-2024-02-14-at-9.03.59-PM-1170x780.jpeg 1170w, https:\/\/l21.mx\/wp-content\/uploads\/2024\/02\/WhatsApp-Image-2024-02-14-at-9.03.59-PM-585x390.jpeg 585w, https:\/\/l21.mx\/wp-content\/uploads\/2024\/02\/WhatsApp-Image-2024-02-14-at-9.03.59-PM-263x175.jpeg 263w, https:\/\/l21.mx\/wp-content\/uploads\/2024\/02\/WhatsApp-Image-2024-02-14-at-9.03.59-PM.jpeg 1600w\" sizes=\"(max-width: 300px) 100vw, 300px\" \/><\/a><\/p>\n<p>\u201cMe siento muy feliz de participar con todas y todos ustedes y ser testigo de este paso tan importante que dan como lo es unir formalmente sus vidas a partir de estas bodas\u201d explic\u00f3 la gobernadora Mara Lezama al destacar que la familia es necesaria para construir una mejor sociedad, donde los hijos puedan llenarse de amor, acceder a principios y valores, y a tener un mejor futuro.<\/p>\n<p>En el esplendoroso marco de Playa Delfines, en donde tuvo lugar este evento social anual para que las parejas tengan las facilidades para formalizar y dar certeza jur\u00eddica a su relaci\u00f3n, as\u00ed como fortalecer el n\u00facleo familiar y la ni\u00f1ez benitojuarense Mara Lezama destac\u00f3 que este a\u00f1o se decidi\u00f3 hacerlo frente al mar, para que ser testigo de este amor que se profesan.<\/p>\n<p><a href=\"https:\/\/l21.mx\/wp-content\/uploads\/2024\/02\/WhatsApp-Image-2024-02-14-at-9.04.02-PM.jpeg\" data-rel=\"penci-gallery-image-content\" ><img decoding=\"async\" class=\"alignnone size-medium wp-image-69133\" src=\"https:\/\/l21.mx\/wp-content\/uploads\/2024\/02\/WhatsApp-Image-2024-02-14-at-9.04.02-PM-300x200.jpeg\" alt=\"\" width=\"300\" height=\"200\" srcset=\"https:\/\/l21.mx\/wp-content\/uploads\/2024\/02\/WhatsApp-Image-2024-02-14-at-9.04.02-PM-300x200.jpeg 300w, https:\/\/l21.mx\/wp-content\/uploads\/2024\/02\/WhatsApp-Image-2024-02-14-at-9.04.02-PM-1024x682.jpeg 1024w, https:\/\/l21.mx\/wp-content\/uploads\/2024\/02\/WhatsApp-Image-2024-02-14-at-9.04.02-PM-768x512.jpeg 768w, https:\/\/l21.mx\/wp-content\/uploads\/2024\/02\/WhatsApp-Image-2024-02-14-at-9.04.02-PM-1536x1023.jpeg 1536w, https:\/\/l21.mx\/wp-content\/uploads\/2024\/02\/WhatsApp-Image-2024-02-14-at-9.04.02-PM-1170x780.jpeg 1170w, https:\/\/l21.mx\/wp-content\/uploads\/2024\/02\/WhatsApp-Image-2024-02-14-at-9.04.02-PM-585x390.jpeg 585w, https:\/\/l21.mx\/wp-content\/uploads\/2024\/02\/WhatsApp-Image-2024-02-14-at-9.04.02-PM-263x175.jpeg 263w, https:\/\/l21.mx\/wp-content\/uploads\/2024\/02\/WhatsApp-Image-2024-02-14-at-9.04.02-PM.jpeg 1600w\" sizes=\"(max-width: 300px) 100vw, 300px\" \/><\/a><\/p>\n<p>\u201cJunto con Vero Lezama y el DIF del Estado, estamos comprometidos para que todas y todos los quintanarroenses tengan una mejor calidad de vida, una prosperidad que sea compartida, que todas y todos podamos construir familias fuertes y que sus hijos tengan todas las condiciones para crecer mejor\u201d a\u00f1adi\u00f3 la Gobernadora.<\/p>\n<p>Puntualiz\u00f3 que de eso se trata el Nuevo Acuerdo por el Bienestar y Desarrollo de Quintana Roo, de trabajar juntos para tener familias fuertes. Agradeci\u00f3 al personal del Registro Civil y de las instituciones participantes por abrir todas las facilidades a estas parejas.<\/p>\n<p>Antes de la ceremonia, a cargo de la oficial del Registro Civil Mar\u00eda del Pilar Guerrero Osorio, la presidenta Ana Paty Peralta exhort\u00f3 a los contrayentes a celebrar este d\u00eda que fue preparado con todo el coraz\u00f3n, con todas las facilidades para darle alegr\u00eda a los hijos, a los nietos, a las familias en general.<\/p>\n<p>Con la firma de las actas se concret\u00f3 la legalidad de la uni\u00f3n de las parejas y se procedi\u00f3 a la convivencia entre los nuevos matrimonios.<\/p>\n<p>La presidenta honoraria del Sistema DIF Quintana Roo exhort\u00f3 a las y los quintanarroenses a promover el respeto y la armon\u00eda, ya que es fundamental para que cada uno de los miembros de la familia pueda desarrollarse en un ambiente de cordialidad y confianza.<\/p>\n<p>Entre los asistentes estuvieron la directora general del Sistema DIF Abril Cristina Sabido Alc\u00e9rreca; el s\u00edndico municipal Miguel \u00c1ngel Centeno Cort\u00e9s; la directora del DIF de Benito Ju\u00e1rez Marisol Sendo Rodr\u00edguez; y el director del Registro Civil en Canc\u00fan Marcos de Naele Basilio.<\/p>\n","protected":false},"excerpt":{"rendered":"<p>&nbsp; -Con el mar azul turquesa engalanando el momento, las parejas formalizaron y legalizaron su uni\u00f3n&hellip;<\/p>\n","protected":false},"author":100,"featured_media":69135,"comment_status":"closed","ping_status":"closed","sticky":false,"template":"","format":"standard","meta":{"_acf_changed":false,"_lmt_disableupdate":"","_lmt_disable":"","_mbp_gutenberg_autopost":false,"footnotes":""},"categories":[1657,1655,23,1656],"tags":[],"class_list":["post-69132","post","type-post","status-publish","format-standard","has-post-thumbnail","hentry","category-benito-juarez","category-cancun","category-noticias","category-quintana-roo"],"acf":[],"_links":{"self":[{"href":"https:\/\/l21.mx\/index.php?rest_route=\/wp\/v2\/posts\/69132","targetHints":{"allow":["GET"]}}],"collection":[{"href":"https:\/\/l21.mx\/index.php?rest_route=\/wp\/v2\/posts"}],"about":[{"href":"https:\/\/l21.mx\/index.php?rest_route=\/wp\/v2\/types\/post"}],"author":[{"embeddable":true,"href":"https:\/\/l21.mx\/index.php?rest_route=\/wp\/v2\/users\/100"}],"replies":[{"embeddable":true,"href":"https:\/\/l21.mx\/index.php?rest_route=%2Fwp%2Fv2%2Fcomments&post=69132"}],"version-history":[{"count":0,"href":"https:\/\/l21.mx\/index.php?rest_route=\/wp\/v2\/posts\/69132\/revisions"}],"wp:featuredmedia":[{"embeddable":true,"href":"https:\/\/l21.mx\/index.php?rest_route=\/wp\/v2\/media\/69135"}],"wp:attachment":[{"href":"https:\/\/l21.mx\/index.php?rest_route=%2Fwp%2Fv2%2Fmedia&parent=69132"}],"wp:term":[{"taxonomy":"category","embeddable":true,"href":"https:\/\/l21.mx\/index.php?rest_route=%2Fwp%2Fv2%2Fcategories&post=69132"},{"taxonomy":"post_tag","embeddable":true,"href":"https:\/\/l21.mx\/index.php?rest_route=%2Fwp%2Fv2%2Ftags&post=69132"}],"curies":[{"name":"wp","href":"https:\/\/api.w.org\/{rel}","templated":true}]}}