{"id":69181,"date":"2024-02-16T15:41:19","date_gmt":"2024-02-16T20:41:19","guid":{"rendered":"https:\/\/l21.mx\/?p=69181"},"modified":"2024-02-16T15:41:19","modified_gmt":"2024-02-16T20:41:19","slug":"fortalecen-atencion-a-viajeros-con-mas-patrullas-de-angeles-verdes-para-solidaridad-cozumel-y-tulum","status":"publish","type":"post","link":"https:\/\/l21.mx\/?p=69181","title":{"rendered":"Fortalecen\u00a0atenci\u00f3n a viajeros con m\u00e1s patrullas de \u00c1ngeles Verdes para Solidaridad, Cozumel y Tulum"},"content":{"rendered":"<p>&nbsp;<\/p>\n<p>&#8211; La gobernadora Mara Lezama reconoci\u00f3 el trabajo de quienes est\u00e1n a cargo de las unidades de \u00c1ngeles Verdes para la atenci\u00f3n a la ciudadan\u00eda<\/p>\n<p><a href=\"https:\/\/l21.mx\/wp-content\/uploads\/2024\/02\/WhatsApp-Image-2024-02-16-at-1.56.25-PM.jpeg\" data-rel=\"penci-gallery-image-content\" ><img fetchpriority=\"high\" decoding=\"async\" class=\"alignnone size-medium wp-image-69183\" src=\"https:\/\/l21.mx\/wp-content\/uploads\/2024\/02\/WhatsApp-Image-2024-02-16-at-1.56.25-PM-300x200.jpeg\" alt=\"\" width=\"300\" height=\"200\" srcset=\"https:\/\/l21.mx\/wp-content\/uploads\/2024\/02\/WhatsApp-Image-2024-02-16-at-1.56.25-PM-300x200.jpeg 300w, https:\/\/l21.mx\/wp-content\/uploads\/2024\/02\/WhatsApp-Image-2024-02-16-at-1.56.25-PM-1024x682.jpeg 1024w, https:\/\/l21.mx\/wp-content\/uploads\/2024\/02\/WhatsApp-Image-2024-02-16-at-1.56.25-PM-768x512.jpeg 768w, https:\/\/l21.mx\/wp-content\/uploads\/2024\/02\/WhatsApp-Image-2024-02-16-at-1.56.25-PM-1536x1023.jpeg 1536w, https:\/\/l21.mx\/wp-content\/uploads\/2024\/02\/WhatsApp-Image-2024-02-16-at-1.56.25-PM-1170x780.jpeg 1170w, https:\/\/l21.mx\/wp-content\/uploads\/2024\/02\/WhatsApp-Image-2024-02-16-at-1.56.25-PM-585x390.jpeg 585w, https:\/\/l21.mx\/wp-content\/uploads\/2024\/02\/WhatsApp-Image-2024-02-16-at-1.56.25-PM-263x175.jpeg 263w, https:\/\/l21.mx\/wp-content\/uploads\/2024\/02\/WhatsApp-Image-2024-02-16-at-1.56.25-PM.jpeg 1600w\" sizes=\"(max-width: 300px) 100vw, 300px\" \/><\/a><\/p>\n<p>Cozumel.- Durante la develaci\u00f3n de la escultura de Jacques-Yves Cousteau y la asignaci\u00f3n de unidades de \u00c1ngeles Verdes a rutas de los municipios de Solidaridad, Cozumel y Tulum, la gobernadora Mara Lezama y el secretario federal de Turismo, Miguel Torruco Marqu\u00e9s, anunciaron un nuevo fortalecimiento al turismo carretero en la entidad.<\/p>\n<p>La gobernadora Mara Lezama expres\u00f3 que estas nuevas unidades de \u00c1ngeles Verdes, reflejan lo que se puede hacer trabajando en conjunto, como se hace a trav\u00e9s de un Nuevo Acuerdo por el Bienestar y Desarrollo de Quintana Roo, hoy m\u00e1s que nunca trabajando de manera coordinada en los municipios.<\/p>\n<p><a href=\"https:\/\/l21.mx\/wp-content\/uploads\/2024\/02\/WhatsApp-Image-2024-02-16-at-1.56.24-PM.jpeg\" data-rel=\"penci-gallery-image-content\" ><img decoding=\"async\" class=\"alignnone size-medium wp-image-69182\" src=\"https:\/\/l21.mx\/wp-content\/uploads\/2024\/02\/WhatsApp-Image-2024-02-16-at-1.56.24-PM-300x200.jpeg\" alt=\"\" width=\"300\" height=\"200\" srcset=\"https:\/\/l21.mx\/wp-content\/uploads\/2024\/02\/WhatsApp-Image-2024-02-16-at-1.56.24-PM-300x200.jpeg 300w, https:\/\/l21.mx\/wp-content\/uploads\/2024\/02\/WhatsApp-Image-2024-02-16-at-1.56.24-PM-1024x682.jpeg 1024w, https:\/\/l21.mx\/wp-content\/uploads\/2024\/02\/WhatsApp-Image-2024-02-16-at-1.56.24-PM-768x512.jpeg 768w, https:\/\/l21.mx\/wp-content\/uploads\/2024\/02\/WhatsApp-Image-2024-02-16-at-1.56.24-PM-1536x1023.jpeg 1536w, https:\/\/l21.mx\/wp-content\/uploads\/2024\/02\/WhatsApp-Image-2024-02-16-at-1.56.24-PM-1170x780.jpeg 1170w, https:\/\/l21.mx\/wp-content\/uploads\/2024\/02\/WhatsApp-Image-2024-02-16-at-1.56.24-PM-585x390.jpeg 585w, https:\/\/l21.mx\/wp-content\/uploads\/2024\/02\/WhatsApp-Image-2024-02-16-at-1.56.24-PM-263x175.jpeg 263w, https:\/\/l21.mx\/wp-content\/uploads\/2024\/02\/WhatsApp-Image-2024-02-16-at-1.56.24-PM.jpeg 1600w\" sizes=\"(max-width: 300px) 100vw, 300px\" \/><\/a><\/p>\n<p>Asimismo, destac\u00f3 que con estas camionetas modernas y equipadas permiten atender a los viajeros a lo largo y ancho de las carreteras y reconoci\u00f3 a cada uno de los operadores y personas que con calidez atienden a quienes los necesitan.<\/p>\n<p>El secretario Miguel Torruco explic\u00f3 que las tres unidades de \u00c1ngeles Verdes son camionetas de primera con todo el equipo para atender a los turistas. Destac\u00f3 que el turismo carretero es importante, considerando que 249 millones de personas se desplazan por las v\u00edas del pa\u00eds.<\/p>\n<p>Indic\u00f3 que las unidades cuentan con un centro de inteligencia satelital, con lo que se moderniza el programa m\u00e1s longevo de la administraci\u00f3n p\u00fablica federal.<\/p>\n<p>La presidenta municipal Juanita Alonso agradeci\u00f3 el que se fortalezca a Cozumel como destino tur\u00edstico y destac\u00f3 el trabajo coordinado de los tres \u00f3rdenes de gobierno para lograr que la isla siga brillando a nivel mundial.<\/p>\n<p>Estuvieron presentes, el secretario de Turismo, Bernardo Cueto; la presidenta honoraria del Sistema DIF Quintana Roo, Ver\u00f3nica Lezama Espinosa; la presidenta municipal de Isla Mujeres, Atenea G\u00f3mez Ricalde; de Solidaridad, Lili Campos; de Bacalar, Jos\u00e9 Alfredo Contreras M\u00e9ndez, y el escultor \u00d3scar Ponzanelli.<\/p>\n","protected":false},"excerpt":{"rendered":"<p>&nbsp; &#8211; La gobernadora Mara Lezama reconoci\u00f3 el trabajo de quienes est\u00e1n a cargo de las&hellip;<\/p>\n","protected":false},"author":100,"featured_media":69184,"comment_status":"closed","ping_status":"closed","sticky":false,"template":"","format":"standard","meta":{"_acf_changed":false,"_lmt_disableupdate":"","_lmt_disable":"","_mbp_gutenberg_autopost":false,"footnotes":""},"categories":[23,1656],"tags":[],"class_list":["post-69181","post","type-post","status-publish","format-standard","has-post-thumbnail","hentry","category-noticias","category-quintana-roo"],"acf":[],"_links":{"self":[{"href":"https:\/\/l21.mx\/index.php?rest_route=\/wp\/v2\/posts\/69181","targetHints":{"allow":["GET"]}}],"collection":[{"href":"https:\/\/l21.mx\/index.php?rest_route=\/wp\/v2\/posts"}],"about":[{"href":"https:\/\/l21.mx\/index.php?rest_route=\/wp\/v2\/types\/post"}],"author":[{"embeddable":true,"href":"https:\/\/l21.mx\/index.php?rest_route=\/wp\/v2\/users\/100"}],"replies":[{"embeddable":true,"href":"https:\/\/l21.mx\/index.php?rest_route=%2Fwp%2Fv2%2Fcomments&post=69181"}],"version-history":[{"count":0,"href":"https:\/\/l21.mx\/index.php?rest_route=\/wp\/v2\/posts\/69181\/revisions"}],"wp:featuredmedia":[{"embeddable":true,"href":"https:\/\/l21.mx\/index.php?rest_route=\/wp\/v2\/media\/69184"}],"wp:attachment":[{"href":"https:\/\/l21.mx\/index.php?rest_route=%2Fwp%2Fv2%2Fmedia&parent=69181"}],"wp:term":[{"taxonomy":"category","embeddable":true,"href":"https:\/\/l21.mx\/index.php?rest_route=%2Fwp%2Fv2%2Fcategories&post=69181"},{"taxonomy":"post_tag","embeddable":true,"href":"https:\/\/l21.mx\/index.php?rest_route=%2Fwp%2Fv2%2Ftags&post=69181"}],"curies":[{"name":"wp","href":"https:\/\/api.w.org\/{rel}","templated":true}]}}