{"id":69216,"date":"2023-07-01T09:46:37","date_gmt":"2023-07-01T14:46:37","guid":{"rendered":"https:\/\/l21.mx\/?p=69216"},"modified":"2024-02-16T17:48:00","modified_gmt":"2024-02-16T22:48:00","slug":"capitulo-xxxiv-errores-ecologistas","status":"publish","type":"post","link":"https:\/\/l21.mx\/?p=69216","title":{"rendered":"Cap\u00edtulo XXXIV \u2022 Errores ecologistas"},"content":{"rendered":"<p>&nbsp;<\/p>\n<p>&nbsp;<\/p>\n<p>Como hemos visto en los cap\u00edtulos anteriores, para el a\u00f1o 2050 habr\u00e1 10 mil millones de habitantes en el planeta, y como los combustibles f\u00f3siles, que aportan hoy el 92% de la energ\u00eda mundial, tienden a agotarse no nos queda m\u00e1s que buscar nuevas fuentes energ\u00e9ticas, o bien, aceptar un holocausto inimaginable de miles de millones de seres humanos: NO HAY OTRA ALTERNATIVA. Es por ello importante identificar los errores ecologistas y no seguir cometi\u00e9ndolos. Los siete principales son los siguientes:<\/p>\n<p>1. <span class=\"Apple-converted-space\">\u00a0 \u00a0 \u00a0 <\/span>La fuente de energ\u00eda artificial m\u00e1s limpia, desde el punto de vista de producci\u00f3n, son las plantas geot\u00e9rmicas e hidroel\u00e9ctricas en sus diversas modalidades. Hoy los ecologistas de primera generaci\u00f3n se enfrentan apasionadamente a cada posibilidad de hacer una represa, tanto con fines hidroel\u00e9ctricos como de riego. Es cierto que las represas destruyen la ecolog\u00eda de su lago y alteran el medio ambiente; sin embargo, para que su an\u00e1lisis sea v\u00e1lido, la visi\u00f3n ecologista debe ser de mediano y largo plazo, pues de otra forma, el precio ecol\u00f3gico puede ser desastroso. Las plantas hidroel\u00e9ctricas son baratas y limpias, y sus costos de operaci\u00f3n son de los m\u00e1s bajos. Las<span class=\"Apple-converted-space\">\u00a0 <\/span>represas tienen una larga vida y son muy eficientes, adem\u00e1s de que tambi\u00e9n ayudan a la agricultura y tienen otros fines en la mayor\u00eda de los casos. Cada caso debe ser profundamente analizado y no rechazado por principio, pues esas actitudes pueden acarrear precios futuros incalculables.<\/p>\n<p>2. <span class=\"Apple-converted-space\">\u00a0 \u00a0 \u00a0 \u00a0 <\/span>Se ha generalizado el temor por las plantas at\u00f3micas que, salvo por sus desperdicios y<span class=\"Apple-converted-space\">\u00a0 \u00a0 <\/span>riesgos, <span class=\"Apple-converted-space\">\u00a0 <\/span>son limpias. Como la industria generadora de energ\u00eda at\u00f3mica est\u00e1 en declive y desanimada por tantas presiones, ha dejado de formar tecnolog\u00eda moderna e informar a los consumidores de los verdaderos riesgos.<\/p>\n<p>Por otro lado, por acuerdos injustos, la tecnolog\u00eda at\u00f3mica de punta se ha vuelto exclusiva de los pa\u00edses desarrollados; los dem\u00e1s pa\u00edses tienen que pagar la tecnolog\u00eda obsoleta a precios exorbitantes. La energ\u00eda at\u00f3mica es la \u00fanica que puede garantizar precios a largo plazo. Tiene sus riesgos y debemos ser cautelosos, pero nada ser\u00e1 m\u00e1s dram\u00e1tico que la falta de energ\u00eda para movilizar poblaciones inmensas. Podremos perecer por contaminaci\u00f3n radioactiva, pero tambi\u00e9n por sobrecalentamiento del planeta y, sobre todo, de hambre y miseria.<\/p>\n<p>3.- <span class=\"Apple-converted-space\">\u00a0 \u00a0 <\/span>La \u00fanica forma de generar energ\u00eda sin levantar, hasta ahora, oleadas de protestas es, sin<span class=\"Apple-converted-space\">\u00a0 <\/span>embargo, la m\u00e1s contaminante: la termoel\u00e9ctrica. Para producir energ\u00eda consume carb\u00f3n, petr\u00f3leo o gas, cuyas emisiones a la atm\u00f3sfera son extremadamente contaminantes. Pero a las termoel\u00e9ctricas nadie las critica, por lo tanto, son las que est\u00e1n prevaleciendo, aunque su construcci\u00f3n, operaci\u00f3n y mantenimiento sean caros. Adem\u00e1s, como estas plantas consumen millones de barriles de petr\u00f3leo diario, aceleran el agotamiento de las reservas mundiales de este combustible. Pero no hay alternativa y por eso se est\u00e1n construyendo a un ritmo vertiginoso.<\/p>\n<p>4.<span class=\"Apple-converted-space\">\u00a0 \u00a0 \u00a0 <\/span>Los ecologistas de primera generaci\u00f3n -que no entienden de razones, ni de econom\u00eda, pues act\u00faan por miedo-hoy presionan para que se implementen lo que llaman fuentes alternativas, como la energ\u00eda solar y la del viento (e\u00f3lica). Claro est\u00e1, aparentemente son magn\u00edficas, pues aprovechan energ\u00edas potenciales. Sin embargo, hasta hoy no se ha producido por esos m\u00e9todos energ\u00eda a gran escala, simplemente porque no es costeable. Eso quiere decir que si la producimos masivamente, el mundo tendr\u00eda que pagarla m\u00e1s caro y todos, aun los m\u00e1s pobres, nos empobrecer\u00edamos m\u00e1s.<\/p>\n<p>5.<span class=\"Apple-converted-space\">\u00a0 \u00a0 \u00a0 <\/span>Los ecologistas no se dan cuenta de que no se debe atacar la producci\u00f3n, sino los consumos excedentes y los desperdicios. Esto no s\u00f3lo no lo perciben los ecologistas, tampoco los consumidores en general, porque nadie tiene la conciencia ecol\u00f3gica suficientemente arraigada como para empezar a hacer un esfuerzo personal en el consumo energ\u00e9tico, que afecta toda nuestra vida cotidiana.<\/p>\n<p>6.<span class=\"Apple-converted-space\">\u00a0 \u00a0 \u00a0 \u00a0 <\/span>El precio del petr\u00f3leo se mantiene artificialmente bajo porque no se basa en consideraciones econ\u00f3micas sino pol\u00edticas y porque no se le carga el costo ecol\u00f3gico. Ambas medidas son equivocadas. De esa forma hay una permanente negociaci\u00f3n de precios que tiende a mantener una econom\u00eda est\u00e1ndar, pero que estimula el consumo del petr\u00f3leo e inhibe la inversi\u00f3n en el estudio de nuevas fuentes energ\u00e9ticas, incluyendo la at\u00f3mica. Mientras los interesados en la ecolog\u00eda no nos demos cuenta de la complejidad del tema, de sus implicaciones econ\u00f3micas y sociales, derrocharemos una enorme energ\u00eda peleando por causas perdidas.<\/p>\n<p>7.<span class=\"Apple-converted-space\">\u00a0 \u00a0 <\/span>Los ecologistas de la primera generaci\u00f3n toman banderas locales y equivocadas, pues para disimular su temor y satisfacer su ego luchan contra todo concepto de desarrollo indiscriminadamente, sin darse cuenta de que sin desarrollo no hay fuentes de trabajo, y sin trabajo no hay dignidad humana y crece la devastaci\u00f3n ecol\u00f3gica. Por ejemplo, luchan contra la industria hotelera, porque desmonta, sin importarles que no contamina; con esta actitud lo \u00fanico que consiguen es entorpecer la creaci\u00f3n de fuentes de trabajo y de bienestar social. Pelear contra el desarrollo nada m\u00e1s por consigna es negar la realidad de que el mundo requiere generar empleo y riqueza para las naciones. En la pobreza, la miseria y el hambre, s\u00f3lo se generan c\u00edrculos viciosos de devastaci\u00f3n ecol\u00f3gica y moral.<\/p>\n<p>La realidad econ\u00f3mica no es generada por nadie en particular. Somos procesadores, productores y consumidores de energ\u00eda por \u00abnaturaleza\u00bb, y debemos hacerlo correctamente porque la raz\u00f3n y nuestros valores (dictados por el esp\u00edritu humano y expresado en la evoluci\u00f3n) nos lo indican; el temor que proviene del instinto de sobrevivencia es una emoci\u00f3n primaria y como tal la debemos superar con la raz\u00f3n y la conciencia de la realidad.<\/p>\n<p>Requerimos una visi\u00f3n global que nos permita actuar no s\u00f3lo con honestidad sino con congruencia. Para eso tenemos que desarrollar una conciencia universal, que se expresa con la verdad, la belleza y la justicia.<\/p>\n<p><b>Nota al margen<\/b><\/p>\n<p><b>Planta geot\u00e9rmica. <\/b>Planta que genera energ\u00eda, utilizando la presi\u00f3n de vapor generada en fuentes de calor de la tierra.<\/p>\n","protected":false},"excerpt":{"rendered":"<p>&nbsp; &nbsp; Como hemos visto en los cap\u00edtulos anteriores, para el a\u00f1o 2050 habr\u00e1 10 mil&hellip;<\/p>\n","protected":false},"author":95,"featured_media":56029,"comment_status":"closed","ping_status":"closed","sticky":false,"template":"","format":"standard","meta":{"_acf_changed":false,"_lmt_disableupdate":"","_lmt_disable":"","_mbp_gutenberg_autopost":false,"footnotes":""},"categories":[1674],"tags":[],"class_list":["post-69216","post","type-post","status-publish","format-standard","has-post-thumbnail","hentry","category-libro-ecologia-y-espiritualidad"],"acf":[],"yoast_head":"<!-- This site is optimized with the Yoast SEO plugin v27.3 - https:\/\/yoast.com\/product\/yoast-seo-wordpress\/ -->\n<title>Cap\u00edtulo XXXIV \u2022 Errores ecologistas | Revista Latitud 21<\/title>\n<meta name=\"description\" content=\"L21, Emprendedores y Negocios en el Caribe Mexicano, es la revista l\u00edder entre el Sector Empresarial y Tur\u00edstico del Caribe Mexicano.\" \/>\n<meta name=\"robots\" content=\"index, follow, max-snippet:-1, max-image-preview:large, max-video-preview:-1\" \/>\n<link rel=\"canonical\" href=\"https:\/\/l21.mx\/?p=69216\" \/>\n<meta name=\"twitter:card\" content=\"summary_large_image\" \/>\n<meta name=\"twitter:title\" content=\"Cap\u00edtulo XXXIV \u2022 Errores ecologistas | Revista Latitud 21\" \/>\n<meta name=\"twitter:description\" content=\"L21, Emprendedores y Negocios en el Caribe Mexicano, es la revista l\u00edder entre el Sector Empresarial y Tur\u00edstico del Caribe Mexicano.\" \/>\n<meta name=\"twitter:image\" content=\"https:\/\/l21.mx\/wp-content\/uploads\/2021\/11\/ecologia_y_espiritualidad-2.jpeg\" \/>\n<meta name=\"twitter:creator\" content=\"@Latitud21mx\" \/>\n<meta name=\"twitter:site\" content=\"@Latitud21mx\" \/>\n<meta name=\"twitter:label1\" content=\"Escrito por\" \/>\n\t<meta name=\"twitter:data1\" content=\"ahernandez@latitud21.com.mx\" \/>\n\t<meta name=\"twitter:label2\" content=\"Tiempo de lectura\" \/>\n\t<meta name=\"twitter:data2\" content=\"5 minutos\" \/>\n<script type=\"application\/ld+json\" class=\"yoast-schema-graph\">{\"@context\":\"https:\\\/\\\/schema.org\",\"@graph\":[{\"@type\":\"Article\",\"@id\":\"https:\\\/\\\/l21.mx\\\/?p=69216#article\",\"isPartOf\":{\"@id\":\"https:\\\/\\\/l21.mx\\\/?p=69216\"},\"author\":{\"name\":\"ahernandez@latitud21.com.mx\",\"@id\":\"https:\\\/\\\/l21.mx\\\/#\\\/schema\\\/person\\\/b3cb342bb947a88e1fc27e05770479da\"},\"headline\":\"Cap\u00edtulo XXXIV \u2022 Errores ecologistas\",\"datePublished\":\"2023-07-01T14:46:37+00:00\",\"dateModified\":\"2024-02-16T22:48:00+00:00\",\"mainEntityOfPage\":{\"@id\":\"https:\\\/\\\/l21.mx\\\/?p=69216\"},\"wordCount\":1072,\"publisher\":{\"@id\":\"https:\\\/\\\/l21.mx\\\/#organization\"},\"image\":{\"@id\":\"https:\\\/\\\/l21.mx\\\/?p=69216#primaryimage\"},\"thumbnailUrl\":\"https:\\\/\\\/l21.mx\\\/wp-content\\\/uploads\\\/2021\\\/11\\\/ecologia_y_espiritualidad-2.jpeg\",\"articleSection\":[\"Libro Ecolog\u00eda y Espiritualidad\"],\"inLanguage\":\"es\"},{\"@type\":\"WebPage\",\"@id\":\"https:\\\/\\\/l21.mx\\\/?p=69216\",\"url\":\"https:\\\/\\\/l21.mx\\\/?p=69216\",\"name\":\"Cap\u00edtulo XXXIV \u2022 Errores ecologistas | Revista Latitud 21\",\"isPartOf\":{\"@id\":\"https:\\\/\\\/l21.mx\\\/#website\"},\"primaryImageOfPage\":{\"@id\":\"https:\\\/\\\/l21.mx\\\/?p=69216#primaryimage\"},\"image\":{\"@id\":\"https:\\\/\\\/l21.mx\\\/?p=69216#primaryimage\"},\"thumbnailUrl\":\"https:\\\/\\\/l21.mx\\\/wp-content\\\/uploads\\\/2021\\\/11\\\/ecologia_y_espiritualidad-2.jpeg\",\"datePublished\":\"2023-07-01T14:46:37+00:00\",\"dateModified\":\"2024-02-16T22:48:00+00:00\",\"description\":\"L21, Emprendedores y Negocios en el Caribe Mexicano, es la revista l\u00edder entre el Sector Empresarial y Tur\u00edstico del Caribe Mexicano.\",\"breadcrumb\":{\"@id\":\"https:\\\/\\\/l21.mx\\\/?p=69216#breadcrumb\"},\"inLanguage\":\"es\",\"potentialAction\":[{\"@type\":\"ReadAction\",\"target\":[\"https:\\\/\\\/l21.mx\\\/?p=69216\"]}]},{\"@type\":\"ImageObject\",\"inLanguage\":\"es\",\"@id\":\"https:\\\/\\\/l21.mx\\\/?p=69216#primaryimage\",\"url\":\"https:\\\/\\\/l21.mx\\\/wp-content\\\/uploads\\\/2021\\\/11\\\/ecologia_y_espiritualidad-2.jpeg\",\"contentUrl\":\"https:\\\/\\\/l21.mx\\\/wp-content\\\/uploads\\\/2021\\\/11\\\/ecologia_y_espiritualidad-2.jpeg\",\"width\":418,\"height\":364},{\"@type\":\"BreadcrumbList\",\"@id\":\"https:\\\/\\\/l21.mx\\\/?p=69216#breadcrumb\",\"itemListElement\":[{\"@type\":\"ListItem\",\"position\":1,\"name\":\"Portada\",\"item\":\"https:\\\/\\\/l21.mx\\\/\"},{\"@type\":\"ListItem\",\"position\":2,\"name\":\"Cap\u00edtulo XXXIV \u2022 Errores ecologistas\"}]},{\"@type\":\"WebSite\",\"@id\":\"https:\\\/\\\/l21.mx\\\/#website\",\"url\":\"https:\\\/\\\/l21.mx\\\/\",\"name\":\"Revista Latitud 21\",\"description\":\"Emprendedores  y negocios en el Caribe Mexicano\",\"publisher\":{\"@id\":\"https:\\\/\\\/l21.mx\\\/#organization\"},\"potentialAction\":[{\"@type\":\"SearchAction\",\"target\":{\"@type\":\"EntryPoint\",\"urlTemplate\":\"https:\\\/\\\/l21.mx\\\/?s={search_term_string}\"},\"query-input\":{\"@type\":\"PropertyValueSpecification\",\"valueRequired\":true,\"valueName\":\"search_term_string\"}}],\"inLanguage\":\"es\"},{\"@type\":\"Organization\",\"@id\":\"https:\\\/\\\/l21.mx\\\/#organization\",\"name\":\"Grupo Editorial Latitud 21 SA de CV\",\"url\":\"https:\\\/\\\/l21.mx\\\/\",\"logo\":{\"@type\":\"ImageObject\",\"inLanguage\":\"es\",\"@id\":\"https:\\\/\\\/l21.mx\\\/#\\\/schema\\\/logo\\\/image\\\/\",\"url\":\"https:\\\/\\\/l21.mx\\\/wp-content\\\/uploads\\\/2020\\\/10\\\/logo-l21-baja.jpg\",\"contentUrl\":\"https:\\\/\\\/l21.mx\\\/wp-content\\\/uploads\\\/2020\\\/10\\\/logo-l21-baja.jpg\",\"width\":250,\"height\":250,\"caption\":\"Grupo Editorial Latitud 21 SA de CV\"},\"image\":{\"@id\":\"https:\\\/\\\/l21.mx\\\/#\\\/schema\\\/logo\\\/image\\\/\"},\"sameAs\":[\"https:\\\/\\\/www.facebook.com\\\/RevistaLatitud21\\\/\",\"https:\\\/\\\/x.com\\\/Latitud21mx\"]},{\"@type\":\"Person\",\"@id\":\"https:\\\/\\\/l21.mx\\\/#\\\/schema\\\/person\\\/b3cb342bb947a88e1fc27e05770479da\",\"name\":\"ahernandez@latitud21.com.mx\",\"url\":\"https:\\\/\\\/l21.mx\\\/?author=95\"}]}<\/script>\n<!-- \/ Yoast SEO plugin. -->","yoast_head_json":{"title":"Cap\u00edtulo XXXIV \u2022 Errores ecologistas | Revista Latitud 21","description":"L21, Emprendedores y Negocios en el Caribe Mexicano, es la revista l\u00edder entre el Sector Empresarial y Tur\u00edstico del Caribe Mexicano.","robots":{"index":"index","follow":"follow","max-snippet":"max-snippet:-1","max-image-preview":"max-image-preview:large","max-video-preview":"max-video-preview:-1"},"canonical":"https:\/\/l21.mx\/?p=69216","twitter_card":"summary_large_image","twitter_title":"Cap\u00edtulo XXXIV \u2022 Errores ecologistas | Revista Latitud 21","twitter_description":"L21, Emprendedores y Negocios en el Caribe Mexicano, es la revista l\u00edder entre el Sector Empresarial y Tur\u00edstico del Caribe Mexicano.","twitter_image":"https:\/\/l21.mx\/wp-content\/uploads\/2021\/11\/ecologia_y_espiritualidad-2.jpeg","twitter_creator":"@Latitud21mx","twitter_site":"@Latitud21mx","twitter_misc":{"Escrito por":"ahernandez@latitud21.com.mx","Tiempo de lectura":"5 minutos"},"schema":{"@context":"https:\/\/schema.org","@graph":[{"@type":"Article","@id":"https:\/\/l21.mx\/?p=69216#article","isPartOf":{"@id":"https:\/\/l21.mx\/?p=69216"},"author":{"name":"ahernandez@latitud21.com.mx","@id":"https:\/\/l21.mx\/#\/schema\/person\/b3cb342bb947a88e1fc27e05770479da"},"headline":"Cap\u00edtulo XXXIV \u2022 Errores ecologistas","datePublished":"2023-07-01T14:46:37+00:00","dateModified":"2024-02-16T22:48:00+00:00","mainEntityOfPage":{"@id":"https:\/\/l21.mx\/?p=69216"},"wordCount":1072,"publisher":{"@id":"https:\/\/l21.mx\/#organization"},"image":{"@id":"https:\/\/l21.mx\/?p=69216#primaryimage"},"thumbnailUrl":"https:\/\/l21.mx\/wp-content\/uploads\/2021\/11\/ecologia_y_espiritualidad-2.jpeg","articleSection":["Libro Ecolog\u00eda y Espiritualidad"],"inLanguage":"es"},{"@type":"WebPage","@id":"https:\/\/l21.mx\/?p=69216","url":"https:\/\/l21.mx\/?p=69216","name":"Cap\u00edtulo XXXIV \u2022 Errores ecologistas | Revista Latitud 21","isPartOf":{"@id":"https:\/\/l21.mx\/#website"},"primaryImageOfPage":{"@id":"https:\/\/l21.mx\/?p=69216#primaryimage"},"image":{"@id":"https:\/\/l21.mx\/?p=69216#primaryimage"},"thumbnailUrl":"https:\/\/l21.mx\/wp-content\/uploads\/2021\/11\/ecologia_y_espiritualidad-2.jpeg","datePublished":"2023-07-01T14:46:37+00:00","dateModified":"2024-02-16T22:48:00+00:00","description":"L21, Emprendedores y Negocios en el Caribe Mexicano, es la revista l\u00edder entre el Sector Empresarial y Tur\u00edstico del Caribe Mexicano.","breadcrumb":{"@id":"https:\/\/l21.mx\/?p=69216#breadcrumb"},"inLanguage":"es","potentialAction":[{"@type":"ReadAction","target":["https:\/\/l21.mx\/?p=69216"]}]},{"@type":"ImageObject","inLanguage":"es","@id":"https:\/\/l21.mx\/?p=69216#primaryimage","url":"https:\/\/l21.mx\/wp-content\/uploads\/2021\/11\/ecologia_y_espiritualidad-2.jpeg","contentUrl":"https:\/\/l21.mx\/wp-content\/uploads\/2021\/11\/ecologia_y_espiritualidad-2.jpeg","width":418,"height":364},{"@type":"BreadcrumbList","@id":"https:\/\/l21.mx\/?p=69216#breadcrumb","itemListElement":[{"@type":"ListItem","position":1,"name":"Portada","item":"https:\/\/l21.mx\/"},{"@type":"ListItem","position":2,"name":"Cap\u00edtulo XXXIV \u2022 Errores ecologistas"}]},{"@type":"WebSite","@id":"https:\/\/l21.mx\/#website","url":"https:\/\/l21.mx\/","name":"Revista Latitud 21","description":"Emprendedores  y negocios en el Caribe Mexicano","publisher":{"@id":"https:\/\/l21.mx\/#organization"},"potentialAction":[{"@type":"SearchAction","target":{"@type":"EntryPoint","urlTemplate":"https:\/\/l21.mx\/?s={search_term_string}"},"query-input":{"@type":"PropertyValueSpecification","valueRequired":true,"valueName":"search_term_string"}}],"inLanguage":"es"},{"@type":"Organization","@id":"https:\/\/l21.mx\/#organization","name":"Grupo Editorial Latitud 21 SA de CV","url":"https:\/\/l21.mx\/","logo":{"@type":"ImageObject","inLanguage":"es","@id":"https:\/\/l21.mx\/#\/schema\/logo\/image\/","url":"https:\/\/l21.mx\/wp-content\/uploads\/2020\/10\/logo-l21-baja.jpg","contentUrl":"https:\/\/l21.mx\/wp-content\/uploads\/2020\/10\/logo-l21-baja.jpg","width":250,"height":250,"caption":"Grupo Editorial Latitud 21 SA de CV"},"image":{"@id":"https:\/\/l21.mx\/#\/schema\/logo\/image\/"},"sameAs":["https:\/\/www.facebook.com\/RevistaLatitud21\/","https:\/\/x.com\/Latitud21mx"]},{"@type":"Person","@id":"https:\/\/l21.mx\/#\/schema\/person\/b3cb342bb947a88e1fc27e05770479da","name":"ahernandez@latitud21.com.mx","url":"https:\/\/l21.mx\/?author=95"}]}},"amp_enabled":true,"_links":{"self":[{"href":"https:\/\/l21.mx\/index.php?rest_route=\/wp\/v2\/posts\/69216","targetHints":{"allow":["GET"]}}],"collection":[{"href":"https:\/\/l21.mx\/index.php?rest_route=\/wp\/v2\/posts"}],"about":[{"href":"https:\/\/l21.mx\/index.php?rest_route=\/wp\/v2\/types\/post"}],"author":[{"embeddable":true,"href":"https:\/\/l21.mx\/index.php?rest_route=\/wp\/v2\/users\/95"}],"replies":[{"embeddable":true,"href":"https:\/\/l21.mx\/index.php?rest_route=%2Fwp%2Fv2%2Fcomments&post=69216"}],"version-history":[{"count":1,"href":"https:\/\/l21.mx\/index.php?rest_route=\/wp\/v2\/posts\/69216\/revisions"}],"predecessor-version":[{"id":69219,"href":"https:\/\/l21.mx\/index.php?rest_route=\/wp\/v2\/posts\/69216\/revisions\/69219"}],"wp:featuredmedia":[{"embeddable":true,"href":"https:\/\/l21.mx\/index.php?rest_route=\/wp\/v2\/media\/56029"}],"wp:attachment":[{"href":"https:\/\/l21.mx\/index.php?rest_route=%2Fwp%2Fv2%2Fmedia&parent=69216"}],"wp:term":[{"taxonomy":"category","embeddable":true,"href":"https:\/\/l21.mx\/index.php?rest_route=%2Fwp%2Fv2%2Fcategories&post=69216"},{"taxonomy":"post_tag","embeddable":true,"href":"https:\/\/l21.mx\/index.php?rest_route=%2Fwp%2Fv2%2Ftags&post=69216"}],"curies":[{"name":"wp","href":"https:\/\/api.w.org\/{rel}","templated":true}]}}