{"id":69224,"date":"2023-08-01T09:50:02","date_gmt":"2023-08-01T14:50:02","guid":{"rendered":"https:\/\/l21.mx\/?p=69224"},"modified":"2024-02-16T17:51:42","modified_gmt":"2024-02-16T22:51:42","slug":"capitulo-xxxvi-errores-sociales","status":"publish","type":"post","link":"https:\/\/l21.mx\/?p=69224","title":{"rendered":"Cap\u00edtulo XXXVI \u2022 Errores sociales"},"content":{"rendered":"<p>&nbsp;<\/p>\n<p>&nbsp;<\/p>\n<p>Tal parece que los humanos poseemos la facultad de no querer aprovechar en nuestra vida la experiencia del pasado. Todos hemos tenido padres que nos quieren o han querido ense\u00f1arnos lo que aprendieron, pues no desean que nosotros cometamos los mismos errores. Pero el ni\u00f1o, el adolescente, el joven y el adulto queremos vivir nuestras propias experiencias. Nadie nos puede explicar el amor, el temor, el dolor o la contemplaci\u00f3n est\u00e9tica y la meditaci\u00f3n. Tenemos que vivirlo para comprenderlo.<\/p>\n<p>Pero negar la memoria hist\u00f3rica nos lleva a olvidar conceptos, historias y experiencias de toda la humanidad. \u00c9sta tiene ya 10 000 a\u00f1os de ser legada por escrito a las futuras generaciones. Desde los tiempos arcaicos de Egipto y Asir\u00eda han existido los tiranos, los reyezuelos, los dictadores enfermos y crueles que son esp\u00edritus pose\u00eddos de un af\u00e1n de poder. De los m\u00e1s de 240 pa\u00edses del mundo, menos de 150 son dirigidos por dictadores despiadados que no permiten la libertad de sus s\u00fabditos, en aras de un poder personal insaciable. Esos pa\u00edses no pueden embonar en una atm\u00f3sfera m\u00e1s libre y creativa, pues la libertad les significar\u00eda perder el poder. En ellos se producen profundos errores hist\u00f3ricos y sociales, siendo la devastaci\u00f3n humana y ecol\u00f3gica uno de los principales.<\/p>\n<p>Ninguna autoridad del mundo desea reconocer el problema de la basura. Gobierno y pueblo se coluden para no pagar los costos reales de una verdadera disposici\u00f3n ecol\u00f3gica y sustentable de la basura, un problema que generamos todos, y que todos debemos solucionar. Debemos empezar por analizar los productos que la generan, el dise\u00f1o correcto de los mismos para minimizar el desperdicio y facilitar el reciclado, la separaci\u00f3n por subproducto y su log\u00edstica operativa, etc\u00e9tera. Si la ciudadan\u00eda no est\u00e1 dispuesta al esfuerzo operativo y al sacrificio econ\u00f3mico, entonces continuaremos creando monta\u00f1as contaminantes.<\/p>\n<p>La combusti\u00f3n de gasolina y di\u00e9sel de los 500 millones de veh\u00edculos automotores es uno de los factores m\u00e1s graves de contaminaci\u00f3n en el mundo, pues genera el 35% de la contaminaci\u00f3n del aire, un enorme porcentaje de la cual se debe a la utilizaci\u00f3n innecesaria del veh\u00edculo, ya que no existe cultura de cooperaci\u00f3n. Para trasladarse al trabajo o simplemente para pasear, se genera un consumo excesivo del orden de un 50% que se podr\u00eda evitar si todos desarroll\u00e1ramos una conciencia del problema ecol\u00f3gico. La sociedad opera con base en el estatus social, y por ello lo grande y costoso es visto como signo del \u00e9xito y de la inteligencia del que lo posee; de esa manera, se dise\u00f1an grandes veh\u00edculos de transporte personal, que generan mayores consumos de hidrocarburos.<\/p>\n<p>En arquitectura, pareciera que cada vez importan menos las condiciones clim\u00e1ticas del entorno. En verano funciona constantemente el aire acondicionado y en invierno la calefacci\u00f3n, sin que se aprovechen los d\u00edas favorables, pues pr\u00e1cticamente casas y edificios son sellados al exterior. Hoy sabemos que los sistemas de aire acondicionado son una de las principales causas del hoyo en la capa de ozono.<\/p>\n<p>Pr\u00e1cticamente ning\u00fan producto se dise\u00f1a teniendo en cuenta el desperdicio. Por ejemplo, las computadoras que se desechan por millones son un problema porque no es redituable reciclarlas, ya que se gasta m\u00e1s en mano de obra para desensamblar los componentes y separarlos que en fabricar computadoras nuevas. Lo mismo sucede con una gran cantidad de productos y empaques que, por carecer de planeaci\u00f3n ecol\u00f3gica, se convierten en un grave problema de contaminaci\u00f3n cuando se desechan.<\/p>\n<p>Hemos dicho en diversas ocasiones que la pobreza es un grave factor de contaminaci\u00f3n y depredaci\u00f3n. Es pr\u00e1cticamente imposible convencer a un campesino pobre que no mate un animal silvestre para alimentarse. S\u00f3lo donde no hay hambre puede establecerse la convivencia. Por ejemplo, en Miami, tanto en el r\u00edo, al lado de los rascacielos, como en Fisher Island, en su marina, la civilizaci\u00f3n convive con el manat\u00ed; pero en las costas de Quintana Roo, que fueron despobladas por siglos, el manat\u00ed pr\u00e1cticamente se extingui\u00f3. La raz\u00f3n es que los pocos pobladores que hab\u00eda los cazaban para alimentarse y alimentar a sus perros.<\/p>\n<p>Un enorme error social y econ\u00f3mico es tratar igual un desarrollo que cumple con los lineamientos ecol\u00f3gicos que uno que no los cumple. Un desarrollo genera demanda de servicios colaterales, y cuando es bloqueado por \u00abrazones ecol\u00f3gicas\u00bb, la repercusi\u00f3n inmediata es la ausencia de inversiones con el desempleo que ello implica y su secuela de crimen, desorden social y depredaci\u00f3n de bienes naturales. Es necesario que las pol\u00edticas ambientales sepan distinguir con precisi\u00f3n esos conceptos.<\/p>\n<p>El desarrollo sustentable, por abarcar todos los aspectos, requiere criterios de profundo equilibrio y no se debe determinar en forma arbitraria y unilateral, pues ello repercutir\u00eda en un deterioro del medio ambiente o del entorno social, lo cual puede tener graves consecuencias para todos.<\/p>\n<p>Debemos evitar que los fanatismos ecol\u00f3gicos y las legislaciones mal estructuradas frenen las posibilidades de desarrollo, en particular en los pa\u00edses del tercer mundo, carentes de recursos econ\u00f3micos y de fuentes de trabajo.<\/p>\n<p>Nunca debemos olvidar que ning\u00fan ser humano es medio para lograr algo, pues no se puede sacrificar a los seres humanos de hoy, en aras de una conservaci\u00f3n a ultranza.<\/p>\n<p>Eso no es moralmente \u00e9tico, como tampoco lo es el sacrificar a generaciones futuras por excesos del presente.<\/p>\n<p>Lo social, pues, debe formar parte de la visi\u00f3n globalizadora del desarrollo sustentable y todos deberemos participar para evitar los errores que se pueden cometer en las diferentes direcciones. El equilibrio es la norma y el desarrollo sustentable debe ser la consigna.<\/p>\n","protected":false},"excerpt":{"rendered":"<p>&nbsp; &nbsp; Tal parece que los humanos poseemos la facultad de no querer aprovechar en nuestra&hellip;<\/p>\n","protected":false},"author":95,"featured_media":56029,"comment_status":"closed","ping_status":"closed","sticky":false,"template":"","format":"standard","meta":{"_acf_changed":false,"_lmt_disableupdate":"","_lmt_disable":"","_mbp_gutenberg_autopost":false,"footnotes":""},"categories":[1674],"tags":[],"class_list":["post-69224","post","type-post","status-publish","format-standard","has-post-thumbnail","hentry","category-libro-ecologia-y-espiritualidad"],"acf":[],"yoast_head":"<!-- This site is optimized with the Yoast SEO plugin v27.5 - https:\/\/yoast.com\/product\/yoast-seo-wordpress\/ -->\n<title>Cap\u00edtulo XXXVI \u2022 Errores sociales | Revista Latitud 21<\/title>\n<meta name=\"description\" content=\"L21, Emprendedores y Negocios en el Caribe Mexicano, es la revista l\u00edder entre el Sector Empresarial y Tur\u00edstico del Caribe Mexicano.\" \/>\n<meta name=\"robots\" content=\"index, follow, max-snippet:-1, max-image-preview:large, max-video-preview:-1\" \/>\n<link rel=\"canonical\" href=\"https:\/\/l21.mx\/?p=69224\" \/>\n<meta name=\"twitter:card\" content=\"summary_large_image\" \/>\n<meta name=\"twitter:title\" content=\"Cap\u00edtulo XXXVI \u2022 Errores sociales | Revista Latitud 21\" \/>\n<meta name=\"twitter:description\" content=\"L21, Emprendedores y Negocios en el Caribe Mexicano, es la revista l\u00edder entre el Sector Empresarial y Tur\u00edstico del Caribe Mexicano.\" \/>\n<meta name=\"twitter:image\" content=\"https:\/\/l21.mx\/wp-content\/uploads\/2021\/11\/ecologia_y_espiritualidad-2.jpeg\" \/>\n<meta name=\"twitter:creator\" content=\"@Latitud21mx\" \/>\n<meta name=\"twitter:site\" content=\"@Latitud21mx\" \/>\n<meta name=\"twitter:label1\" content=\"Escrito por\" \/>\n\t<meta name=\"twitter:data1\" content=\"ahernandez@latitud21.com.mx\" \/>\n\t<meta name=\"twitter:label2\" content=\"Tiempo de lectura\" \/>\n\t<meta name=\"twitter:data2\" content=\"5 minutos\" \/>\n<script type=\"application\/ld+json\" class=\"yoast-schema-graph\">{\"@context\":\"https:\\\/\\\/schema.org\",\"@graph\":[{\"@type\":\"Article\",\"@id\":\"https:\\\/\\\/l21.mx\\\/?p=69224#article\",\"isPartOf\":{\"@id\":\"https:\\\/\\\/l21.mx\\\/?p=69224\"},\"author\":{\"name\":\"ahernandez@latitud21.com.mx\",\"@id\":\"https:\\\/\\\/l21.mx\\\/#\\\/schema\\\/person\\\/b3cb342bb947a88e1fc27e05770479da\"},\"headline\":\"Cap\u00edtulo XXXVI \u2022 Errores sociales\",\"datePublished\":\"2023-08-01T14:50:02+00:00\",\"dateModified\":\"2024-02-16T22:51:42+00:00\",\"mainEntityOfPage\":{\"@id\":\"https:\\\/\\\/l21.mx\\\/?p=69224\"},\"wordCount\":991,\"publisher\":{\"@id\":\"https:\\\/\\\/l21.mx\\\/#organization\"},\"image\":{\"@id\":\"https:\\\/\\\/l21.mx\\\/?p=69224#primaryimage\"},\"thumbnailUrl\":\"https:\\\/\\\/l21.mx\\\/wp-content\\\/uploads\\\/2021\\\/11\\\/ecologia_y_espiritualidad-2.jpeg\",\"articleSection\":[\"Libro Ecolog\u00eda y Espiritualidad\"],\"inLanguage\":\"es\"},{\"@type\":\"WebPage\",\"@id\":\"https:\\\/\\\/l21.mx\\\/?p=69224\",\"url\":\"https:\\\/\\\/l21.mx\\\/?p=69224\",\"name\":\"Cap\u00edtulo XXXVI \u2022 Errores sociales | Revista Latitud 21\",\"isPartOf\":{\"@id\":\"https:\\\/\\\/l21.mx\\\/#website\"},\"primaryImageOfPage\":{\"@id\":\"https:\\\/\\\/l21.mx\\\/?p=69224#primaryimage\"},\"image\":{\"@id\":\"https:\\\/\\\/l21.mx\\\/?p=69224#primaryimage\"},\"thumbnailUrl\":\"https:\\\/\\\/l21.mx\\\/wp-content\\\/uploads\\\/2021\\\/11\\\/ecologia_y_espiritualidad-2.jpeg\",\"datePublished\":\"2023-08-01T14:50:02+00:00\",\"dateModified\":\"2024-02-16T22:51:42+00:00\",\"description\":\"L21, Emprendedores y Negocios en el Caribe Mexicano, es la revista l\u00edder entre el Sector Empresarial y Tur\u00edstico del Caribe Mexicano.\",\"breadcrumb\":{\"@id\":\"https:\\\/\\\/l21.mx\\\/?p=69224#breadcrumb\"},\"inLanguage\":\"es\",\"potentialAction\":[{\"@type\":\"ReadAction\",\"target\":[\"https:\\\/\\\/l21.mx\\\/?p=69224\"]}]},{\"@type\":\"ImageObject\",\"inLanguage\":\"es\",\"@id\":\"https:\\\/\\\/l21.mx\\\/?p=69224#primaryimage\",\"url\":\"https:\\\/\\\/l21.mx\\\/wp-content\\\/uploads\\\/2021\\\/11\\\/ecologia_y_espiritualidad-2.jpeg\",\"contentUrl\":\"https:\\\/\\\/l21.mx\\\/wp-content\\\/uploads\\\/2021\\\/11\\\/ecologia_y_espiritualidad-2.jpeg\",\"width\":418,\"height\":364},{\"@type\":\"BreadcrumbList\",\"@id\":\"https:\\\/\\\/l21.mx\\\/?p=69224#breadcrumb\",\"itemListElement\":[{\"@type\":\"ListItem\",\"position\":1,\"name\":\"Portada\",\"item\":\"https:\\\/\\\/l21.mx\\\/\"},{\"@type\":\"ListItem\",\"position\":2,\"name\":\"Cap\u00edtulo XXXVI \u2022 Errores sociales\"}]},{\"@type\":\"WebSite\",\"@id\":\"https:\\\/\\\/l21.mx\\\/#website\",\"url\":\"https:\\\/\\\/l21.mx\\\/\",\"name\":\"Revista Latitud 21\",\"description\":\"Emprendedores  y negocios en el Caribe Mexicano\",\"publisher\":{\"@id\":\"https:\\\/\\\/l21.mx\\\/#organization\"},\"potentialAction\":[{\"@type\":\"SearchAction\",\"target\":{\"@type\":\"EntryPoint\",\"urlTemplate\":\"https:\\\/\\\/l21.mx\\\/?s={search_term_string}\"},\"query-input\":{\"@type\":\"PropertyValueSpecification\",\"valueRequired\":true,\"valueName\":\"search_term_string\"}}],\"inLanguage\":\"es\"},{\"@type\":\"Organization\",\"@id\":\"https:\\\/\\\/l21.mx\\\/#organization\",\"name\":\"Grupo Editorial Latitud 21 SA de CV\",\"url\":\"https:\\\/\\\/l21.mx\\\/\",\"logo\":{\"@type\":\"ImageObject\",\"inLanguage\":\"es\",\"@id\":\"https:\\\/\\\/l21.mx\\\/#\\\/schema\\\/logo\\\/image\\\/\",\"url\":\"https:\\\/\\\/l21.mx\\\/wp-content\\\/uploads\\\/2020\\\/10\\\/logo-l21-baja.jpg\",\"contentUrl\":\"https:\\\/\\\/l21.mx\\\/wp-content\\\/uploads\\\/2020\\\/10\\\/logo-l21-baja.jpg\",\"width\":250,\"height\":250,\"caption\":\"Grupo Editorial Latitud 21 SA de CV\"},\"image\":{\"@id\":\"https:\\\/\\\/l21.mx\\\/#\\\/schema\\\/logo\\\/image\\\/\"},\"sameAs\":[\"https:\\\/\\\/www.facebook.com\\\/RevistaLatitud21\\\/\",\"https:\\\/\\\/x.com\\\/Latitud21mx\"]},{\"@type\":\"Person\",\"@id\":\"https:\\\/\\\/l21.mx\\\/#\\\/schema\\\/person\\\/b3cb342bb947a88e1fc27e05770479da\",\"name\":\"ahernandez@latitud21.com.mx\",\"url\":\"https:\\\/\\\/l21.mx\\\/?author=95\"}]}<\/script>\n<!-- \/ Yoast SEO plugin. -->","yoast_head_json":{"title":"Cap\u00edtulo XXXVI \u2022 Errores sociales | Revista Latitud 21","description":"L21, Emprendedores y Negocios en el Caribe Mexicano, es la revista l\u00edder entre el Sector Empresarial y Tur\u00edstico del Caribe Mexicano.","robots":{"index":"index","follow":"follow","max-snippet":"max-snippet:-1","max-image-preview":"max-image-preview:large","max-video-preview":"max-video-preview:-1"},"canonical":"https:\/\/l21.mx\/?p=69224","twitter_card":"summary_large_image","twitter_title":"Cap\u00edtulo XXXVI \u2022 Errores sociales | Revista Latitud 21","twitter_description":"L21, Emprendedores y Negocios en el Caribe Mexicano, es la revista l\u00edder entre el Sector Empresarial y Tur\u00edstico del Caribe Mexicano.","twitter_image":"https:\/\/l21.mx\/wp-content\/uploads\/2021\/11\/ecologia_y_espiritualidad-2.jpeg","twitter_creator":"@Latitud21mx","twitter_site":"@Latitud21mx","twitter_misc":{"Escrito por":"ahernandez@latitud21.com.mx","Tiempo de lectura":"5 minutos"},"schema":{"@context":"https:\/\/schema.org","@graph":[{"@type":"Article","@id":"https:\/\/l21.mx\/?p=69224#article","isPartOf":{"@id":"https:\/\/l21.mx\/?p=69224"},"author":{"name":"ahernandez@latitud21.com.mx","@id":"https:\/\/l21.mx\/#\/schema\/person\/b3cb342bb947a88e1fc27e05770479da"},"headline":"Cap\u00edtulo XXXVI \u2022 Errores sociales","datePublished":"2023-08-01T14:50:02+00:00","dateModified":"2024-02-16T22:51:42+00:00","mainEntityOfPage":{"@id":"https:\/\/l21.mx\/?p=69224"},"wordCount":991,"publisher":{"@id":"https:\/\/l21.mx\/#organization"},"image":{"@id":"https:\/\/l21.mx\/?p=69224#primaryimage"},"thumbnailUrl":"https:\/\/l21.mx\/wp-content\/uploads\/2021\/11\/ecologia_y_espiritualidad-2.jpeg","articleSection":["Libro Ecolog\u00eda y Espiritualidad"],"inLanguage":"es"},{"@type":"WebPage","@id":"https:\/\/l21.mx\/?p=69224","url":"https:\/\/l21.mx\/?p=69224","name":"Cap\u00edtulo XXXVI \u2022 Errores sociales | Revista Latitud 21","isPartOf":{"@id":"https:\/\/l21.mx\/#website"},"primaryImageOfPage":{"@id":"https:\/\/l21.mx\/?p=69224#primaryimage"},"image":{"@id":"https:\/\/l21.mx\/?p=69224#primaryimage"},"thumbnailUrl":"https:\/\/l21.mx\/wp-content\/uploads\/2021\/11\/ecologia_y_espiritualidad-2.jpeg","datePublished":"2023-08-01T14:50:02+00:00","dateModified":"2024-02-16T22:51:42+00:00","description":"L21, Emprendedores y Negocios en el Caribe Mexicano, es la revista l\u00edder entre el Sector Empresarial y Tur\u00edstico del Caribe Mexicano.","breadcrumb":{"@id":"https:\/\/l21.mx\/?p=69224#breadcrumb"},"inLanguage":"es","potentialAction":[{"@type":"ReadAction","target":["https:\/\/l21.mx\/?p=69224"]}]},{"@type":"ImageObject","inLanguage":"es","@id":"https:\/\/l21.mx\/?p=69224#primaryimage","url":"https:\/\/l21.mx\/wp-content\/uploads\/2021\/11\/ecologia_y_espiritualidad-2.jpeg","contentUrl":"https:\/\/l21.mx\/wp-content\/uploads\/2021\/11\/ecologia_y_espiritualidad-2.jpeg","width":418,"height":364},{"@type":"BreadcrumbList","@id":"https:\/\/l21.mx\/?p=69224#breadcrumb","itemListElement":[{"@type":"ListItem","position":1,"name":"Portada","item":"https:\/\/l21.mx\/"},{"@type":"ListItem","position":2,"name":"Cap\u00edtulo XXXVI \u2022 Errores sociales"}]},{"@type":"WebSite","@id":"https:\/\/l21.mx\/#website","url":"https:\/\/l21.mx\/","name":"Revista Latitud 21","description":"Emprendedores  y negocios en el Caribe Mexicano","publisher":{"@id":"https:\/\/l21.mx\/#organization"},"potentialAction":[{"@type":"SearchAction","target":{"@type":"EntryPoint","urlTemplate":"https:\/\/l21.mx\/?s={search_term_string}"},"query-input":{"@type":"PropertyValueSpecification","valueRequired":true,"valueName":"search_term_string"}}],"inLanguage":"es"},{"@type":"Organization","@id":"https:\/\/l21.mx\/#organization","name":"Grupo Editorial Latitud 21 SA de CV","url":"https:\/\/l21.mx\/","logo":{"@type":"ImageObject","inLanguage":"es","@id":"https:\/\/l21.mx\/#\/schema\/logo\/image\/","url":"https:\/\/l21.mx\/wp-content\/uploads\/2020\/10\/logo-l21-baja.jpg","contentUrl":"https:\/\/l21.mx\/wp-content\/uploads\/2020\/10\/logo-l21-baja.jpg","width":250,"height":250,"caption":"Grupo Editorial Latitud 21 SA de CV"},"image":{"@id":"https:\/\/l21.mx\/#\/schema\/logo\/image\/"},"sameAs":["https:\/\/www.facebook.com\/RevistaLatitud21\/","https:\/\/x.com\/Latitud21mx"]},{"@type":"Person","@id":"https:\/\/l21.mx\/#\/schema\/person\/b3cb342bb947a88e1fc27e05770479da","name":"ahernandez@latitud21.com.mx","url":"https:\/\/l21.mx\/?author=95"}]}},"amp_enabled":true,"_links":{"self":[{"href":"https:\/\/l21.mx\/index.php?rest_route=\/wp\/v2\/posts\/69224","targetHints":{"allow":["GET"]}}],"collection":[{"href":"https:\/\/l21.mx\/index.php?rest_route=\/wp\/v2\/posts"}],"about":[{"href":"https:\/\/l21.mx\/index.php?rest_route=\/wp\/v2\/types\/post"}],"author":[{"embeddable":true,"href":"https:\/\/l21.mx\/index.php?rest_route=\/wp\/v2\/users\/95"}],"replies":[{"embeddable":true,"href":"https:\/\/l21.mx\/index.php?rest_route=%2Fwp%2Fv2%2Fcomments&post=69224"}],"version-history":[{"count":1,"href":"https:\/\/l21.mx\/index.php?rest_route=\/wp\/v2\/posts\/69224\/revisions"}],"predecessor-version":[{"id":69227,"href":"https:\/\/l21.mx\/index.php?rest_route=\/wp\/v2\/posts\/69224\/revisions\/69227"}],"wp:featuredmedia":[{"embeddable":true,"href":"https:\/\/l21.mx\/index.php?rest_route=\/wp\/v2\/media\/56029"}],"wp:attachment":[{"href":"https:\/\/l21.mx\/index.php?rest_route=%2Fwp%2Fv2%2Fmedia&parent=69224"}],"wp:term":[{"taxonomy":"category","embeddable":true,"href":"https:\/\/l21.mx\/index.php?rest_route=%2Fwp%2Fv2%2Fcategories&post=69224"},{"taxonomy":"post_tag","embeddable":true,"href":"https:\/\/l21.mx\/index.php?rest_route=%2Fwp%2Fv2%2Ftags&post=69224"}],"curies":[{"name":"wp","href":"https:\/\/api.w.org\/{rel}","templated":true}]}}