{"id":69288,"date":"2024-02-19T13:50:53","date_gmt":"2024-02-19T18:50:53","guid":{"rendered":"https:\/\/l21.mx\/?p=69288"},"modified":"2024-02-19T13:50:53","modified_gmt":"2024-02-19T18:50:53","slug":"feria-del-empleo-en-puerto-maya","status":"publish","type":"post","link":"https:\/\/l21.mx\/?p=69288","title":{"rendered":"Feria del empleo en Puerto Maya"},"content":{"rendered":"<p>&nbsp;<\/p>\n<p>&#8211; 20 empresas participantes ofrecer\u00e1n m\u00e1s de 900 vacantes para habitantes de Puerto Aventuras<\/p>\n<p><a href=\"https:\/\/l21.mx\/wp-content\/uploads\/2024\/02\/WhatsApp-Image-2024-02-19-at-1.44.40-PM.jpeg\" data-rel=\"penci-gallery-image-content\" ><img decoding=\"async\" class=\"alignnone size-medium wp-image-69290\" src=\"https:\/\/l21.mx\/wp-content\/uploads\/2024\/02\/WhatsApp-Image-2024-02-19-at-1.44.40-PM-300x130.jpeg\" alt=\"\" width=\"300\" height=\"130\" srcset=\"https:\/\/l21.mx\/wp-content\/uploads\/2024\/02\/WhatsApp-Image-2024-02-19-at-1.44.40-PM-300x130.jpeg 300w, https:\/\/l21.mx\/wp-content\/uploads\/2024\/02\/WhatsApp-Image-2024-02-19-at-1.44.40-PM-1024x444.jpeg 1024w, https:\/\/l21.mx\/wp-content\/uploads\/2024\/02\/WhatsApp-Image-2024-02-19-at-1.44.40-PM-768x333.jpeg 768w, https:\/\/l21.mx\/wp-content\/uploads\/2024\/02\/WhatsApp-Image-2024-02-19-at-1.44.40-PM-1170x507.jpeg 1170w, https:\/\/l21.mx\/wp-content\/uploads\/2024\/02\/WhatsApp-Image-2024-02-19-at-1.44.40-PM-585x254.jpeg 585w, https:\/\/l21.mx\/wp-content\/uploads\/2024\/02\/WhatsApp-Image-2024-02-19-at-1.44.40-PM.jpeg 1280w\" sizes=\"(max-width: 300px) 100vw, 300px\" \/><\/a><\/p>\n<p>Playa del Carmen, Solidaridad a 19 de febrero del 2024.- Con el objetivo de brindar mejores oportunidades laborales y mayor calidad de vida, el gobierno municipal que dirige Lili Campos llevar\u00e1 a cabo el pr\u00f3ximo martes la 4ta. Feria del empleo del a\u00f1o, que ser\u00e1 en el parque Lol Beh en Puerto Maya, ofreciendo m\u00e1s de 900 vacantes a trav\u00e9s de 20 empresas.<\/p>\n<p>La titular de la direcci\u00f3n del Trabajo y Promoci\u00f3n del Empleo, Yuri Mayorga, asegur\u00f3 que la finalidad de esta feria del empleo a realizarse el 20 de febrero, desde las 9:00 a las13:00 horas en el fraccionamiento Puerto Maya, en Puerto Aventuras, es para emplearse en un trabajo formal, con prestaciones de acuerdo a la Ley del Trabajo, aunque tambi\u00e9n pueden asistir quienes buscan un trabajo mejor remunerado.<\/p>\n<p>Destac\u00f3 que, para comodidad de los interesados, se realiza en colonias o fraccionamientos en todo el municipio de Solidaridad, ofertando cientos de vacantes en un solo punto, a fin de que los interesados no tengan que erogar un solo peso ni perder tiempo en desplazarse \u201cahora son 20 empresas participantes y m\u00e1s de 900 vacantes, tanto del ramo hotelero como de tiendas departamentales y otros giros comerciales\u201d.<\/p>\n<p>Cabe mencionar, que en esta feria tambi\u00e9n se brindar\u00e1n servicios laborales: consulta m\u00e9dica y certificados m\u00e9dicos, informaci\u00f3n sobre la junta municipal de reclutamiento para la cartilla del servicio nacional militar, registro civil con asesor\u00edas de actualizaci\u00f3n de CURP y actas de nacimiento, para mayor informaci\u00f3n comunicarse al servicio municipal del empleo, n\u00famero de celular 984 207 36 33.<\/p>\n","protected":false},"excerpt":{"rendered":"<p>&nbsp; &#8211; 20 empresas participantes ofrecer\u00e1n m\u00e1s de 900 vacantes para habitantes de Puerto Aventuras Playa&hellip;<\/p>\n","protected":false},"author":100,"featured_media":69289,"comment_status":"closed","ping_status":"closed","sticky":false,"template":"","format":"standard","meta":{"_acf_changed":false,"_lmt_disableupdate":"","_lmt_disable":"","_mbp_gutenberg_autopost":false,"footnotes":""},"categories":[1654],"tags":[],"class_list":["post-69288","post","type-post","status-publish","format-standard","has-post-thumbnail","hentry","category-solidaridad"],"acf":[],"_links":{"self":[{"href":"https:\/\/l21.mx\/index.php?rest_route=\/wp\/v2\/posts\/69288","targetHints":{"allow":["GET"]}}],"collection":[{"href":"https:\/\/l21.mx\/index.php?rest_route=\/wp\/v2\/posts"}],"about":[{"href":"https:\/\/l21.mx\/index.php?rest_route=\/wp\/v2\/types\/post"}],"author":[{"embeddable":true,"href":"https:\/\/l21.mx\/index.php?rest_route=\/wp\/v2\/users\/100"}],"replies":[{"embeddable":true,"href":"https:\/\/l21.mx\/index.php?rest_route=%2Fwp%2Fv2%2Fcomments&post=69288"}],"version-history":[{"count":0,"href":"https:\/\/l21.mx\/index.php?rest_route=\/wp\/v2\/posts\/69288\/revisions"}],"wp:featuredmedia":[{"embeddable":true,"href":"https:\/\/l21.mx\/index.php?rest_route=\/wp\/v2\/media\/69289"}],"wp:attachment":[{"href":"https:\/\/l21.mx\/index.php?rest_route=%2Fwp%2Fv2%2Fmedia&parent=69288"}],"wp:term":[{"taxonomy":"category","embeddable":true,"href":"https:\/\/l21.mx\/index.php?rest_route=%2Fwp%2Fv2%2Fcategories&post=69288"},{"taxonomy":"post_tag","embeddable":true,"href":"https:\/\/l21.mx\/index.php?rest_route=%2Fwp%2Fv2%2Ftags&post=69288"}],"curies":[{"name":"wp","href":"https:\/\/api.w.org\/{rel}","templated":true}]}}