{"id":69294,"date":"2024-02-19T19:17:11","date_gmt":"2024-02-20T00:17:11","guid":{"rendered":"https:\/\/l21.mx\/?p=69294"},"modified":"2024-02-19T19:17:11","modified_gmt":"2024-02-20T00:17:11","slug":"realizan-mural-en-honor-a-paco-de-lucia-en-playa-del-carmen","status":"publish","type":"post","link":"https:\/\/l21.mx\/?p=69294","title":{"rendered":"Realizan mural en honor a Paco de Luc\u00eda en Playa del Carmen"},"content":{"rendered":"<p>&nbsp;<\/p>\n<p>&#8211; Con esto se busca promover el turismo cultural, como un atractivo m\u00e1s para los visitantes<\/p>\n<p><a href=\"https:\/\/l21.mx\/wp-content\/uploads\/2024\/02\/WhatsApp-Image-2024-02-19-at-6.55.38-PM.jpeg\" data-rel=\"penci-gallery-image-content\" ><img fetchpriority=\"high\" decoding=\"async\" class=\"alignnone size-medium wp-image-69296\" src=\"https:\/\/l21.mx\/wp-content\/uploads\/2024\/02\/WhatsApp-Image-2024-02-19-at-6.55.38-PM-300x213.jpeg\" alt=\"\" width=\"300\" height=\"213\" srcset=\"https:\/\/l21.mx\/wp-content\/uploads\/2024\/02\/WhatsApp-Image-2024-02-19-at-6.55.38-PM-300x213.jpeg 300w, https:\/\/l21.mx\/wp-content\/uploads\/2024\/02\/WhatsApp-Image-2024-02-19-at-6.55.38-PM-1024x726.jpeg 1024w, https:\/\/l21.mx\/wp-content\/uploads\/2024\/02\/WhatsApp-Image-2024-02-19-at-6.55.38-PM-768x545.jpeg 768w, https:\/\/l21.mx\/wp-content\/uploads\/2024\/02\/WhatsApp-Image-2024-02-19-at-6.55.38-PM-1170x830.jpeg 1170w, https:\/\/l21.mx\/wp-content\/uploads\/2024\/02\/WhatsApp-Image-2024-02-19-at-6.55.38-PM-585x415.jpeg 585w, https:\/\/l21.mx\/wp-content\/uploads\/2024\/02\/WhatsApp-Image-2024-02-19-at-6.55.38-PM.jpeg 1280w\" sizes=\"(max-width: 300px) 100vw, 300px\" \/><\/a><\/p>\n<p>Playa del Carmen, Solidaridad a 19 de febrero del 2024.- Con el objetivo de impulsar el turismo cultural en este destino y a ra\u00edz del hermanamiento entre los ayuntamientos de Solidaridad y Algeciras provincia de Andaluc\u00eda, Espa\u00f1a, se realiz\u00f3 un mural en honor a Paco de Luc\u00eda en el primer cuadro de la ciudad con motivo de su d\u00e9cimo aniversario luctuoso.<\/p>\n<p>La Secretar\u00eda de Turismo inform\u00f3 que este mural se hizo en coordinaci\u00f3n con el gobierno y la sociedad civil, para conmemorar el aniversario luctuoso de Francisco S\u00e1nchez G\u00f3mez, conocido como Paco de Luc\u00eda, quien fue un m\u00fasico y compositor espa\u00f1ol considerado el mejor guitarrista de flamenco.<\/p>\n<p>Este mural, realizado en la avenida 10, entre calles 2 y 4 norte, fue realizado por el artista urbano Richard Conde, del colectivo \u2018Pinta o Muere\u2019, quien se\u00f1al\u00f3 que con este tipo de arte se pretende que Playa del Carmen sea tambi\u00e9n conocido como un destino cultural.<\/p>\n","protected":false},"excerpt":{"rendered":"<p>&nbsp; &#8211; Con esto se busca promover el turismo cultural, como un atractivo m\u00e1s para los&hellip;<\/p>\n","protected":false},"author":100,"featured_media":69295,"comment_status":"closed","ping_status":"closed","sticky":false,"template":"","format":"standard","meta":{"_acf_changed":false,"_lmt_disableupdate":"","_lmt_disable":"","_mbp_gutenberg_autopost":false,"footnotes":""},"categories":[1654],"tags":[],"class_list":["post-69294","post","type-post","status-publish","format-standard","has-post-thumbnail","hentry","category-solidaridad"],"acf":[],"_links":{"self":[{"href":"https:\/\/l21.mx\/index.php?rest_route=\/wp\/v2\/posts\/69294","targetHints":{"allow":["GET"]}}],"collection":[{"href":"https:\/\/l21.mx\/index.php?rest_route=\/wp\/v2\/posts"}],"about":[{"href":"https:\/\/l21.mx\/index.php?rest_route=\/wp\/v2\/types\/post"}],"author":[{"embeddable":true,"href":"https:\/\/l21.mx\/index.php?rest_route=\/wp\/v2\/users\/100"}],"replies":[{"embeddable":true,"href":"https:\/\/l21.mx\/index.php?rest_route=%2Fwp%2Fv2%2Fcomments&post=69294"}],"version-history":[{"count":0,"href":"https:\/\/l21.mx\/index.php?rest_route=\/wp\/v2\/posts\/69294\/revisions"}],"wp:featuredmedia":[{"embeddable":true,"href":"https:\/\/l21.mx\/index.php?rest_route=\/wp\/v2\/media\/69295"}],"wp:attachment":[{"href":"https:\/\/l21.mx\/index.php?rest_route=%2Fwp%2Fv2%2Fmedia&parent=69294"}],"wp:term":[{"taxonomy":"category","embeddable":true,"href":"https:\/\/l21.mx\/index.php?rest_route=%2Fwp%2Fv2%2Fcategories&post=69294"},{"taxonomy":"post_tag","embeddable":true,"href":"https:\/\/l21.mx\/index.php?rest_route=%2Fwp%2Fv2%2Ftags&post=69294"}],"curies":[{"name":"wp","href":"https:\/\/api.w.org\/{rel}","templated":true}]}}