{"id":69741,"date":"2024-03-01T16:24:51","date_gmt":"2024-03-01T21:24:51","guid":{"rendered":"https:\/\/l21.mx\/?p=69741"},"modified":"2024-03-01T16:24:51","modified_gmt":"2024-03-01T21:24:51","slug":"elecciones-2024-inicia-la-batalla","status":"publish","type":"post","link":"https:\/\/l21.mx\/?p=69741","title":{"rendered":"Elecciones 2024,\u00a0inicia la batalla"},"content":{"rendered":"<ul>\n<li><b>Desde el camerino<\/b><\/li>\n<li><b>Alejandro Rosel<\/b><\/li>\n<li>Comunicador y conductor<\/li>\n<li>Twitter: @AlejandroRosel7<\/li>\n<\/ul>\n<p>&nbsp;<\/p>\n<p><b>Para: EMDI Y PRC, MI AMOR INFINITO<\/b><\/p>\n<p><b>I<\/b>nicia marzo, y con ello, las campa\u00f1as electorales. Por un lado, gran cantidad de spots de radio, televisi\u00f3n, redes sociales, etc\u00e9tera. Durante 3 meses estaremos inmersos en muchos mensajes de los partidos y candidatos a diferentes puestos de elecci\u00f3n popular. As\u00ed que prep\u00e1rese a todos estos mensajes que seguramente lo traer\u00e1n \u2018frito\u2019. Pero lo verdaderamente importante es la oportunidad que tenemos todos de decidir qu\u00e9 queremos para el pa\u00eds y el estado para los siguientes a\u00f1os. Hay que tomarse el tiempo para analizar lo que viene, qu\u00e9 se elige, qui\u00e9nes participan, qu\u00e9 opciones tienes para decidir y sobre todo, apartar el domingo 2 de junio, nada m\u00e1s importante ese d\u00eda que acudir a las urnas a votar, a elegir, a decidir. Esta, que ha sido llamada la \u201cmadre de todas las elecciones\u201d, ser\u00e1 fundamental para el futuro, as\u00ed que ese d\u00eda hay que votar, cuidar tu voto y esperar resultados. Despu\u00e9s de eso, lo que quieran. No se vale no participar y despu\u00e9s quejarse. Para exigir, hay que ser parte, no hay de otra.<span class=\"Apple-converted-space\">\u00a0<\/span><\/p>\n<p>En cuanto a lo sucedido este mes, fue puesta en funcionamiento la Prolongaci\u00f3n de la avenida Chac Mool, lo cual dio un cambio a la movilidad de la zona; lo malo, horas despu\u00e9s, el primer accidentado en la zona por la velocidad y seguramente el descuido, adem\u00e1s de que los conductores empiezan a usar dos carriles en el sem\u00e1foro de Huayac\u00e1n para dar vuelta. Yo siempre me pregunto, \u00bfPor qu\u00e9 creen que la gente se forma para dar vuelta y se llegan a enfilar hasta 20 veh\u00edculos?, \u00bfpor tontos? \u00bfPor no tener nada que hacer? Porque para todo hay reglas y espacios y si uno quiere dar vuelta a la izquierda, se forma en el carril de la izquierda, aunque haya muchos veh\u00edculos. Lo mismo sucede al llegar a la Colosio, donde hay un carril para incorporarse y todos usan ambos carriles para incorporarse, provocando caos \u00bfy la educaci\u00f3n vial, c\u00edvica? Una vez m\u00e1s, no existe. Quintana Roo destaca como l\u00edder en crecimiento econ\u00f3mico 2023, de acuerdo a lo que dieron a conocer la gobernadora <b>Mara Lezama <\/b>y el secretario de Finanzas, <b>Eugenio Segura<\/b>, los n\u00fameros marcan 17.10% en el tercer trimestre de 2023. Se dio a conocer el arribo importante de cruceros en el primer mes del 2024, 217 nav\u00edos, comparado con los 203 arribos del a\u00f1o anterior. Destaca Cozumel. El mes pasado \u201cIcon of the seas\u201d considerado el crucero m\u00e1s grande del mundo, lleg\u00f3 a los dos puertos de Quintana Roo donde pueden atracar\u2026 Un paso importante para evitar el combate a la trata es la iniciativa de reforma para registrar y regular a las plataformas de servicios tur\u00edsticos, principalmente de hospedaje, alojadores y anfitriones. La gobernadora reuni\u00f3 a las autoridades del Aeropuerto de Canc\u00fan, a ASUR (Concesionario del aeropuerto) y al Gobierno del Estado para solucionar los temas pendientes de atenci\u00f3n de la llegada y salida de turistas al Caribe Mexicano. Sesion\u00f3 el Consejo Consultivo del Turismo de Quintana Roo, encabezado por <b>Mara Lezama <\/b>y<b> Miguel Torruco<\/b>, buscan que todos los actores, sean protagonistas de la nueva era del turismo en el Caribe Mexicano.<span class=\"Apple-converted-space\">\u00a0 <\/span>Canc\u00fan fue sede del 8\u00ba Encuentro de Gobernadoras y Gobernadores del Sur-Sureste con la Embajada de Estados Unidos&#8230; En Canc\u00fan, se presentaron los resultados de la estrategia \u201cTodos por la Paz\u201d, m\u00e1s de cuatro mil personas beneficiadas de enero de 2023 a enero 2024, un compromiso de <b>Ana Paty Peralta<\/b> para la reconstrucci\u00f3n de un mejor Canc\u00fan. Fue presentado el Capit\u00e1n Carlos Ernesto D\u00b4amiano Sumoano, como nuevo secretario municipal de Seguridad Ciudadana y Tr\u00e1nsito en Canc\u00fan. Tambi\u00e9n se aprob\u00f3 el primer paquete del Programa de Inversi\u00f3n Anual para el ejercicio fiscal, 25 millones de pesos para arrancar el a\u00f1o. Que el camino sea divertido y exitoso. Hasta la pr\u00f3xima. #EMDI #PRC.<span class=\"Apple-converted-space\">\u00a0<\/span><\/p>\n","protected":false},"excerpt":{"rendered":"<p>Desde el camerino Alejandro Rosel Comunicador y conductor Twitter: @AlejandroRosel7 &nbsp; Para: EMDI Y PRC, MI&hellip;<\/p>\n","protected":false},"author":95,"featured_media":49562,"comment_status":"closed","ping_status":"closed","sticky":false,"template":"","format":"standard","meta":{"_acf_changed":false,"_lmt_disableupdate":"","_lmt_disable":"","_mbp_gutenberg_autopost":false,"footnotes":""},"categories":[1008],"tags":[],"class_list":["post-69741","post","type-post","status-publish","format-standard","has-post-thumbnail","hentry","category-alejandro-rosel"],"acf":[],"yoast_head":"<!-- This site is optimized with the Yoast SEO plugin v27.3 - https:\/\/yoast.com\/product\/yoast-seo-wordpress\/ -->\n<title>Elecciones 2024,\u00a0inicia la batalla | Revista Latitud 21<\/title>\n<meta name=\"description\" content=\"L21, Emprendedores y Negocios en el Caribe Mexicano, es la revista l\u00edder entre el Sector Empresarial y Tur\u00edstico del Caribe Mexicano.\" \/>\n<meta name=\"robots\" content=\"index, follow, max-snippet:-1, max-image-preview:large, max-video-preview:-1\" \/>\n<link rel=\"canonical\" href=\"https:\/\/l21.mx\/?p=69741\" \/>\n<meta name=\"twitter:card\" content=\"summary_large_image\" \/>\n<meta name=\"twitter:title\" content=\"Elecciones 2024,\u00a0inicia la batalla | Revista Latitud 21\" \/>\n<meta name=\"twitter:description\" content=\"L21, Emprendedores y Negocios en el Caribe Mexicano, es la revista l\u00edder entre el Sector Empresarial y Tur\u00edstico del Caribe Mexicano.\" \/>\n<meta name=\"twitter:image\" content=\"https:\/\/l21.mx\/wp-content\/uploads\/2021\/04\/alejandro-rosel-desde-el-camerino.jpg\" \/>\n<meta name=\"twitter:creator\" content=\"@Latitud21mx\" \/>\n<meta name=\"twitter:site\" content=\"@Latitud21mx\" \/>\n<meta name=\"twitter:label1\" content=\"Escrito por\" \/>\n\t<meta name=\"twitter:data1\" content=\"ahernandez@latitud21.com.mx\" \/>\n\t<meta name=\"twitter:label2\" content=\"Tiempo de lectura\" \/>\n\t<meta name=\"twitter:data2\" content=\"4 minutos\" \/>\n<script type=\"application\/ld+json\" class=\"yoast-schema-graph\">{\"@context\":\"https:\\\/\\\/schema.org\",\"@graph\":[{\"@type\":\"Article\",\"@id\":\"https:\\\/\\\/l21.mx\\\/?p=69741#article\",\"isPartOf\":{\"@id\":\"https:\\\/\\\/l21.mx\\\/?p=69741\"},\"author\":{\"name\":\"ahernandez@latitud21.com.mx\",\"@id\":\"https:\\\/\\\/l21.mx\\\/#\\\/schema\\\/person\\\/b3cb342bb947a88e1fc27e05770479da\"},\"headline\":\"Elecciones 2024,\u00a0inicia la batalla\",\"datePublished\":\"2024-03-01T21:24:51+00:00\",\"mainEntityOfPage\":{\"@id\":\"https:\\\/\\\/l21.mx\\\/?p=69741\"},\"wordCount\":687,\"publisher\":{\"@id\":\"https:\\\/\\\/l21.mx\\\/#organization\"},\"image\":{\"@id\":\"https:\\\/\\\/l21.mx\\\/?p=69741#primaryimage\"},\"thumbnailUrl\":\"https:\\\/\\\/l21.mx\\\/wp-content\\\/uploads\\\/2021\\\/04\\\/alejandro-rosel-desde-el-camerino.jpg\",\"articleSection\":[\"Alejandro Rosel\"],\"inLanguage\":\"es\"},{\"@type\":\"WebPage\",\"@id\":\"https:\\\/\\\/l21.mx\\\/?p=69741\",\"url\":\"https:\\\/\\\/l21.mx\\\/?p=69741\",\"name\":\"Elecciones 2024,\u00a0inicia la batalla | Revista Latitud 21\",\"isPartOf\":{\"@id\":\"https:\\\/\\\/l21.mx\\\/#website\"},\"primaryImageOfPage\":{\"@id\":\"https:\\\/\\\/l21.mx\\\/?p=69741#primaryimage\"},\"image\":{\"@id\":\"https:\\\/\\\/l21.mx\\\/?p=69741#primaryimage\"},\"thumbnailUrl\":\"https:\\\/\\\/l21.mx\\\/wp-content\\\/uploads\\\/2021\\\/04\\\/alejandro-rosel-desde-el-camerino.jpg\",\"datePublished\":\"2024-03-01T21:24:51+00:00\",\"description\":\"L21, Emprendedores y Negocios en el Caribe Mexicano, es la revista l\u00edder entre el Sector Empresarial y Tur\u00edstico del Caribe Mexicano.\",\"breadcrumb\":{\"@id\":\"https:\\\/\\\/l21.mx\\\/?p=69741#breadcrumb\"},\"inLanguage\":\"es\",\"potentialAction\":[{\"@type\":\"ReadAction\",\"target\":[\"https:\\\/\\\/l21.mx\\\/?p=69741\"]}]},{\"@type\":\"ImageObject\",\"inLanguage\":\"es\",\"@id\":\"https:\\\/\\\/l21.mx\\\/?p=69741#primaryimage\",\"url\":\"https:\\\/\\\/l21.mx\\\/wp-content\\\/uploads\\\/2021\\\/04\\\/alejandro-rosel-desde-el-camerino.jpg\",\"contentUrl\":\"https:\\\/\\\/l21.mx\\\/wp-content\\\/uploads\\\/2021\\\/04\\\/alejandro-rosel-desde-el-camerino.jpg\",\"width\":\"900\",\"height\":\"599\"},{\"@type\":\"BreadcrumbList\",\"@id\":\"https:\\\/\\\/l21.mx\\\/?p=69741#breadcrumb\",\"itemListElement\":[{\"@type\":\"ListItem\",\"position\":1,\"name\":\"Portada\",\"item\":\"https:\\\/\\\/l21.mx\\\/\"},{\"@type\":\"ListItem\",\"position\":2,\"name\":\"Elecciones 2024,\u00a0inicia la batalla\"}]},{\"@type\":\"WebSite\",\"@id\":\"https:\\\/\\\/l21.mx\\\/#website\",\"url\":\"https:\\\/\\\/l21.mx\\\/\",\"name\":\"Revista Latitud 21\",\"description\":\"Emprendedores  y negocios en el Caribe Mexicano\",\"publisher\":{\"@id\":\"https:\\\/\\\/l21.mx\\\/#organization\"},\"potentialAction\":[{\"@type\":\"SearchAction\",\"target\":{\"@type\":\"EntryPoint\",\"urlTemplate\":\"https:\\\/\\\/l21.mx\\\/?s={search_term_string}\"},\"query-input\":{\"@type\":\"PropertyValueSpecification\",\"valueRequired\":true,\"valueName\":\"search_term_string\"}}],\"inLanguage\":\"es\"},{\"@type\":\"Organization\",\"@id\":\"https:\\\/\\\/l21.mx\\\/#organization\",\"name\":\"Grupo Editorial Latitud 21 SA de CV\",\"url\":\"https:\\\/\\\/l21.mx\\\/\",\"logo\":{\"@type\":\"ImageObject\",\"inLanguage\":\"es\",\"@id\":\"https:\\\/\\\/l21.mx\\\/#\\\/schema\\\/logo\\\/image\\\/\",\"url\":\"https:\\\/\\\/l21.mx\\\/wp-content\\\/uploads\\\/2020\\\/10\\\/logo-l21-baja.jpg\",\"contentUrl\":\"https:\\\/\\\/l21.mx\\\/wp-content\\\/uploads\\\/2020\\\/10\\\/logo-l21-baja.jpg\",\"width\":250,\"height\":250,\"caption\":\"Grupo Editorial Latitud 21 SA de CV\"},\"image\":{\"@id\":\"https:\\\/\\\/l21.mx\\\/#\\\/schema\\\/logo\\\/image\\\/\"},\"sameAs\":[\"https:\\\/\\\/www.facebook.com\\\/RevistaLatitud21\\\/\",\"https:\\\/\\\/x.com\\\/Latitud21mx\"]},{\"@type\":\"Person\",\"@id\":\"https:\\\/\\\/l21.mx\\\/#\\\/schema\\\/person\\\/b3cb342bb947a88e1fc27e05770479da\",\"name\":\"ahernandez@latitud21.com.mx\",\"url\":\"https:\\\/\\\/l21.mx\\\/?author=95\"}]}<\/script>\n<!-- \/ Yoast SEO plugin. -->","yoast_head_json":{"title":"Elecciones 2024,\u00a0inicia la batalla | Revista Latitud 21","description":"L21, Emprendedores y Negocios en el Caribe Mexicano, es la revista l\u00edder entre el Sector Empresarial y Tur\u00edstico del Caribe Mexicano.","robots":{"index":"index","follow":"follow","max-snippet":"max-snippet:-1","max-image-preview":"max-image-preview:large","max-video-preview":"max-video-preview:-1"},"canonical":"https:\/\/l21.mx\/?p=69741","twitter_card":"summary_large_image","twitter_title":"Elecciones 2024,\u00a0inicia la batalla | Revista Latitud 21","twitter_description":"L21, Emprendedores y Negocios en el Caribe Mexicano, es la revista l\u00edder entre el Sector Empresarial y Tur\u00edstico del Caribe Mexicano.","twitter_image":"https:\/\/l21.mx\/wp-content\/uploads\/2021\/04\/alejandro-rosel-desde-el-camerino.jpg","twitter_creator":"@Latitud21mx","twitter_site":"@Latitud21mx","twitter_misc":{"Escrito por":"ahernandez@latitud21.com.mx","Tiempo de lectura":"4 minutos"},"schema":{"@context":"https:\/\/schema.org","@graph":[{"@type":"Article","@id":"https:\/\/l21.mx\/?p=69741#article","isPartOf":{"@id":"https:\/\/l21.mx\/?p=69741"},"author":{"name":"ahernandez@latitud21.com.mx","@id":"https:\/\/l21.mx\/#\/schema\/person\/b3cb342bb947a88e1fc27e05770479da"},"headline":"Elecciones 2024,\u00a0inicia la batalla","datePublished":"2024-03-01T21:24:51+00:00","mainEntityOfPage":{"@id":"https:\/\/l21.mx\/?p=69741"},"wordCount":687,"publisher":{"@id":"https:\/\/l21.mx\/#organization"},"image":{"@id":"https:\/\/l21.mx\/?p=69741#primaryimage"},"thumbnailUrl":"https:\/\/l21.mx\/wp-content\/uploads\/2021\/04\/alejandro-rosel-desde-el-camerino.jpg","articleSection":["Alejandro Rosel"],"inLanguage":"es"},{"@type":"WebPage","@id":"https:\/\/l21.mx\/?p=69741","url":"https:\/\/l21.mx\/?p=69741","name":"Elecciones 2024,\u00a0inicia la batalla | Revista Latitud 21","isPartOf":{"@id":"https:\/\/l21.mx\/#website"},"primaryImageOfPage":{"@id":"https:\/\/l21.mx\/?p=69741#primaryimage"},"image":{"@id":"https:\/\/l21.mx\/?p=69741#primaryimage"},"thumbnailUrl":"https:\/\/l21.mx\/wp-content\/uploads\/2021\/04\/alejandro-rosel-desde-el-camerino.jpg","datePublished":"2024-03-01T21:24:51+00:00","description":"L21, Emprendedores y Negocios en el Caribe Mexicano, es la revista l\u00edder entre el Sector Empresarial y Tur\u00edstico del Caribe Mexicano.","breadcrumb":{"@id":"https:\/\/l21.mx\/?p=69741#breadcrumb"},"inLanguage":"es","potentialAction":[{"@type":"ReadAction","target":["https:\/\/l21.mx\/?p=69741"]}]},{"@type":"ImageObject","inLanguage":"es","@id":"https:\/\/l21.mx\/?p=69741#primaryimage","url":"https:\/\/l21.mx\/wp-content\/uploads\/2021\/04\/alejandro-rosel-desde-el-camerino.jpg","contentUrl":"https:\/\/l21.mx\/wp-content\/uploads\/2021\/04\/alejandro-rosel-desde-el-camerino.jpg","width":"900","height":"599"},{"@type":"BreadcrumbList","@id":"https:\/\/l21.mx\/?p=69741#breadcrumb","itemListElement":[{"@type":"ListItem","position":1,"name":"Portada","item":"https:\/\/l21.mx\/"},{"@type":"ListItem","position":2,"name":"Elecciones 2024,\u00a0inicia la batalla"}]},{"@type":"WebSite","@id":"https:\/\/l21.mx\/#website","url":"https:\/\/l21.mx\/","name":"Revista Latitud 21","description":"Emprendedores  y negocios en el Caribe Mexicano","publisher":{"@id":"https:\/\/l21.mx\/#organization"},"potentialAction":[{"@type":"SearchAction","target":{"@type":"EntryPoint","urlTemplate":"https:\/\/l21.mx\/?s={search_term_string}"},"query-input":{"@type":"PropertyValueSpecification","valueRequired":true,"valueName":"search_term_string"}}],"inLanguage":"es"},{"@type":"Organization","@id":"https:\/\/l21.mx\/#organization","name":"Grupo Editorial Latitud 21 SA de CV","url":"https:\/\/l21.mx\/","logo":{"@type":"ImageObject","inLanguage":"es","@id":"https:\/\/l21.mx\/#\/schema\/logo\/image\/","url":"https:\/\/l21.mx\/wp-content\/uploads\/2020\/10\/logo-l21-baja.jpg","contentUrl":"https:\/\/l21.mx\/wp-content\/uploads\/2020\/10\/logo-l21-baja.jpg","width":250,"height":250,"caption":"Grupo Editorial Latitud 21 SA de CV"},"image":{"@id":"https:\/\/l21.mx\/#\/schema\/logo\/image\/"},"sameAs":["https:\/\/www.facebook.com\/RevistaLatitud21\/","https:\/\/x.com\/Latitud21mx"]},{"@type":"Person","@id":"https:\/\/l21.mx\/#\/schema\/person\/b3cb342bb947a88e1fc27e05770479da","name":"ahernandez@latitud21.com.mx","url":"https:\/\/l21.mx\/?author=95"}]}},"amp_enabled":true,"_links":{"self":[{"href":"https:\/\/l21.mx\/index.php?rest_route=\/wp\/v2\/posts\/69741","targetHints":{"allow":["GET"]}}],"collection":[{"href":"https:\/\/l21.mx\/index.php?rest_route=\/wp\/v2\/posts"}],"about":[{"href":"https:\/\/l21.mx\/index.php?rest_route=\/wp\/v2\/types\/post"}],"author":[{"embeddable":true,"href":"https:\/\/l21.mx\/index.php?rest_route=\/wp\/v2\/users\/95"}],"replies":[{"embeddable":true,"href":"https:\/\/l21.mx\/index.php?rest_route=%2Fwp%2Fv2%2Fcomments&post=69741"}],"version-history":[{"count":1,"href":"https:\/\/l21.mx\/index.php?rest_route=\/wp\/v2\/posts\/69741\/revisions"}],"predecessor-version":[{"id":69744,"href":"https:\/\/l21.mx\/index.php?rest_route=\/wp\/v2\/posts\/69741\/revisions\/69744"}],"wp:featuredmedia":[{"embeddable":true,"href":"https:\/\/l21.mx\/index.php?rest_route=\/wp\/v2\/media\/49562"}],"wp:attachment":[{"href":"https:\/\/l21.mx\/index.php?rest_route=%2Fwp%2Fv2%2Fmedia&parent=69741"}],"wp:term":[{"taxonomy":"category","embeddable":true,"href":"https:\/\/l21.mx\/index.php?rest_route=%2Fwp%2Fv2%2Fcategories&post=69741"},{"taxonomy":"post_tag","embeddable":true,"href":"https:\/\/l21.mx\/index.php?rest_route=%2Fwp%2Fv2%2Ftags&post=69741"}],"curies":[{"name":"wp","href":"https:\/\/api.w.org\/{rel}","templated":true}]}}