{"id":69816,"date":"2024-03-01T18:30:40","date_gmt":"2024-03-01T23:30:40","guid":{"rendered":"https:\/\/l21.mx\/?p=69816"},"modified":"2024-03-01T18:30:40","modified_gmt":"2024-03-01T23:30:40","slug":"promueven-el-turismo-gastronomico","status":"publish","type":"post","link":"https:\/\/l21.mx\/?p=69816","title":{"rendered":"Promueven el turismo gastron\u00f3mico"},"content":{"rendered":"<p>&nbsp;<\/p>\n<p>&nbsp;<\/p>\n<p>Los mejores platillos de todos los municipios de Quintana Roo engalanaron el Tercer Festival Gastron\u00f3mico del Caribe Mexicano, que registr\u00f3 una afluencia diaria de m\u00e1s de 2 mil visitantes.<\/p>\n<p><a href=\"https:\/\/l21.mx\/wp-content\/uploads\/2024\/03\/Turismo-gastronomico-1.jpg\" data-rel=\"penci-gallery-image-content\" ><img fetchpriority=\"high\" decoding=\"async\" class=\"alignnone size-medium wp-image-69776\" src=\"https:\/\/l21.mx\/wp-content\/uploads\/2024\/03\/Turismo-gastronomico-1-300x200.jpg\" alt=\"\" width=\"300\" height=\"200\" srcset=\"https:\/\/l21.mx\/wp-content\/uploads\/2024\/03\/Turismo-gastronomico-1-300x200.jpg 300w, https:\/\/l21.mx\/wp-content\/uploads\/2024\/03\/Turismo-gastronomico-1-1024x683.jpg 1024w, https:\/\/l21.mx\/wp-content\/uploads\/2024\/03\/Turismo-gastronomico-1-768x513.jpg 768w, https:\/\/l21.mx\/wp-content\/uploads\/2024\/03\/Turismo-gastronomico-1-1170x781.jpg 1170w, https:\/\/l21.mx\/wp-content\/uploads\/2024\/03\/Turismo-gastronomico-1-585x390.jpg 585w, https:\/\/l21.mx\/wp-content\/uploads\/2024\/03\/Turismo-gastronomico-1-263x175.jpg 263w, https:\/\/l21.mx\/wp-content\/uploads\/2024\/03\/Turismo-gastronomico-1.jpg 1500w\" sizes=\"(max-width: 300px) 100vw, 300px\" \/><\/a><\/p>\n<p>Este a\u00f1o el festival ofreci\u00f3 35 experiencias gastron\u00f3micas con la participaci\u00f3n de 50 artesanos con el distintivo Hecho en Quintana Roo, 15 presentaciones en escenario, 19 productores locales en el Tianguis del Mayab, y 9 actividades acad\u00e9micas.<\/p>\n<p>El evento fue concebido como el punto de reuni\u00f3n de encuentro de todos los que aman y disfrutan de la rica gastronom\u00eda de los 12 destinos tur\u00edsticos m\u00e1s representativos del Caribe Mexicano.<\/p>\n<p>Adem\u00e1s, se suma a los esfuerzos en materia culinaria, gracias a los cuales se logr\u00f3 que en la reciente edici\u00f3n de FITUR se anunciara la incorporaci\u00f3n de Quintana Roo a la Gu\u00eda Michel\u00edn.<\/p>\n<p>El \u00e9xito logrado en el evento tambi\u00e9n demuestra que Puerto Morelos est\u00e1 listo para organizar y albergar eventos de importancia y ser punta de lanza en actividades tur\u00edsticas y recreativas.<\/p>\n<p>&nbsp;<\/p>\n<p>&nbsp;<\/p>\n","protected":false},"excerpt":{"rendered":"<p>&nbsp; &nbsp; Los mejores platillos de todos los municipios de Quintana Roo engalanaron el Tercer Festival&hellip;<\/p>\n","protected":false},"author":100,"featured_media":69775,"comment_status":"closed","ping_status":"closed","sticky":false,"template":"","format":"standard","meta":{"_acf_changed":false,"_lmt_disableupdate":"","_lmt_disable":"","_mbp_gutenberg_autopost":false,"footnotes":""},"categories":[38],"tags":[],"class_list":["post-69816","post","type-post","status-publish","format-standard","has-post-thumbnail","hentry","category-en-la-21-y-otras-latitudes"],"acf":[],"_links":{"self":[{"href":"https:\/\/l21.mx\/index.php?rest_route=\/wp\/v2\/posts\/69816","targetHints":{"allow":["GET"]}}],"collection":[{"href":"https:\/\/l21.mx\/index.php?rest_route=\/wp\/v2\/posts"}],"about":[{"href":"https:\/\/l21.mx\/index.php?rest_route=\/wp\/v2\/types\/post"}],"author":[{"embeddable":true,"href":"https:\/\/l21.mx\/index.php?rest_route=\/wp\/v2\/users\/100"}],"replies":[{"embeddable":true,"href":"https:\/\/l21.mx\/index.php?rest_route=%2Fwp%2Fv2%2Fcomments&post=69816"}],"version-history":[{"count":0,"href":"https:\/\/l21.mx\/index.php?rest_route=\/wp\/v2\/posts\/69816\/revisions"}],"wp:featuredmedia":[{"embeddable":true,"href":"https:\/\/l21.mx\/index.php?rest_route=\/wp\/v2\/media\/69775"}],"wp:attachment":[{"href":"https:\/\/l21.mx\/index.php?rest_route=%2Fwp%2Fv2%2Fmedia&parent=69816"}],"wp:term":[{"taxonomy":"category","embeddable":true,"href":"https:\/\/l21.mx\/index.php?rest_route=%2Fwp%2Fv2%2Fcategories&post=69816"},{"taxonomy":"post_tag","embeddable":true,"href":"https:\/\/l21.mx\/index.php?rest_route=%2Fwp%2Fv2%2Ftags&post=69816"}],"curies":[{"name":"wp","href":"https:\/\/api.w.org\/{rel}","templated":true}]}}