{"id":69832,"date":"2024-03-01T18:34:47","date_gmt":"2024-03-01T23:34:47","guid":{"rendered":"https:\/\/l21.mx\/?p=69832"},"modified":"2024-03-01T18:34:47","modified_gmt":"2024-03-01T23:34:47","slug":"taxistas-se-unen-a-la-lucha-contra-las-adicciones-en-cancun","status":"publish","type":"post","link":"https:\/\/l21.mx\/?p=69832","title":{"rendered":"Taxistas se unen a la lucha contra las adicciones en Canc\u00fan"},"content":{"rendered":"<p>&nbsp;<\/p>\n<p>&nbsp;<\/p>\n<p>El Sindicato \u201cAndr\u00e9s Quintana Roo\u201d firm\u00f3 un convenio de colaboraci\u00f3n con el municipio Benito Ju\u00e1rez<\/p>\n<p>&nbsp;<\/p>\n<p>El secretario general del Sindicato \u201cAndr\u00e9s Quintana Roo\u201d, Rub\u00e9n Carrillo Buenfil, la presidenta municipal, Ana Patricia Peralta de la Pe\u00f1a y Alberto Ortu\u00f1o B\u00e1ez, titular del Instituto Municipal Contra las Adicciones (IMCA), firmaron un convenio de colaboraci\u00f3n con el para sumarse a la Estrategia Integral para la Prevenci\u00f3n de las Violencias y la Delincuencia \u201cTodos por la Paz\u201d.<\/p>\n<p>Carrillo Buenfil indic\u00f3 que ser\u00e1n portavoces de la campa\u00f1a a trav\u00e9s de los microperforados que estar\u00e1n en las unidades que circulan por toda la ciudad y la zona hotelera y tambi\u00e9n con cursos de capacitaci\u00f3n para los integrantes de la familia taxista.<\/p>\n<p>Ana Patricia Peralta, reconoci\u00f3 el esfuerzo de la actual directiva del sindicato de taxistas para transformar sus servicios.<\/p>\n<p>Agreg\u00f3 que \u201cdemuestran con hechos que son diferentes\u201d y que est\u00e1n dispuestos a trabajar por la ciudad.<\/p>\n<p>Por su parte, el titular del Instituto Municipal Contra las Adicciones (IMCA), Alberto Ortu\u00f1o B\u00e1ez destac\u00f3 que el convenio refleja un compromiso s\u00f3lido y decidido para abordar este desaf\u00edo de manera integral.<\/p>\n<p>Adem\u00e1s de la firma del convenio, se llev\u00f3 a cabo un curso destinado a sensibilizar a los compa\u00f1eros sobre los riesgos de caer en el abuso de sustancias nocivas.<\/p>\n<p>Luego de la firma, las autoridades acudieron a colocar 10 microperforados en diferentes unidades, con lo que dieron el banderazo de arranque de la Campa\u00f1a de microperforados 2024 \u201cLas adicciones te alejan de lo que m\u00e1s quieres\u201d.<\/p>\n<p>&nbsp;<\/p>\n<p>::::::::::::::::::::::::<\/p>\n<p>&nbsp;<\/p>\n<p>300 unidades<\/p>\n<p>entre taxis, camionetas y microbuses tendr\u00e1n microperforados en la 1\u00aa etapa con el n\u00famero de WhatsApp an\u00f3nimo (998 483 1650) para brindar asistencia y apoyo a aquellos que lo necesiten.<\/p>\n<p>&nbsp;<\/p>\n","protected":false},"excerpt":{"rendered":"<p>&nbsp; &nbsp; El Sindicato \u201cAndr\u00e9s Quintana Roo\u201d firm\u00f3 un convenio de colaboraci\u00f3n con el municipio Benito&hellip;<\/p>\n","protected":false},"author":100,"featured_media":69789,"comment_status":"closed","ping_status":"closed","sticky":false,"template":"","format":"standard","meta":{"_acf_changed":false,"_lmt_disableupdate":"","_lmt_disable":"","_mbp_gutenberg_autopost":false,"footnotes":""},"categories":[23],"tags":[],"class_list":["post-69832","post","type-post","status-publish","format-standard","has-post-thumbnail","hentry","category-noticias"],"acf":[],"_links":{"self":[{"href":"https:\/\/l21.mx\/index.php?rest_route=\/wp\/v2\/posts\/69832","targetHints":{"allow":["GET"]}}],"collection":[{"href":"https:\/\/l21.mx\/index.php?rest_route=\/wp\/v2\/posts"}],"about":[{"href":"https:\/\/l21.mx\/index.php?rest_route=\/wp\/v2\/types\/post"}],"author":[{"embeddable":true,"href":"https:\/\/l21.mx\/index.php?rest_route=\/wp\/v2\/users\/100"}],"replies":[{"embeddable":true,"href":"https:\/\/l21.mx\/index.php?rest_route=%2Fwp%2Fv2%2Fcomments&post=69832"}],"version-history":[{"count":0,"href":"https:\/\/l21.mx\/index.php?rest_route=\/wp\/v2\/posts\/69832\/revisions"}],"wp:featuredmedia":[{"embeddable":true,"href":"https:\/\/l21.mx\/index.php?rest_route=\/wp\/v2\/media\/69789"}],"wp:attachment":[{"href":"https:\/\/l21.mx\/index.php?rest_route=%2Fwp%2Fv2%2Fmedia&parent=69832"}],"wp:term":[{"taxonomy":"category","embeddable":true,"href":"https:\/\/l21.mx\/index.php?rest_route=%2Fwp%2Fv2%2Fcategories&post=69832"},{"taxonomy":"post_tag","embeddable":true,"href":"https:\/\/l21.mx\/index.php?rest_route=%2Fwp%2Fv2%2Ftags&post=69832"}],"curies":[{"name":"wp","href":"https:\/\/api.w.org\/{rel}","templated":true}]}}