{"id":69851,"date":"2024-03-01T09:45:30","date_gmt":"2024-03-01T14:45:30","guid":{"rendered":"https:\/\/l21.mx\/?p=69851"},"modified":"2024-03-01T19:47:50","modified_gmt":"2024-03-02T00:47:50","slug":"victor-gonzalez-torres-dr-simi","status":"publish","type":"post","link":"https:\/\/l21.mx\/?p=69851","title":{"rendered":"V\u00edctor\u00a0Gonz\u00e1lez\u00a0Torres Dr. Simi"},"content":{"rendered":"<p>&nbsp;<\/p>\n<p><b>La pasi\u00f3n por ayudar a los que menos tienen es la m\u00edstica del imperio que fund\u00f3 el Dr. Simi a trav\u00e9s del Grupo Por un Pa\u00eds Mejor, que engloba empresas comerciales de salud y fundaciones sociales<\/b><\/p>\n<p><b>G<\/b>racias a su misi\u00f3n de construir una naci\u00f3n justa y emprendedora, permitiendo a millones de personas vivir con bienestar, salud f\u00edsica y emocional, Grupo Por un Pa\u00eds Mejor se ubic\u00f3 en el Ranking Super Empresas 2023 en la categor\u00eda de m\u00e1s de 3,000 colaboradores por Expansi\u00f3n y TOP Companies, entre otros reconocimientos que ha recibido a lo largo de m\u00e1s de tres d\u00e9cadas.<\/p>\n<p>En reciente entrevista realizada por el periodista Arturo Medina, columnista de esta casa editorial y conductor radiof\u00f3nico, V\u00edctor Gonz\u00e1lez Torres, mejor conocido como \u201cDr. Simi\u201d, fundador del corporativo, platic\u00f3 sobre la bandera con la que se gu\u00edan las empresas e instituciones de car\u00e1cter social que forman el grupo, as\u00ed como los nuevos proyectos emprendidos y por venir.<span class=\"Apple-converted-space\">\u00a0<\/span><\/p>\n<p><b><a href=\"https:\/\/l21.mx\/wp-content\/uploads\/2024\/03\/simipadi.jpg\" data-rel=\"penci-gallery-image-content\" ><img fetchpriority=\"high\" decoding=\"async\" class=\"aligncenter size-full wp-image-69855\" src=\"https:\/\/l21.mx\/wp-content\/uploads\/2024\/03\/simipadi.jpg\" alt=\"\" width=\"1500\" height=\"1000\" srcset=\"https:\/\/l21.mx\/wp-content\/uploads\/2024\/03\/simipadi.jpg 1500w, https:\/\/l21.mx\/wp-content\/uploads\/2024\/03\/simipadi-300x200.jpg 300w, https:\/\/l21.mx\/wp-content\/uploads\/2024\/03\/simipadi-1024x683.jpg 1024w, https:\/\/l21.mx\/wp-content\/uploads\/2024\/03\/simipadi-768x512.jpg 768w, https:\/\/l21.mx\/wp-content\/uploads\/2024\/03\/simipadi-1170x780.jpg 1170w, https:\/\/l21.mx\/wp-content\/uploads\/2024\/03\/simipadi-585x390.jpg 585w, https:\/\/l21.mx\/wp-content\/uploads\/2024\/03\/simipadi-263x175.jpg 263w\" sizes=\"(max-width: 1500px) 100vw, 1500px\" \/><\/a>\u00bfEn qu\u00e9 se est\u00e1n enfocando actualmente?<\/b><\/p>\n<p>Como empresa socialmente responsable, nuestros planes m\u00e1s importantes, que gu\u00edan nuestras acciones, son el medio ambiente y las personas con discapacidad.<\/p>\n<p>Antes, cuando fund\u00e9 la empresa, mi idea era ayudar y ganar, ahora s\u00f3lo es ayudar, todo social, es algo que me motiva mucho; ayudar y trascender. Personalmente me estoy centrando en los discapacitados, porque todas las personas, ya sea por enfermedad o por edad, alg\u00fan d\u00eda seremos discapacitados, perdemos la vista, movimiento, o\u00eddo, y por eso me interesa mucho apoyar a este sector.<\/p>\n<p><b>Todo esto, a partir de un corporativo exitoso&#8230;<\/b><\/p>\n<p>S\u00ed, pero ya tengo suficiente dinero; no me falta nada m\u00e1s en t\u00e9rminos financieros. Ahora nos centramos en ayudar, junto con mi hijo, que es el CEO de la empresa y tiene muchas buenas ideas, sobre todo en el aspecto de preservar el planeta.<\/p>\n<p><b>\u00bfQu\u00e9 tan extensa es la red de farmacias?<\/b><\/p>\n<p>Tenemos ya m\u00e1s de 9 mil farmacias. Somos la segunda cadena en el mundo, despu\u00e9s de Walgreens Boots Alliance (con sede en Estados Unidos y m\u00e1s de 18,000 tiendas).<span class=\"Apple-converted-space\">\u00a0<\/span><\/p>\n<p>Simi est\u00e1 en M\u00e9xico y en Chile. Dimos el salto a Argentina, ah\u00ed nos topamos con mucha corrupci\u00f3n. Ah\u00ed perd\u00ed hasta la camisa, fue un rotundo fracaso. Los empleados eran muy complicados, se sent\u00edan due\u00f1os, llegu\u00e9 a tener 50 farmacias.<\/p>\n<p>Chile, en cambio, fue un exitazo, tenemos como 500 sucursales. Los quiero much\u00edsimo.<\/p>\n<p><b>Ahora est\u00e1n teniendo mucho auge, en t\u00e9rminos medi\u00e1ticos, a partir de que la figura de peluche del Dr. Simi ha llegado a manos de muchos famosos\u2026<\/b><\/p>\n<p>Aparte de ser un s\u00edmbolo de ayuda y de bondad, de todo lo bueno que hay en el mundo, la figura es hecha por discapacitados; la f\u00e1brica, CINIA, en Puebla tiene 90% de personal con discapacidad.<span class=\"Apple-converted-space\"> <a href=\"https:\/\/l21.mx\/wp-content\/uploads\/2024\/03\/simipadi2.jpg\" data-rel=\"penci-gallery-image-content\" ><img decoding=\"async\" class=\"aligncenter size-full wp-image-69854\" src=\"https:\/\/l21.mx\/wp-content\/uploads\/2024\/03\/simipadi2.jpg\" alt=\"\" width=\"1500\" height=\"1125\" srcset=\"https:\/\/l21.mx\/wp-content\/uploads\/2024\/03\/simipadi2.jpg 1500w, https:\/\/l21.mx\/wp-content\/uploads\/2024\/03\/simipadi2-300x225.jpg 300w, https:\/\/l21.mx\/wp-content\/uploads\/2024\/03\/simipadi2-1024x768.jpg 1024w, https:\/\/l21.mx\/wp-content\/uploads\/2024\/03\/simipadi2-768x576.jpg 768w, https:\/\/l21.mx\/wp-content\/uploads\/2024\/03\/simipadi2-1200x900.jpg 1200w, https:\/\/l21.mx\/wp-content\/uploads\/2024\/03\/simipadi2-1170x878.jpg 1170w, https:\/\/l21.mx\/wp-content\/uploads\/2024\/03\/simipadi2-585x439.jpg 585w\" sizes=\"(max-width: 1500px) 100vw, 1500px\" \/><\/a><\/span><\/p>\n<p><b>\u00bfC\u00f3mo est\u00e1n aprovechando esto?<\/b><\/p>\n<p>En M\u00e9xico no ganamos nada por esto, ayudamos a una empresa que tiene 650 empleados y la mayor parte son discapacitados. Son personas que est\u00e1n felices con esta labor, les gusta mucho, porque cuando uno es discapacitado es muy importante la cuesti\u00f3n moral, y saber que su trabajo ahora est\u00e1 en manos de muchos artistas es un orgullo.<\/p>\n<p>Estamos planeando distribuirlo en Italia y Espa\u00f1a, adem\u00e1s de Estados Unidos y Chile. El papa Francisco tambi\u00e9n quiere una tienda en El Vaticano, para que los turistas lo compren y se destine el recurso a los discapacitados.<\/p>\n<p><b>El grupo y los planes crecen<\/b><\/p>\n<p>Como parte del Simiplan de Ayuda a Personas con Discapacidad (SimiPADI), proyecto que dirige el propio V\u00edctor Gonz\u00e1lez, surgieron los Centros de Rehabilitaci\u00f3n para Personas con Discapacidad (SimiRED). El primero se abri\u00f3 en Ciudad Nezahualc\u00f3yotl, Estado de M\u00e9xico, y pronto abrir\u00e1n en Tampico, Puebla, Guadalajara, Le\u00f3n, Monterrey y Canc\u00fan; es igual que el Telet\u00f3n, lo mismo pero m\u00e1s austero.<\/p>\n<p>Atienden diversas discapacidades, desde secuelas de un accidente cerebrovascular, lesiones musculares y ortop\u00e9dicas, as\u00ed como fracturas o enfermedades cr\u00f3nico-degenerativas.<\/p>\n<p>En estos centros se dan descuentos de 50 a 75%, inicialmente los mantendr\u00e1 la Fundaci\u00f3n Simi, pero tambi\u00e9n habr\u00e1 donaciones y ya se planea un \u201csimiconcierto\u201d que le propondr\u00e1n a Adele, cantante que ya es fan del Dr. Simi. El 50% de los recursos ir\u00eda para SimiRedi y el otro 50% para SimiPlaneta, que se dedica a sembrar \u00e1rboles, restaurar corales, entre otras acciones, porque el planeta es la casa de todos, es importante frenar la destrucci\u00f3n.<span class=\"Apple-converted-space\">\u00a0<\/span><\/p>\n<p>Tambi\u00e9n tenemos el servicio de ayuda emocional a trav\u00e9s del, Simitel\u00e9fono, donde damos en promedio 100 mil consultas telef\u00f3nicas al mes, hemos salvado a 1,800 vidas, gracias al apoyo de 110 psic\u00f3logos, es completamente gratis.<\/p>\n<p>Por otro lado, est\u00e1 la tienda Similandia; tenemos 5 en la zona metropolitana y espero pronto inaugurar una en Canc\u00fan, porque es una ciudad a la que vengo seguido y quiero mucho. Es una tienda especializada, no es una farmacia com\u00fan, es muy moderna, con juegos interactivos. Ah\u00ed tambi\u00e9n vendemos los m\u00e1s de 30 modelos que tenemos del peluche del Dr. Simi.<a href=\"https:\/\/l21.mx\/wp-content\/uploads\/2024\/03\/simi.jpg\" data-rel=\"penci-gallery-image-content\" ><img decoding=\"async\" class=\"aligncenter size-full wp-image-69856\" src=\"https:\/\/l21.mx\/wp-content\/uploads\/2024\/03\/simi.jpg\" alt=\"\" width=\"1500\" height=\"1125\" srcset=\"https:\/\/l21.mx\/wp-content\/uploads\/2024\/03\/simi.jpg 1500w, https:\/\/l21.mx\/wp-content\/uploads\/2024\/03\/simi-300x225.jpg 300w, https:\/\/l21.mx\/wp-content\/uploads\/2024\/03\/simi-1024x768.jpg 1024w, https:\/\/l21.mx\/wp-content\/uploads\/2024\/03\/simi-768x576.jpg 768w, https:\/\/l21.mx\/wp-content\/uploads\/2024\/03\/simi-1200x900.jpg 1200w, https:\/\/l21.mx\/wp-content\/uploads\/2024\/03\/simi-1170x878.jpg 1170w, https:\/\/l21.mx\/wp-content\/uploads\/2024\/03\/simi-585x439.jpg 585w\" sizes=\"(max-width: 1500px) 100vw, 1500px\" \/><\/a><\/p>\n<p><b>Proyecto de padrinos<\/b><\/p>\n<p>Basado en la solidaridad humana, el Dr. Simi lanz\u00f3 una nueva manera de ayudar a las personas con discapacidad: un modelo de Padrino-Ahijado en el que invitan a que particulares adopten a una persona con discapacidad y de bajos recursos para que le procure ayuda y compa\u00f1\u00eda.<\/p>\n<p>En esta nueva l\u00ednea de acci\u00f3n conectan a personas que puedan donar su tiempo y su intenci\u00f3n, con aquellas que necesitan ser apoyadas. El propio Dr. Simi ha estado visitando a muchas familias como parte de esta iniciativa.<\/p>\n<p>Record\u00f3 que en un pa\u00eds donde m\u00e1s de 7 millones de personas padecen alg\u00fan tipo de discapacidad, es tarea de todos escucharlos y darles un mensaje de apoyo y aliento.<\/p>\n<p>Est\u00e1 la modalidad de \u201cprotegido\u201d en la que el beneficiado es visitado cada 15 d\u00edas y el Dr. Simi le lleva donativos en especie; mientras que el de padrino-ahijado, el donante visita a la persona cuando puede y es \u00e9l quien le lleva cosas.<span class=\"Apple-converted-space\">\u00a0<\/span> <span class=\"Apple-converted-space\">\u00a0<\/span><\/p>\n<p><a href=\"https:\/\/l21.mx\/wp-content\/uploads\/2024\/03\/Doctor-simi.jpg\" data-rel=\"penci-gallery-image-content\" ><img loading=\"lazy\" decoding=\"async\" class=\"aligncenter size-full wp-image-69853\" src=\"https:\/\/l21.mx\/wp-content\/uploads\/2024\/03\/Doctor-simi.jpg\" alt=\"\" width=\"1500\" height=\"1000\" srcset=\"https:\/\/l21.mx\/wp-content\/uploads\/2024\/03\/Doctor-simi.jpg 1500w, https:\/\/l21.mx\/wp-content\/uploads\/2024\/03\/Doctor-simi-300x200.jpg 300w, https:\/\/l21.mx\/wp-content\/uploads\/2024\/03\/Doctor-simi-1024x683.jpg 1024w, https:\/\/l21.mx\/wp-content\/uploads\/2024\/03\/Doctor-simi-768x512.jpg 768w, https:\/\/l21.mx\/wp-content\/uploads\/2024\/03\/Doctor-simi-1170x780.jpg 1170w, https:\/\/l21.mx\/wp-content\/uploads\/2024\/03\/Doctor-simi-585x390.jpg 585w, https:\/\/l21.mx\/wp-content\/uploads\/2024\/03\/Doctor-simi-263x175.jpg 263w\" sizes=\"(max-width: 1500px) 100vw, 1500px\" \/><\/a><\/p>\n","protected":false},"excerpt":{"rendered":"<p>&nbsp; La pasi\u00f3n por ayudar a los que menos tienen es la m\u00edstica del imperio que&hellip;<\/p>\n","protected":false},"author":95,"featured_media":69852,"comment_status":"closed","ping_status":"closed","sticky":false,"template":"","format":"standard","meta":{"_acf_changed":false,"_lmt_disableupdate":"","_lmt_disable":"","_mbp_gutenberg_autopost":false,"footnotes":""},"categories":[36,23],"tags":[],"class_list":["post-69851","post","type-post","status-publish","format-standard","has-post-thumbnail","hentry","category-encuentros","category-noticias"],"acf":[],"yoast_head":"<!-- This site is optimized with the Yoast SEO plugin v27.5 - https:\/\/yoast.com\/product\/yoast-seo-wordpress\/ -->\n<title>V\u00edctor\u00a0Gonz\u00e1lez\u00a0Torres Dr. Simi | Revista Latitud 21<\/title>\n<meta name=\"description\" content=\"L21, Emprendedores y Negocios en el Caribe Mexicano, es la revista l\u00edder entre el Sector Empresarial y Tur\u00edstico del Caribe Mexicano.\" \/>\n<meta name=\"robots\" content=\"index, follow, max-snippet:-1, max-image-preview:large, max-video-preview:-1\" \/>\n<link rel=\"canonical\" href=\"https:\/\/l21.mx\/?p=69851\" \/>\n<meta name=\"twitter:card\" content=\"summary_large_image\" \/>\n<meta name=\"twitter:title\" content=\"V\u00edctor\u00a0Gonz\u00e1lez\u00a0Torres Dr. Simi | Revista Latitud 21\" \/>\n<meta name=\"twitter:description\" content=\"L21, Emprendedores y Negocios en el Caribe Mexicano, es la revista l\u00edder entre el Sector Empresarial y Tur\u00edstico del Caribe Mexicano.\" \/>\n<meta name=\"twitter:image\" content=\"https:\/\/l21.mx\/wp-content\/uploads\/2024\/03\/doctor-simi-2-.jpg\" \/>\n<meta name=\"twitter:creator\" content=\"@Latitud21mx\" \/>\n<meta name=\"twitter:site\" content=\"@Latitud21mx\" \/>\n<meta name=\"twitter:label1\" content=\"Escrito por\" \/>\n\t<meta name=\"twitter:data1\" content=\"ahernandez@latitud21.com.mx\" \/>\n\t<meta name=\"twitter:label2\" content=\"Tiempo de lectura\" \/>\n\t<meta name=\"twitter:data2\" content=\"6 minutos\" \/>\n<script type=\"application\/ld+json\" class=\"yoast-schema-graph\">{\"@context\":\"https:\\\/\\\/schema.org\",\"@graph\":[{\"@type\":\"Article\",\"@id\":\"https:\\\/\\\/l21.mx\\\/?p=69851#article\",\"isPartOf\":{\"@id\":\"https:\\\/\\\/l21.mx\\\/?p=69851\"},\"author\":{\"name\":\"ahernandez@latitud21.com.mx\",\"@id\":\"https:\\\/\\\/l21.mx\\\/#\\\/schema\\\/person\\\/b3cb342bb947a88e1fc27e05770479da\"},\"headline\":\"V\u00edctor\u00a0Gonz\u00e1lez\u00a0Torres Dr. Simi\",\"datePublished\":\"2024-03-01T14:45:30+00:00\",\"dateModified\":\"2024-03-02T00:47:50+00:00\",\"mainEntityOfPage\":{\"@id\":\"https:\\\/\\\/l21.mx\\\/?p=69851\"},\"wordCount\":1040,\"publisher\":{\"@id\":\"https:\\\/\\\/l21.mx\\\/#organization\"},\"image\":{\"@id\":\"https:\\\/\\\/l21.mx\\\/?p=69851#primaryimage\"},\"thumbnailUrl\":\"https:\\\/\\\/l21.mx\\\/wp-content\\\/uploads\\\/2024\\\/03\\\/doctor-simi-2-.jpg\",\"articleSection\":[\"Encuentros\",\"Noticias\"],\"inLanguage\":\"es\"},{\"@type\":\"WebPage\",\"@id\":\"https:\\\/\\\/l21.mx\\\/?p=69851\",\"url\":\"https:\\\/\\\/l21.mx\\\/?p=69851\",\"name\":\"V\u00edctor\u00a0Gonz\u00e1lez\u00a0Torres Dr. Simi | Revista Latitud 21\",\"isPartOf\":{\"@id\":\"https:\\\/\\\/l21.mx\\\/#website\"},\"primaryImageOfPage\":{\"@id\":\"https:\\\/\\\/l21.mx\\\/?p=69851#primaryimage\"},\"image\":{\"@id\":\"https:\\\/\\\/l21.mx\\\/?p=69851#primaryimage\"},\"thumbnailUrl\":\"https:\\\/\\\/l21.mx\\\/wp-content\\\/uploads\\\/2024\\\/03\\\/doctor-simi-2-.jpg\",\"datePublished\":\"2024-03-01T14:45:30+00:00\",\"dateModified\":\"2024-03-02T00:47:50+00:00\",\"description\":\"L21, Emprendedores y Negocios en el Caribe Mexicano, es la revista l\u00edder entre el Sector Empresarial y Tur\u00edstico del Caribe Mexicano.\",\"breadcrumb\":{\"@id\":\"https:\\\/\\\/l21.mx\\\/?p=69851#breadcrumb\"},\"inLanguage\":\"es\",\"potentialAction\":[{\"@type\":\"ReadAction\",\"target\":[\"https:\\\/\\\/l21.mx\\\/?p=69851\"]}]},{\"@type\":\"ImageObject\",\"inLanguage\":\"es\",\"@id\":\"https:\\\/\\\/l21.mx\\\/?p=69851#primaryimage\",\"url\":\"https:\\\/\\\/l21.mx\\\/wp-content\\\/uploads\\\/2024\\\/03\\\/doctor-simi-2-.jpg\",\"contentUrl\":\"https:\\\/\\\/l21.mx\\\/wp-content\\\/uploads\\\/2024\\\/03\\\/doctor-simi-2-.jpg\",\"width\":1500,\"height\":1000},{\"@type\":\"BreadcrumbList\",\"@id\":\"https:\\\/\\\/l21.mx\\\/?p=69851#breadcrumb\",\"itemListElement\":[{\"@type\":\"ListItem\",\"position\":1,\"name\":\"Portada\",\"item\":\"https:\\\/\\\/l21.mx\\\/\"},{\"@type\":\"ListItem\",\"position\":2,\"name\":\"V\u00edctor\u00a0Gonz\u00e1lez\u00a0Torres Dr. Simi\"}]},{\"@type\":\"WebSite\",\"@id\":\"https:\\\/\\\/l21.mx\\\/#website\",\"url\":\"https:\\\/\\\/l21.mx\\\/\",\"name\":\"Revista Latitud 21\",\"description\":\"Emprendedores  y negocios en el Caribe Mexicano\",\"publisher\":{\"@id\":\"https:\\\/\\\/l21.mx\\\/#organization\"},\"potentialAction\":[{\"@type\":\"SearchAction\",\"target\":{\"@type\":\"EntryPoint\",\"urlTemplate\":\"https:\\\/\\\/l21.mx\\\/?s={search_term_string}\"},\"query-input\":{\"@type\":\"PropertyValueSpecification\",\"valueRequired\":true,\"valueName\":\"search_term_string\"}}],\"inLanguage\":\"es\"},{\"@type\":\"Organization\",\"@id\":\"https:\\\/\\\/l21.mx\\\/#organization\",\"name\":\"Grupo Editorial Latitud 21 SA de CV\",\"url\":\"https:\\\/\\\/l21.mx\\\/\",\"logo\":{\"@type\":\"ImageObject\",\"inLanguage\":\"es\",\"@id\":\"https:\\\/\\\/l21.mx\\\/#\\\/schema\\\/logo\\\/image\\\/\",\"url\":\"https:\\\/\\\/l21.mx\\\/wp-content\\\/uploads\\\/2020\\\/10\\\/logo-l21-baja.jpg\",\"contentUrl\":\"https:\\\/\\\/l21.mx\\\/wp-content\\\/uploads\\\/2020\\\/10\\\/logo-l21-baja.jpg\",\"width\":250,\"height\":250,\"caption\":\"Grupo Editorial Latitud 21 SA de CV\"},\"image\":{\"@id\":\"https:\\\/\\\/l21.mx\\\/#\\\/schema\\\/logo\\\/image\\\/\"},\"sameAs\":[\"https:\\\/\\\/www.facebook.com\\\/RevistaLatitud21\\\/\",\"https:\\\/\\\/x.com\\\/Latitud21mx\"]},{\"@type\":\"Person\",\"@id\":\"https:\\\/\\\/l21.mx\\\/#\\\/schema\\\/person\\\/b3cb342bb947a88e1fc27e05770479da\",\"name\":\"ahernandez@latitud21.com.mx\",\"url\":\"https:\\\/\\\/l21.mx\\\/?author=95\"}]}<\/script>\n<!-- \/ Yoast SEO plugin. -->","yoast_head_json":{"title":"V\u00edctor\u00a0Gonz\u00e1lez\u00a0Torres Dr. Simi | Revista Latitud 21","description":"L21, Emprendedores y Negocios en el Caribe Mexicano, es la revista l\u00edder entre el Sector Empresarial y Tur\u00edstico del Caribe Mexicano.","robots":{"index":"index","follow":"follow","max-snippet":"max-snippet:-1","max-image-preview":"max-image-preview:large","max-video-preview":"max-video-preview:-1"},"canonical":"https:\/\/l21.mx\/?p=69851","twitter_card":"summary_large_image","twitter_title":"V\u00edctor\u00a0Gonz\u00e1lez\u00a0Torres Dr. Simi | Revista Latitud 21","twitter_description":"L21, Emprendedores y Negocios en el Caribe Mexicano, es la revista l\u00edder entre el Sector Empresarial y Tur\u00edstico del Caribe Mexicano.","twitter_image":"https:\/\/l21.mx\/wp-content\/uploads\/2024\/03\/doctor-simi-2-.jpg","twitter_creator":"@Latitud21mx","twitter_site":"@Latitud21mx","twitter_misc":{"Escrito por":"ahernandez@latitud21.com.mx","Tiempo de lectura":"6 minutos"},"schema":{"@context":"https:\/\/schema.org","@graph":[{"@type":"Article","@id":"https:\/\/l21.mx\/?p=69851#article","isPartOf":{"@id":"https:\/\/l21.mx\/?p=69851"},"author":{"name":"ahernandez@latitud21.com.mx","@id":"https:\/\/l21.mx\/#\/schema\/person\/b3cb342bb947a88e1fc27e05770479da"},"headline":"V\u00edctor\u00a0Gonz\u00e1lez\u00a0Torres Dr. Simi","datePublished":"2024-03-01T14:45:30+00:00","dateModified":"2024-03-02T00:47:50+00:00","mainEntityOfPage":{"@id":"https:\/\/l21.mx\/?p=69851"},"wordCount":1040,"publisher":{"@id":"https:\/\/l21.mx\/#organization"},"image":{"@id":"https:\/\/l21.mx\/?p=69851#primaryimage"},"thumbnailUrl":"https:\/\/l21.mx\/wp-content\/uploads\/2024\/03\/doctor-simi-2-.jpg","articleSection":["Encuentros","Noticias"],"inLanguage":"es"},{"@type":"WebPage","@id":"https:\/\/l21.mx\/?p=69851","url":"https:\/\/l21.mx\/?p=69851","name":"V\u00edctor\u00a0Gonz\u00e1lez\u00a0Torres Dr. Simi | Revista Latitud 21","isPartOf":{"@id":"https:\/\/l21.mx\/#website"},"primaryImageOfPage":{"@id":"https:\/\/l21.mx\/?p=69851#primaryimage"},"image":{"@id":"https:\/\/l21.mx\/?p=69851#primaryimage"},"thumbnailUrl":"https:\/\/l21.mx\/wp-content\/uploads\/2024\/03\/doctor-simi-2-.jpg","datePublished":"2024-03-01T14:45:30+00:00","dateModified":"2024-03-02T00:47:50+00:00","description":"L21, Emprendedores y Negocios en el Caribe Mexicano, es la revista l\u00edder entre el Sector Empresarial y Tur\u00edstico del Caribe Mexicano.","breadcrumb":{"@id":"https:\/\/l21.mx\/?p=69851#breadcrumb"},"inLanguage":"es","potentialAction":[{"@type":"ReadAction","target":["https:\/\/l21.mx\/?p=69851"]}]},{"@type":"ImageObject","inLanguage":"es","@id":"https:\/\/l21.mx\/?p=69851#primaryimage","url":"https:\/\/l21.mx\/wp-content\/uploads\/2024\/03\/doctor-simi-2-.jpg","contentUrl":"https:\/\/l21.mx\/wp-content\/uploads\/2024\/03\/doctor-simi-2-.jpg","width":1500,"height":1000},{"@type":"BreadcrumbList","@id":"https:\/\/l21.mx\/?p=69851#breadcrumb","itemListElement":[{"@type":"ListItem","position":1,"name":"Portada","item":"https:\/\/l21.mx\/"},{"@type":"ListItem","position":2,"name":"V\u00edctor\u00a0Gonz\u00e1lez\u00a0Torres Dr. Simi"}]},{"@type":"WebSite","@id":"https:\/\/l21.mx\/#website","url":"https:\/\/l21.mx\/","name":"Revista Latitud 21","description":"Emprendedores  y negocios en el Caribe Mexicano","publisher":{"@id":"https:\/\/l21.mx\/#organization"},"potentialAction":[{"@type":"SearchAction","target":{"@type":"EntryPoint","urlTemplate":"https:\/\/l21.mx\/?s={search_term_string}"},"query-input":{"@type":"PropertyValueSpecification","valueRequired":true,"valueName":"search_term_string"}}],"inLanguage":"es"},{"@type":"Organization","@id":"https:\/\/l21.mx\/#organization","name":"Grupo Editorial Latitud 21 SA de CV","url":"https:\/\/l21.mx\/","logo":{"@type":"ImageObject","inLanguage":"es","@id":"https:\/\/l21.mx\/#\/schema\/logo\/image\/","url":"https:\/\/l21.mx\/wp-content\/uploads\/2020\/10\/logo-l21-baja.jpg","contentUrl":"https:\/\/l21.mx\/wp-content\/uploads\/2020\/10\/logo-l21-baja.jpg","width":250,"height":250,"caption":"Grupo Editorial Latitud 21 SA de CV"},"image":{"@id":"https:\/\/l21.mx\/#\/schema\/logo\/image\/"},"sameAs":["https:\/\/www.facebook.com\/RevistaLatitud21\/","https:\/\/x.com\/Latitud21mx"]},{"@type":"Person","@id":"https:\/\/l21.mx\/#\/schema\/person\/b3cb342bb947a88e1fc27e05770479da","name":"ahernandez@latitud21.com.mx","url":"https:\/\/l21.mx\/?author=95"}]}},"amp_enabled":true,"_links":{"self":[{"href":"https:\/\/l21.mx\/index.php?rest_route=\/wp\/v2\/posts\/69851","targetHints":{"allow":["GET"]}}],"collection":[{"href":"https:\/\/l21.mx\/index.php?rest_route=\/wp\/v2\/posts"}],"about":[{"href":"https:\/\/l21.mx\/index.php?rest_route=\/wp\/v2\/types\/post"}],"author":[{"embeddable":true,"href":"https:\/\/l21.mx\/index.php?rest_route=\/wp\/v2\/users\/95"}],"replies":[{"embeddable":true,"href":"https:\/\/l21.mx\/index.php?rest_route=%2Fwp%2Fv2%2Fcomments&post=69851"}],"version-history":[{"count":1,"href":"https:\/\/l21.mx\/index.php?rest_route=\/wp\/v2\/posts\/69851\/revisions"}],"predecessor-version":[{"id":69859,"href":"https:\/\/l21.mx\/index.php?rest_route=\/wp\/v2\/posts\/69851\/revisions\/69859"}],"wp:featuredmedia":[{"embeddable":true,"href":"https:\/\/l21.mx\/index.php?rest_route=\/wp\/v2\/media\/69852"}],"wp:attachment":[{"href":"https:\/\/l21.mx\/index.php?rest_route=%2Fwp%2Fv2%2Fmedia&parent=69851"}],"wp:term":[{"taxonomy":"category","embeddable":true,"href":"https:\/\/l21.mx\/index.php?rest_route=%2Fwp%2Fv2%2Fcategories&post=69851"},{"taxonomy":"post_tag","embeddable":true,"href":"https:\/\/l21.mx\/index.php?rest_route=%2Fwp%2Fv2%2Ftags&post=69851"}],"curies":[{"name":"wp","href":"https:\/\/api.w.org\/{rel}","templated":true}]}}