{"id":69918,"date":"2024-03-03T17:01:50","date_gmt":"2024-03-03T22:01:50","guid":{"rendered":"https:\/\/l21.mx\/?p=69918"},"modified":"2024-03-03T17:01:50","modified_gmt":"2024-03-03T22:01:50","slug":"llegara-estoy-contigo-a-jacinto-canek","status":"publish","type":"post","link":"https:\/\/l21.mx\/?p=69918","title":{"rendered":"Llegar\u00e1 \u00abEstoy Contigo\u00bb a Jacinto Canek"},"content":{"rendered":"<p>&nbsp;<\/p>\n<p>&#8211; Podr\u00e1n realizar diferentes tr\u00e1mites y solicitudes que poblaci\u00f3n cercana necesite<\/p>\n<p><a href=\"https:\/\/l21.mx\/wp-content\/uploads\/2024\/03\/WhatsApp-Image-2024-03-03-at-3.49.22-PM.jpeg\" data-rel=\"penci-gallery-image-content\" ><img fetchpriority=\"high\" decoding=\"async\" class=\"alignnone size-medium wp-image-69919\" src=\"https:\/\/l21.mx\/wp-content\/uploads\/2024\/03\/WhatsApp-Image-2024-03-03-at-3.49.22-PM-300x300.jpeg\" alt=\"\" width=\"300\" height=\"300\" srcset=\"https:\/\/l21.mx\/wp-content\/uploads\/2024\/03\/WhatsApp-Image-2024-03-03-at-3.49.22-PM-300x300.jpeg 300w, https:\/\/l21.mx\/wp-content\/uploads\/2024\/03\/WhatsApp-Image-2024-03-03-at-3.49.22-PM-1024x1024.jpeg 1024w, https:\/\/l21.mx\/wp-content\/uploads\/2024\/03\/WhatsApp-Image-2024-03-03-at-3.49.22-PM-150x150.jpeg 150w, https:\/\/l21.mx\/wp-content\/uploads\/2024\/03\/WhatsApp-Image-2024-03-03-at-3.49.22-PM-768x768.jpeg 768w, https:\/\/l21.mx\/wp-content\/uploads\/2024\/03\/WhatsApp-Image-2024-03-03-at-3.49.22-PM-1170x1170.jpeg 1170w, https:\/\/l21.mx\/wp-content\/uploads\/2024\/03\/WhatsApp-Image-2024-03-03-at-3.49.22-PM-585x585.jpeg 585w, https:\/\/l21.mx\/wp-content\/uploads\/2024\/03\/WhatsApp-Image-2024-03-03-at-3.49.22-PM.jpeg 1200w\" sizes=\"(max-width: 300px) 100vw, 300px\" \/><\/a><\/p>\n<p>Playa del Carmen, Solidaridad a 3 de marzo de 2024.- Se invita a la ciudadan\u00eda en general que tenga una gesti\u00f3n, tr\u00e1mite o pago por realizar, acudir a \u00abEstoy Contigo\u00bb, donde el gobierno municipal de Solidaridad, acercar\u00e1 a Jacinto Canek los servicios, el pr\u00f3ximo jueves 7 de marzo de 9 de la ma\u00f1ana a las 5 de l a tarde.<\/p>\n<p>Es importante mencionar que los ciudadanos que requieran alguna atenci\u00f3n o gesti\u00f3n, por las direcciones y secretar\u00edas como: Tesorer\u00eda, DIF, Servicios P\u00fablicos, Seguridad P\u00fablica, Protecci\u00f3n Civil, Salud, Catastro, Registro Civil, entre otras; deber\u00e1n acudir con los documentos necesarios para su realizaci\u00f3n.<\/p>\n<p>Este programa ya se ha acercado a las colonias Misi\u00f3n de las Flores, Colosio, Guadalupana, Villamar II, Villas del Sol y en la alcald\u00eda de Puerto Aventuras, por mencionar algunas.<\/p>\n","protected":false},"excerpt":{"rendered":"<p>&nbsp; &#8211; Podr\u00e1n realizar diferentes tr\u00e1mites y solicitudes que poblaci\u00f3n cercana necesite Playa del Carmen, Solidaridad&hellip;<\/p>\n","protected":false},"author":100,"featured_media":69920,"comment_status":"closed","ping_status":"closed","sticky":false,"template":"","format":"standard","meta":{"_acf_changed":false,"_lmt_disableupdate":"","_lmt_disable":"","_mbp_gutenberg_autopost":false,"footnotes":""},"categories":[1654],"tags":[],"class_list":["post-69918","post","type-post","status-publish","format-standard","has-post-thumbnail","hentry","category-solidaridad"],"acf":[],"_links":{"self":[{"href":"https:\/\/l21.mx\/index.php?rest_route=\/wp\/v2\/posts\/69918","targetHints":{"allow":["GET"]}}],"collection":[{"href":"https:\/\/l21.mx\/index.php?rest_route=\/wp\/v2\/posts"}],"about":[{"href":"https:\/\/l21.mx\/index.php?rest_route=\/wp\/v2\/types\/post"}],"author":[{"embeddable":true,"href":"https:\/\/l21.mx\/index.php?rest_route=\/wp\/v2\/users\/100"}],"replies":[{"embeddable":true,"href":"https:\/\/l21.mx\/index.php?rest_route=%2Fwp%2Fv2%2Fcomments&post=69918"}],"version-history":[{"count":0,"href":"https:\/\/l21.mx\/index.php?rest_route=\/wp\/v2\/posts\/69918\/revisions"}],"wp:featuredmedia":[{"embeddable":true,"href":"https:\/\/l21.mx\/index.php?rest_route=\/wp\/v2\/media\/69920"}],"wp:attachment":[{"href":"https:\/\/l21.mx\/index.php?rest_route=%2Fwp%2Fv2%2Fmedia&parent=69918"}],"wp:term":[{"taxonomy":"category","embeddable":true,"href":"https:\/\/l21.mx\/index.php?rest_route=%2Fwp%2Fv2%2Fcategories&post=69918"},{"taxonomy":"post_tag","embeddable":true,"href":"https:\/\/l21.mx\/index.php?rest_route=%2Fwp%2Fv2%2Ftags&post=69918"}],"curies":[{"name":"wp","href":"https:\/\/api.w.org\/{rel}","templated":true}]}}