{"id":69931,"date":"2024-03-04T17:24:39","date_gmt":"2024-03-04T22:24:39","guid":{"rendered":"https:\/\/l21.mx\/?p=69931"},"modified":"2024-03-04T17:24:39","modified_gmt":"2024-03-04T22:24:39","slug":"gobierno-de-quintana-roo-da-seguimiento-a-proyectos-de-movilidad-con-la-sict","status":"publish","type":"post","link":"https:\/\/l21.mx\/?p=69931","title":{"rendered":"Gobierno de Quintana Roo da seguimiento a proyectos de movilidad con la SICT"},"content":{"rendered":"<p>&nbsp;<\/p>\n<p>Ciudad de M\u00e9xico.- El gobierno estatal da seguimiento a los proyectos de movilidad que la Secretar\u00eda de Infraestructura, Comunicaciones y Transporte (SICT) realiza en la entidad.<\/p>\n<p><a href=\"https:\/\/l21.mx\/wp-content\/uploads\/2024\/03\/WhatsApp-Image-2024-03-04-at-3.14.02-PM.jpeg\" data-rel=\"penci-gallery-image-content\" ><img fetchpriority=\"high\" decoding=\"async\" class=\"alignnone size-medium wp-image-69933\" src=\"https:\/\/l21.mx\/wp-content\/uploads\/2024\/03\/WhatsApp-Image-2024-03-04-at-3.14.02-PM-243x300.jpeg\" alt=\"\" width=\"243\" height=\"300\" srcset=\"https:\/\/l21.mx\/wp-content\/uploads\/2024\/03\/WhatsApp-Image-2024-03-04-at-3.14.02-PM-243x300.jpeg 243w, https:\/\/l21.mx\/wp-content\/uploads\/2024\/03\/WhatsApp-Image-2024-03-04-at-3.14.02-PM-831x1024.jpeg 831w, https:\/\/l21.mx\/wp-content\/uploads\/2024\/03\/WhatsApp-Image-2024-03-04-at-3.14.02-PM-768x947.jpeg 768w, https:\/\/l21.mx\/wp-content\/uploads\/2024\/03\/WhatsApp-Image-2024-03-04-at-3.14.02-PM-1246x1536.jpeg 1246w, https:\/\/l21.mx\/wp-content\/uploads\/2024\/03\/WhatsApp-Image-2024-03-04-at-3.14.02-PM-1170x1442.jpeg 1170w, https:\/\/l21.mx\/wp-content\/uploads\/2024\/03\/WhatsApp-Image-2024-03-04-at-3.14.02-PM-585x721.jpeg 585w, https:\/\/l21.mx\/wp-content\/uploads\/2024\/03\/WhatsApp-Image-2024-03-04-at-3.14.02-PM.jpeg 1298w\" sizes=\"(max-width: 243px) 100vw, 243px\" \/><\/a><\/p>\n<p>Como parte de una agenda en la Ciudad de M\u00e9xico, la gobernadora Mara Lezama Espinosa y el secretario de Desarrollo Territorial Urbano Sustentable (SEDETUS) Armando Lara De Nigris, se reunieron con el titular de la SICT Jorge Nu\u00f1o Lara, con quien revisaron diversos temas y tambi\u00e9n requerimientos que han emanado de las reuniones de seguridad del Aeropuerto Internacional de Canc\u00fan.<\/p>\n<p>Autoridades revisaron los proyectos y tomaron diversos acuerdos respecto al trabajo coordinado.<\/p>\n","protected":false},"excerpt":{"rendered":"<p>&nbsp; Ciudad de M\u00e9xico.- El gobierno estatal da seguimiento a los proyectos de movilidad que la&hellip;<\/p>\n","protected":false},"author":100,"featured_media":69932,"comment_status":"closed","ping_status":"closed","sticky":false,"template":"","format":"standard","meta":{"_acf_changed":false,"_lmt_disableupdate":"","_lmt_disable":"","_mbp_gutenberg_autopost":false,"footnotes":""},"categories":[23,1656],"tags":[],"class_list":["post-69931","post","type-post","status-publish","format-standard","has-post-thumbnail","hentry","category-noticias","category-quintana-roo"],"acf":[],"_links":{"self":[{"href":"https:\/\/l21.mx\/index.php?rest_route=\/wp\/v2\/posts\/69931","targetHints":{"allow":["GET"]}}],"collection":[{"href":"https:\/\/l21.mx\/index.php?rest_route=\/wp\/v2\/posts"}],"about":[{"href":"https:\/\/l21.mx\/index.php?rest_route=\/wp\/v2\/types\/post"}],"author":[{"embeddable":true,"href":"https:\/\/l21.mx\/index.php?rest_route=\/wp\/v2\/users\/100"}],"replies":[{"embeddable":true,"href":"https:\/\/l21.mx\/index.php?rest_route=%2Fwp%2Fv2%2Fcomments&post=69931"}],"version-history":[{"count":0,"href":"https:\/\/l21.mx\/index.php?rest_route=\/wp\/v2\/posts\/69931\/revisions"}],"wp:featuredmedia":[{"embeddable":true,"href":"https:\/\/l21.mx\/index.php?rest_route=\/wp\/v2\/media\/69932"}],"wp:attachment":[{"href":"https:\/\/l21.mx\/index.php?rest_route=%2Fwp%2Fv2%2Fmedia&parent=69931"}],"wp:term":[{"taxonomy":"category","embeddable":true,"href":"https:\/\/l21.mx\/index.php?rest_route=%2Fwp%2Fv2%2Fcategories&post=69931"},{"taxonomy":"post_tag","embeddable":true,"href":"https:\/\/l21.mx\/index.php?rest_route=%2Fwp%2Fv2%2Ftags&post=69931"}],"curies":[{"name":"wp","href":"https:\/\/api.w.org\/{rel}","templated":true}]}}