{"id":69967,"date":"2024-03-01T10:27:43","date_gmt":"2024-03-01T15:27:43","guid":{"rendered":"https:\/\/l21.mx\/?p=69967"},"modified":"2024-03-05T10:31:42","modified_gmt":"2024-03-05T15:31:42","slug":"marzo-1-al-3-cancun-world-fest","status":"publish","type":"post","link":"https:\/\/l21.mx\/?p=69967","title":{"rendered":"Marzo 1 al 3 \u2022 Canc\u00fan World Fest"},"content":{"rendered":"<p>Como parte del arranque de los festejos del 50 aniversario de Quintana Roo y de los 54 a\u00f1os de Canc\u00fan, se realizar\u00e1 la primera edici\u00f3n del Canc\u00fan World Fest, con el slogan \u201cDescubre el mundo en un solo lugar. Nuuch\u201d. Ser\u00e1 en el malec\u00f3n Tajamar y contar\u00e1 con un pabell\u00f3n para artesanos, emprendedores y artistas. Contemplan 100 espacios disponibles y la participaci\u00f3n de 15 a 17 mil personas al d\u00eda, tomando en cuenta el n\u00famero de visitantes que se ha tenido en otros eventos como el Hanal Pixan; adem\u00e1s, en el evento tambi\u00e9n se tendr\u00e1 un Adopta Fest con todas las facilidades para que incluso se puedan llevar perritos a Canad\u00e1 o Estados Unidos.<\/p>\n","protected":false},"excerpt":{"rendered":"<p>Como parte del arranque de los festejos del 50 aniversario de Quintana Roo y de los&hellip;<\/p>\n","protected":false},"author":95,"featured_media":69968,"comment_status":"closed","ping_status":"closed","sticky":false,"template":"","format":"standard","meta":{"_acf_changed":false,"_lmt_disableupdate":"","_lmt_disable":"","_mbp_gutenberg_autopost":false,"footnotes":""},"categories":[476],"tags":[],"class_list":["post-69967","post","type-post","status-publish","format-standard","has-post-thumbnail","hentry","category-agenda"],"acf":[],"_links":{"self":[{"href":"https:\/\/l21.mx\/index.php?rest_route=\/wp\/v2\/posts\/69967","targetHints":{"allow":["GET"]}}],"collection":[{"href":"https:\/\/l21.mx\/index.php?rest_route=\/wp\/v2\/posts"}],"about":[{"href":"https:\/\/l21.mx\/index.php?rest_route=\/wp\/v2\/types\/post"}],"author":[{"embeddable":true,"href":"https:\/\/l21.mx\/index.php?rest_route=\/wp\/v2\/users\/95"}],"replies":[{"embeddable":true,"href":"https:\/\/l21.mx\/index.php?rest_route=%2Fwp%2Fv2%2Fcomments&post=69967"}],"version-history":[{"count":0,"href":"https:\/\/l21.mx\/index.php?rest_route=\/wp\/v2\/posts\/69967\/revisions"}],"wp:featuredmedia":[{"embeddable":true,"href":"https:\/\/l21.mx\/index.php?rest_route=\/wp\/v2\/media\/69968"}],"wp:attachment":[{"href":"https:\/\/l21.mx\/index.php?rest_route=%2Fwp%2Fv2%2Fmedia&parent=69967"}],"wp:term":[{"taxonomy":"category","embeddable":true,"href":"https:\/\/l21.mx\/index.php?rest_route=%2Fwp%2Fv2%2Fcategories&post=69967"},{"taxonomy":"post_tag","embeddable":true,"href":"https:\/\/l21.mx\/index.php?rest_route=%2Fwp%2Fv2%2Ftags&post=69967"}],"curies":[{"name":"wp","href":"https:\/\/api.w.org\/{rel}","templated":true}]}}