{"id":69980,"date":"2024-03-01T10:32:37","date_gmt":"2024-03-01T15:32:37","guid":{"rendered":"https:\/\/l21.mx\/?p=69980"},"modified":"2024-03-05T10:33:01","modified_gmt":"2024-03-05T15:33:01","slug":"1-al-2-de-marzo-festival-de-la-vina-a-la-copa","status":"publish","type":"post","link":"https:\/\/l21.mx\/?p=69980","title":{"rendered":"1 al 2 de Marzo \u2022 Festival de la Vi\u00f1a a la Copa"},"content":{"rendered":"<p> La capital jalisciense se prepara para recibir a los amantes del vino en la edici\u00f3n 14 del festival De la Vi\u00f1a a la Copa, encuentro organizado por Vinos Am\u00e9rica, que ha sido un referente en la promoci\u00f3n de la cultura vin\u00edcola de la regi\u00f3n. El Sal\u00f3n Bellaterra ser\u00e1 el escenario para el encuentro, se convertir\u00e1 en la meca de los aficionados al vino y ofrecer\u00e1 un ambiente \u00fanico para disfrutar de la diversidad de sabores y aromas que esta bebida tiene para ofrecer. Se prev\u00e9 que el evento reunir\u00e1 a m\u00e1s de 4,000 entusiastas que compartir\u00e1n su pasi\u00f3n por este mundo en el evento que se ha convertido en un imperdible para quienes buscan explorar y disfrutar de la riqueza del vino en un ambiente cultural.<\/p>\n","protected":false},"excerpt":{"rendered":"<p>La capital jalisciense se prepara para recibir a los amantes del vino en la edici\u00f3n 14&hellip;<\/p>\n","protected":false},"author":95,"featured_media":69972,"comment_status":"closed","ping_status":"closed","sticky":false,"template":"","format":"standard","meta":{"_acf_changed":false,"_lmt_disableupdate":"","_lmt_disable":"","_mbp_gutenberg_autopost":false,"footnotes":""},"categories":[476],"tags":[],"class_list":["post-69980","post","type-post","status-publish","format-standard","has-post-thumbnail","hentry","category-agenda"],"acf":[],"_links":{"self":[{"href":"https:\/\/l21.mx\/index.php?rest_route=\/wp\/v2\/posts\/69980","targetHints":{"allow":["GET"]}}],"collection":[{"href":"https:\/\/l21.mx\/index.php?rest_route=\/wp\/v2\/posts"}],"about":[{"href":"https:\/\/l21.mx\/index.php?rest_route=\/wp\/v2\/types\/post"}],"author":[{"embeddable":true,"href":"https:\/\/l21.mx\/index.php?rest_route=\/wp\/v2\/users\/95"}],"replies":[{"embeddable":true,"href":"https:\/\/l21.mx\/index.php?rest_route=%2Fwp%2Fv2%2Fcomments&post=69980"}],"version-history":[{"count":0,"href":"https:\/\/l21.mx\/index.php?rest_route=\/wp\/v2\/posts\/69980\/revisions"}],"wp:featuredmedia":[{"embeddable":true,"href":"https:\/\/l21.mx\/index.php?rest_route=\/wp\/v2\/media\/69972"}],"wp:attachment":[{"href":"https:\/\/l21.mx\/index.php?rest_route=%2Fwp%2Fv2%2Fmedia&parent=69980"}],"wp:term":[{"taxonomy":"category","embeddable":true,"href":"https:\/\/l21.mx\/index.php?rest_route=%2Fwp%2Fv2%2Fcategories&post=69980"},{"taxonomy":"post_tag","embeddable":true,"href":"https:\/\/l21.mx\/index.php?rest_route=%2Fwp%2Fv2%2Ftags&post=69980"}],"curies":[{"name":"wp","href":"https:\/\/api.w.org\/{rel}","templated":true}]}}