{"id":69989,"date":"2024-03-01T10:34:21","date_gmt":"2024-03-01T15:34:21","guid":{"rendered":"https:\/\/l21.mx\/?p=69989"},"modified":"2024-03-05T10:34:57","modified_gmt":"2024-03-05T15:34:57","slug":"1-al-10-marzo-feria-del-toro-de-lidia","status":"publish","type":"post","link":"https:\/\/l21.mx\/?p=69989","title":{"rendered":"1 al 10 Marzo \u2022 Feria del Toro de Lidia"},"content":{"rendered":"<p>El Patronato Taurino y de las Fiestas de Tequisquiapan, en coordinaci\u00f3n con el Pueblo M\u00e1gico de Tequisquiapan, anunciaron la realizaci\u00f3n de la Feria del Toro de Lidia Tequisquiapan 2024. En su edici\u00f3n n\u00famero XXVI, la feria se realizar\u00e1 durante dos fines de semana (los d\u00edas 1, 2 y 3 de marzo y 8, 9 y 10 de marzo). Es un evento familiar enfocado al arte y la cultura, la parte art\u00edstica incluye un concierto gratuito de Emmanuel en la Plaza Miguel Hidalgo. Se estima la presencia de 75,000 visitantes, una derrama econ\u00f3mica de 170 millones de pesos y una ocupaci\u00f3n hotelera de 100%. La corrida estelar, el s\u00e1bado 9 de marzo, contar\u00e1 con la participaci\u00f3n de Diego Silveti, Joselito Adame y Jos\u00e9 Mauricio.<\/p>\n","protected":false},"excerpt":{"rendered":"<p>El Patronato Taurino y de las Fiestas de Tequisquiapan, en coordinaci\u00f3n con el Pueblo M\u00e1gico de&hellip;<\/p>\n","protected":false},"author":95,"featured_media":69970,"comment_status":"closed","ping_status":"closed","sticky":false,"template":"","format":"standard","meta":{"_acf_changed":false,"_lmt_disableupdate":"","_lmt_disable":"","_mbp_gutenberg_autopost":false,"footnotes":""},"categories":[476],"tags":[],"class_list":["post-69989","post","type-post","status-publish","format-standard","has-post-thumbnail","hentry","category-agenda"],"acf":[],"_links":{"self":[{"href":"https:\/\/l21.mx\/index.php?rest_route=\/wp\/v2\/posts\/69989","targetHints":{"allow":["GET"]}}],"collection":[{"href":"https:\/\/l21.mx\/index.php?rest_route=\/wp\/v2\/posts"}],"about":[{"href":"https:\/\/l21.mx\/index.php?rest_route=\/wp\/v2\/types\/post"}],"author":[{"embeddable":true,"href":"https:\/\/l21.mx\/index.php?rest_route=\/wp\/v2\/users\/95"}],"replies":[{"embeddable":true,"href":"https:\/\/l21.mx\/index.php?rest_route=%2Fwp%2Fv2%2Fcomments&post=69989"}],"version-history":[{"count":0,"href":"https:\/\/l21.mx\/index.php?rest_route=\/wp\/v2\/posts\/69989\/revisions"}],"wp:featuredmedia":[{"embeddable":true,"href":"https:\/\/l21.mx\/index.php?rest_route=\/wp\/v2\/media\/69970"}],"wp:attachment":[{"href":"https:\/\/l21.mx\/index.php?rest_route=%2Fwp%2Fv2%2Fmedia&parent=69989"}],"wp:term":[{"taxonomy":"category","embeddable":true,"href":"https:\/\/l21.mx\/index.php?rest_route=%2Fwp%2Fv2%2Fcategories&post=69989"},{"taxonomy":"post_tag","embeddable":true,"href":"https:\/\/l21.mx\/index.php?rest_route=%2Fwp%2Fv2%2Ftags&post=69989"}],"curies":[{"name":"wp","href":"https:\/\/api.w.org\/{rel}","templated":true}]}}