{"id":70075,"date":"2024-03-05T20:34:53","date_gmt":"2024-03-06T01:34:53","guid":{"rendered":"https:\/\/l21.mx\/?p=70075"},"modified":"2024-03-05T20:35:28","modified_gmt":"2024-03-06T01:35:28","slug":"quintana-roo-presente-en-la-feria-itb-2024-de-berlin-alemania","status":"publish","type":"post","link":"https:\/\/l21.mx\/?p=70075","title":{"rendered":"Quintana Roo presente en la Feria ITB 2024 de Berl\u00edn, Alemania"},"content":{"rendered":"<p>&nbsp;<\/p>\n<p>Berl\u00edn, Alemania.- La delegaci\u00f3n de Quintana Roo participa en la feria de turismo ITB Berl\u00edn para promover a los 12 destinos tur\u00edsticos en este evento l\u00edder mundial que se realiza del 5 al 7 de marzo y re\u00fane a pa\u00edses, destinos, operadores tur\u00edsticos, sistemas de reserva, empresas de transporte, hoteles y servicios de renta de autos.<\/p>\n<p>Este a\u00f1o, bajo el lema \u201cDefinir el mundo de los viajes juntos\u201d, m\u00e1s de 24 mil asistentes y 5,500 expositores convergen para compartir visiones y experiencias que dar\u00e1n forma al futuro de los viajes internacionales.<\/p>\n<p>Alemania se consolida como uno de los mercados m\u00e1s importantes para el Caribe Mexicano, posicion\u00e1ndose en el noveno lugar de preferencia. Durante el a\u00f1o 2023, Quintana Roo recibi\u00f3 a 191,870 turistas alemanes, de los cuales 149,559 arribaron por v\u00eda a\u00e9rea.<\/p>\n<p><a href=\"https:\/\/l21.mx\/wp-content\/uploads\/2024\/03\/WhatsApp-Image-2024-03-05-at-4.42.54-PM.jpeg\" data-rel=\"penci-gallery-image-content\" ><img fetchpriority=\"high\" decoding=\"async\" class=\"alignnone size-medium wp-image-70077\" src=\"https:\/\/l21.mx\/wp-content\/uploads\/2024\/03\/WhatsApp-Image-2024-03-05-at-4.42.54-PM-300x225.jpeg\" alt=\"\" width=\"300\" height=\"225\" srcset=\"https:\/\/l21.mx\/wp-content\/uploads\/2024\/03\/WhatsApp-Image-2024-03-05-at-4.42.54-PM-300x225.jpeg 300w, https:\/\/l21.mx\/wp-content\/uploads\/2024\/03\/WhatsApp-Image-2024-03-05-at-4.42.54-PM-1024x768.jpeg 1024w, https:\/\/l21.mx\/wp-content\/uploads\/2024\/03\/WhatsApp-Image-2024-03-05-at-4.42.54-PM-768x576.jpeg 768w, https:\/\/l21.mx\/wp-content\/uploads\/2024\/03\/WhatsApp-Image-2024-03-05-at-4.42.54-PM-1200x900.jpeg 1200w, https:\/\/l21.mx\/wp-content\/uploads\/2024\/03\/WhatsApp-Image-2024-03-05-at-4.42.54-PM-1170x878.jpeg 1170w, https:\/\/l21.mx\/wp-content\/uploads\/2024\/03\/WhatsApp-Image-2024-03-05-at-4.42.54-PM-585x439.jpeg 585w, https:\/\/l21.mx\/wp-content\/uploads\/2024\/03\/WhatsApp-Image-2024-03-05-at-4.42.54-PM.jpeg 1280w\" sizes=\"(max-width: 300px) 100vw, 300px\" \/><\/a><\/p>\n<p>El deseo de descanso domina las motivaciones de viaje, con un 80.2%, seguido por el inter\u00e9s en actividades de aventura como buceo y snorkel, que atrae al 6.3% de los visitantes.<\/p>\n<p>La mayor\u00eda de estos viajeros, el 56.6%, eligen vivir sus experiencias en pareja, mientras que un 17.2% lo hace en familia y un igual porcentaje de forma individual.<\/p>\n<p>El mercado alem\u00e1n se distingue por su deseo de exploraci\u00f3n, con un marcado inter\u00e9s en actividades culturales, visitas a zonas arqueol\u00f3gicas y la inmersi\u00f3n en la singularidad de la zona, destacando destinos como Maya Ka&#8217;an, Tulum y la Riviera Maya.<\/p>\n<p>La conectividad a\u00e9rea entre Alemania y el Caribe Mexicano se mantiene s\u00f3lida, con la ruta Frankfurt-Canc\u00fan operando 12 vuelos redondos a la semana, cortes\u00eda de las aerol\u00edneas Condor y Eurowings. Esta accesibilidad facilita el flujo constante de turistas, subrayando la importancia de mantener y expandir las conexiones internacionales.<\/p>\n","protected":false},"excerpt":{"rendered":"<p>&nbsp; Berl\u00edn, Alemania.- La delegaci\u00f3n de Quintana Roo participa en la feria de turismo ITB Berl\u00edn&hellip;<\/p>\n","protected":false},"author":100,"featured_media":70076,"comment_status":"closed","ping_status":"closed","sticky":false,"template":"","format":"standard","meta":{"_acf_changed":false,"_lmt_disableupdate":"","_lmt_disable":"","_mbp_gutenberg_autopost":false,"footnotes":""},"categories":[23,8],"tags":[],"class_list":["post-70075","post","type-post","status-publish","format-standard","has-post-thumbnail","hentry","category-noticias","category-turismo"],"acf":[],"_links":{"self":[{"href":"https:\/\/l21.mx\/index.php?rest_route=\/wp\/v2\/posts\/70075","targetHints":{"allow":["GET"]}}],"collection":[{"href":"https:\/\/l21.mx\/index.php?rest_route=\/wp\/v2\/posts"}],"about":[{"href":"https:\/\/l21.mx\/index.php?rest_route=\/wp\/v2\/types\/post"}],"author":[{"embeddable":true,"href":"https:\/\/l21.mx\/index.php?rest_route=\/wp\/v2\/users\/100"}],"replies":[{"embeddable":true,"href":"https:\/\/l21.mx\/index.php?rest_route=%2Fwp%2Fv2%2Fcomments&post=70075"}],"version-history":[{"count":0,"href":"https:\/\/l21.mx\/index.php?rest_route=\/wp\/v2\/posts\/70075\/revisions"}],"wp:featuredmedia":[{"embeddable":true,"href":"https:\/\/l21.mx\/index.php?rest_route=\/wp\/v2\/media\/70076"}],"wp:attachment":[{"href":"https:\/\/l21.mx\/index.php?rest_route=%2Fwp%2Fv2%2Fmedia&parent=70075"}],"wp:term":[{"taxonomy":"category","embeddable":true,"href":"https:\/\/l21.mx\/index.php?rest_route=%2Fwp%2Fv2%2Fcategories&post=70075"},{"taxonomy":"post_tag","embeddable":true,"href":"https:\/\/l21.mx\/index.php?rest_route=%2Fwp%2Fv2%2Ftags&post=70075"}],"curies":[{"name":"wp","href":"https:\/\/api.w.org\/{rel}","templated":true}]}}