{"id":70107,"date":"2024-03-07T11:59:59","date_gmt":"2024-03-07T16:59:59","guid":{"rendered":"https:\/\/l21.mx\/?p=70107"},"modified":"2024-03-07T19:32:41","modified_gmt":"2024-03-08T00:32:41","slug":"juntos-hemos-sacado-de-la-sombra-a-solidaridad-lili-campos","status":"publish","type":"post","link":"https:\/\/l21.mx\/?p=70107","title":{"rendered":"\u00a1Juntos hemos sacado de la sombra a Solidaridad!: Lili Campos"},"content":{"rendered":"<p>&nbsp;<\/p>\n<p>&#8211; Acudi\u00f3 a inscribirse ante el IEQROO, para contender en la pr\u00f3xima contienda electoral respaldada por su planilla y miles de solidarenses que manifestaron su apoyo total<\/p>\n<p><a href=\"https:\/\/l21.mx\/wp-content\/uploads\/2024\/03\/WhatsApp-Image-2024-03-06-at-11.33.50-PM-3.jpeg\" data-rel=\"penci-gallery-image-content\" ><img fetchpriority=\"high\" decoding=\"async\" class=\"alignnone size-medium wp-image-70108\" src=\"https:\/\/l21.mx\/wp-content\/uploads\/2024\/03\/WhatsApp-Image-2024-03-06-at-11.33.50-PM-3-300x200.jpeg\" alt=\"\" width=\"300\" height=\"200\" srcset=\"https:\/\/l21.mx\/wp-content\/uploads\/2024\/03\/WhatsApp-Image-2024-03-06-at-11.33.50-PM-3-300x200.jpeg 300w, https:\/\/l21.mx\/wp-content\/uploads\/2024\/03\/WhatsApp-Image-2024-03-06-at-11.33.50-PM-3-1024x683.jpeg 1024w, https:\/\/l21.mx\/wp-content\/uploads\/2024\/03\/WhatsApp-Image-2024-03-06-at-11.33.50-PM-3-768x512.jpeg 768w, https:\/\/l21.mx\/wp-content\/uploads\/2024\/03\/WhatsApp-Image-2024-03-06-at-11.33.50-PM-3-585x390.jpeg 585w, https:\/\/l21.mx\/wp-content\/uploads\/2024\/03\/WhatsApp-Image-2024-03-06-at-11.33.50-PM-3-263x175.jpeg 263w, https:\/\/l21.mx\/wp-content\/uploads\/2024\/03\/WhatsApp-Image-2024-03-06-at-11.33.50-PM-3.jpeg 1086w\" sizes=\"(max-width: 300px) 100vw, 300px\" \/><\/a><\/p>\n<p>Playa del Carmen, Solidaridad a 07 de marzo del 2024.- Ante una gran concentraci\u00f3n de solidarenses, simpatizantes y militantes del Partido Acci\u00f3n Nacional (PAN) y del Partido Revolucionario Institucional (PRI), Lili Campos se inscribi\u00f3 ante el IEQROO (Instituto Electoral de Quintana Roo) en busca de la reelecci\u00f3n como candidata a la presidencia municipal de Solidaridad.<\/p>\n<p><a href=\"https:\/\/l21.mx\/wp-content\/uploads\/2024\/03\/WhatsApp-Image-2024-03-06-at-11.33.58-PM.jpeg\" data-rel=\"penci-gallery-image-content\" ><img decoding=\"async\" class=\"alignnone size-medium wp-image-70112\" src=\"https:\/\/l21.mx\/wp-content\/uploads\/2024\/03\/WhatsApp-Image-2024-03-06-at-11.33.58-PM-300x223.jpeg\" alt=\"\" width=\"300\" height=\"223\" srcset=\"https:\/\/l21.mx\/wp-content\/uploads\/2024\/03\/WhatsApp-Image-2024-03-06-at-11.33.58-PM-300x223.jpeg 300w, https:\/\/l21.mx\/wp-content\/uploads\/2024\/03\/WhatsApp-Image-2024-03-06-at-11.33.58-PM-1024x761.jpeg 1024w, https:\/\/l21.mx\/wp-content\/uploads\/2024\/03\/WhatsApp-Image-2024-03-06-at-11.33.58-PM-768x571.jpeg 768w, https:\/\/l21.mx\/wp-content\/uploads\/2024\/03\/WhatsApp-Image-2024-03-06-at-11.33.58-PM-585x435.jpeg 585w, https:\/\/l21.mx\/wp-content\/uploads\/2024\/03\/WhatsApp-Image-2024-03-06-at-11.33.58-PM.jpeg 1125w\" sizes=\"(max-width: 300px) 100vw, 300px\" \/><\/a><\/p>\n<p>Reconoci\u00f3 el compromiso de miles de personas que este d\u00eda le refrendaron su apoyo por ser parte de la renovaci\u00f3n de Solidaridad; \u201cjuntos hemos sacamos de la sombra a un municipio hundido en la corrupci\u00f3n, en la basura, sin orden, sin planificaci\u00f3n y donde se antepon\u00edan los intereses de unos cuantos, antes que los de la poblaci\u00f3n. Hoy contamos con un progreso evidente, transparente y unido, hemos renovado nuestro municipio\u201d precis\u00f3.<\/p>\n<p><a href=\"https:\/\/l21.mx\/wp-content\/uploads\/2024\/03\/WhatsApp-Image-2024-03-06-at-11.33.50-PM-2.jpeg\" data-rel=\"penci-gallery-image-content\" ><img decoding=\"async\" class=\"alignnone size-medium wp-image-70109\" src=\"https:\/\/l21.mx\/wp-content\/uploads\/2024\/03\/WhatsApp-Image-2024-03-06-at-11.33.50-PM-2-300x200.jpeg\" alt=\"\" width=\"300\" height=\"200\" srcset=\"https:\/\/l21.mx\/wp-content\/uploads\/2024\/03\/WhatsApp-Image-2024-03-06-at-11.33.50-PM-2-300x200.jpeg 300w, https:\/\/l21.mx\/wp-content\/uploads\/2024\/03\/WhatsApp-Image-2024-03-06-at-11.33.50-PM-2-1024x683.jpeg 1024w, https:\/\/l21.mx\/wp-content\/uploads\/2024\/03\/WhatsApp-Image-2024-03-06-at-11.33.50-PM-2-768x512.jpeg 768w, https:\/\/l21.mx\/wp-content\/uploads\/2024\/03\/WhatsApp-Image-2024-03-06-at-11.33.50-PM-2-585x390.jpeg 585w, https:\/\/l21.mx\/wp-content\/uploads\/2024\/03\/WhatsApp-Image-2024-03-06-at-11.33.50-PM-2-263x175.jpeg 263w, https:\/\/l21.mx\/wp-content\/uploads\/2024\/03\/WhatsApp-Image-2024-03-06-at-11.33.50-PM-2.jpeg 1086w\" sizes=\"(max-width: 300px) 100vw, 300px\" \/><\/a><\/p>\n<p>Se\u00f1al\u00f3 que el desaf\u00edo es grande, sobre todo por la campa\u00f1a de desinformaci\u00f3n y amenazas dirigidas a su equipo; \u201cno van a detenernos, no tenemos miedo, no vamos a dejarnos intimidar, vamos a seguir trabajando para lograr la consolidaci\u00f3n de un Solidaridad donde todas y todos prosperen\u201d recalc\u00f3.<\/p>\n<p><a href=\"https:\/\/l21.mx\/wp-content\/uploads\/2024\/03\/WhatsApp-Image-2024-03-06-at-11.33.50-PM.jpeg\" data-rel=\"penci-gallery-image-content\" ><img loading=\"lazy\" decoding=\"async\" class=\"alignnone size-medium wp-image-70111\" src=\"https:\/\/l21.mx\/wp-content\/uploads\/2024\/03\/WhatsApp-Image-2024-03-06-at-11.33.50-PM-300x200.jpeg\" alt=\"\" width=\"300\" height=\"200\" srcset=\"https:\/\/l21.mx\/wp-content\/uploads\/2024\/03\/WhatsApp-Image-2024-03-06-at-11.33.50-PM-300x200.jpeg 300w, https:\/\/l21.mx\/wp-content\/uploads\/2024\/03\/WhatsApp-Image-2024-03-06-at-11.33.50-PM-1024x683.jpeg 1024w, https:\/\/l21.mx\/wp-content\/uploads\/2024\/03\/WhatsApp-Image-2024-03-06-at-11.33.50-PM-768x512.jpeg 768w, https:\/\/l21.mx\/wp-content\/uploads\/2024\/03\/WhatsApp-Image-2024-03-06-at-11.33.50-PM-585x390.jpeg 585w, https:\/\/l21.mx\/wp-content\/uploads\/2024\/03\/WhatsApp-Image-2024-03-06-at-11.33.50-PM-263x175.jpeg 263w, https:\/\/l21.mx\/wp-content\/uploads\/2024\/03\/WhatsApp-Image-2024-03-06-at-11.33.50-PM.jpeg 1086w\" sizes=\"(max-width: 300px) 100vw, 300px\" \/><\/a><\/p>\n<p>Dijo que, a pesar de los avances visibles, hay detractores que mienten y enga\u00f1an, sin embargo, continuar\u00e1n renovando a Solidaridad, de la mano de una planilla de solidarenses comprometidos con el bienestar social. \u201c\u00a1Primero la gente, el pueblo: primero Solidaridad!\u201d.<\/p>\n<p><a href=\"https:\/\/l21.mx\/wp-content\/uploads\/2024\/03\/WhatsApp-Image-2024-03-06-at-11.33.50-PM-1.jpeg\" data-rel=\"penci-gallery-image-content\" ><img loading=\"lazy\" decoding=\"async\" class=\"alignnone size-medium wp-image-70110\" src=\"https:\/\/l21.mx\/wp-content\/uploads\/2024\/03\/WhatsApp-Image-2024-03-06-at-11.33.50-PM-1-300x200.jpeg\" alt=\"\" width=\"300\" height=\"200\" srcset=\"https:\/\/l21.mx\/wp-content\/uploads\/2024\/03\/WhatsApp-Image-2024-03-06-at-11.33.50-PM-1-300x200.jpeg 300w, https:\/\/l21.mx\/wp-content\/uploads\/2024\/03\/WhatsApp-Image-2024-03-06-at-11.33.50-PM-1-1024x683.jpeg 1024w, https:\/\/l21.mx\/wp-content\/uploads\/2024\/03\/WhatsApp-Image-2024-03-06-at-11.33.50-PM-1-768x512.jpeg 768w, https:\/\/l21.mx\/wp-content\/uploads\/2024\/03\/WhatsApp-Image-2024-03-06-at-11.33.50-PM-1-585x390.jpeg 585w, https:\/\/l21.mx\/wp-content\/uploads\/2024\/03\/WhatsApp-Image-2024-03-06-at-11.33.50-PM-1-263x175.jpeg 263w, https:\/\/l21.mx\/wp-content\/uploads\/2024\/03\/WhatsApp-Image-2024-03-06-at-11.33.50-PM-1.jpeg 1086w\" sizes=\"(max-width: 300px) 100vw, 300px\" \/><\/a><\/p>\n<p>En el evento, Lili Campos salud\u00f3 al candidato a diputado federal por el Distrito I, Alberto Quian, a Kira Iris su suplente, as\u00ed como a integrantes de su planilla que qued\u00f3 de la siguiente manera:<br \/>\nPresidencia<br \/>\nProp: Roxana Lili Campos Miranda<\/p>\n<p>Sindicatura<br \/>\nProp: Jos\u00e9 Lu\u00eds Toledo Medina<\/p>\n<p>Regidor 1<br \/>\nProp: Nellyadi Anayza Quian Medina<\/p>\n<p>Regidor 2<br \/>\nProp: Juan Humberto Novelo Zapata<\/p>\n<p>Regidor 3<br \/>\nProp: Mar\u00eda Josefina Muza Sim\u00f3n<\/p>\n<p>Regidor 4<br \/>\nProp: Sa\u00fal Jamil Barbosa Heredia<\/p>\n<p>Regidor 5<br \/>\nProp: Danna Felisa Ram\u00edrez Salda\u00f1a<\/p>\n<p>Regidor 6<br \/>\nProp: Enrique Giovanni Mart\u00ednez<\/p>\n<p>Regidor 7<br \/>\nProp: Mar\u00eda Raquel Mendicuti Nu\u00f1ez<\/p>\n<p>Regidor 8<br \/>\nProp: Manuel Antonio L\u00f3pez Valencia<\/p>\n<p>Regidor 9<br \/>\nProp: Teresita De Jes\u00fas Valerio Villar<\/p>\n","protected":false},"excerpt":{"rendered":"<p>&nbsp; &#8211; Acudi\u00f3 a inscribirse ante el IEQROO, para contender en la pr\u00f3xima contienda electoral respaldada&hellip;<\/p>\n","protected":false},"author":100,"featured_media":70113,"comment_status":"closed","ping_status":"closed","sticky":false,"template":"","format":"standard","meta":{"_acf_changed":false,"_lmt_disableupdate":"","_lmt_disable":"","_mbp_gutenberg_autopost":false,"footnotes":""},"categories":[1654],"tags":[],"class_list":["post-70107","post","type-post","status-publish","format-standard","has-post-thumbnail","hentry","category-solidaridad"],"acf":[],"_links":{"self":[{"href":"https:\/\/l21.mx\/index.php?rest_route=\/wp\/v2\/posts\/70107","targetHints":{"allow":["GET"]}}],"collection":[{"href":"https:\/\/l21.mx\/index.php?rest_route=\/wp\/v2\/posts"}],"about":[{"href":"https:\/\/l21.mx\/index.php?rest_route=\/wp\/v2\/types\/post"}],"author":[{"embeddable":true,"href":"https:\/\/l21.mx\/index.php?rest_route=\/wp\/v2\/users\/100"}],"replies":[{"embeddable":true,"href":"https:\/\/l21.mx\/index.php?rest_route=%2Fwp%2Fv2%2Fcomments&post=70107"}],"version-history":[{"count":0,"href":"https:\/\/l21.mx\/index.php?rest_route=\/wp\/v2\/posts\/70107\/revisions"}],"wp:featuredmedia":[{"embeddable":true,"href":"https:\/\/l21.mx\/index.php?rest_route=\/wp\/v2\/media\/70113"}],"wp:attachment":[{"href":"https:\/\/l21.mx\/index.php?rest_route=%2Fwp%2Fv2%2Fmedia&parent=70107"}],"wp:term":[{"taxonomy":"category","embeddable":true,"href":"https:\/\/l21.mx\/index.php?rest_route=%2Fwp%2Fv2%2Fcategories&post=70107"},{"taxonomy":"post_tag","embeddable":true,"href":"https:\/\/l21.mx\/index.php?rest_route=%2Fwp%2Fv2%2Ftags&post=70107"}],"curies":[{"name":"wp","href":"https:\/\/api.w.org\/{rel}","templated":true}]}}