{"id":70118,"date":"2024-03-07T19:30:15","date_gmt":"2024-03-08T00:30:15","guid":{"rendered":"https:\/\/l21.mx\/?p=70118"},"modified":"2024-03-07T19:30:15","modified_gmt":"2024-03-08T00:30:15","slug":"definen-la-seleccion-de-quintana-roo-de-badminton-que-disputara-la-eliminatoria-a-los-nacionales-conade-2024","status":"publish","type":"post","link":"https:\/\/l21.mx\/?p=70118","title":{"rendered":"Definen la Selecci\u00f3n de Quintana Roo de b\u00e1dminton, que disputar\u00e1 la eliminatoria a los Nacionales CONADE 2024"},"content":{"rendered":"<p>&nbsp;<\/p>\n<p>&#8211; Luego de cumplir con su control interno, nueve jugadores conforman el equipo que representar\u00e1 la entidad en el pr\u00f3ximo Clasificatorio Nacional<\/p>\n<p><a href=\"https:\/\/l21.mx\/wp-content\/uploads\/2024\/03\/WhatsApp-Image-2024-03-07-at-3.22.56-PM-1.jpeg\" data-rel=\"penci-gallery-image-content\" ><img fetchpriority=\"high\" decoding=\"async\" class=\"alignnone size-medium wp-image-70120\" src=\"https:\/\/l21.mx\/wp-content\/uploads\/2024\/03\/WhatsApp-Image-2024-03-07-at-3.22.56-PM-1-300x225.jpeg\" alt=\"\" width=\"300\" height=\"225\" srcset=\"https:\/\/l21.mx\/wp-content\/uploads\/2024\/03\/WhatsApp-Image-2024-03-07-at-3.22.56-PM-1-300x225.jpeg 300w, https:\/\/l21.mx\/wp-content\/uploads\/2024\/03\/WhatsApp-Image-2024-03-07-at-3.22.56-PM-1-1024x768.jpeg 1024w, https:\/\/l21.mx\/wp-content\/uploads\/2024\/03\/WhatsApp-Image-2024-03-07-at-3.22.56-PM-1-768x576.jpeg 768w, https:\/\/l21.mx\/wp-content\/uploads\/2024\/03\/WhatsApp-Image-2024-03-07-at-3.22.56-PM-1-1536x1152.jpeg 1536w, https:\/\/l21.mx\/wp-content\/uploads\/2024\/03\/WhatsApp-Image-2024-03-07-at-3.22.56-PM-1-1200x900.jpeg 1200w, https:\/\/l21.mx\/wp-content\/uploads\/2024\/03\/WhatsApp-Image-2024-03-07-at-3.22.56-PM-1-1170x878.jpeg 1170w, https:\/\/l21.mx\/wp-content\/uploads\/2024\/03\/WhatsApp-Image-2024-03-07-at-3.22.56-PM-1-585x439.jpeg 585w, https:\/\/l21.mx\/wp-content\/uploads\/2024\/03\/WhatsApp-Image-2024-03-07-at-3.22.56-PM-1.jpeg 1600w\" sizes=\"(max-width: 300px) 100vw, 300px\" \/><\/a><\/p>\n<p>Tras realizar los selectivos municipales, que sirvieron como control interno, quedo definida la Selecci\u00f3n de Quintana Roo en la disciplina de b\u00e1dminton, la cual continuar\u00e1 con el proceso clasificatorio rumbo a los pr\u00f3ximos Nacionales CONADE 2024.<\/p>\n<p>El equipo quintanarroense esta conformado por nueve jugadores, ocho provenientes del municipio de Benito Ju\u00e1rez y por primera ocasi\u00f3n en la historia de este deporte en el estado, un chetumale\u00f1o forma parte del combinado estatal.<\/p>\n<p><a href=\"https:\/\/l21.mx\/wp-content\/uploads\/2024\/03\/WhatsApp-Image-2024-03-07-at-3.22.57-PM.jpeg\" data-rel=\"penci-gallery-image-content\" ><img decoding=\"async\" class=\"alignnone size-medium wp-image-70122\" src=\"https:\/\/l21.mx\/wp-content\/uploads\/2024\/03\/WhatsApp-Image-2024-03-07-at-3.22.57-PM-300x225.jpeg\" alt=\"\" width=\"300\" height=\"225\" srcset=\"https:\/\/l21.mx\/wp-content\/uploads\/2024\/03\/WhatsApp-Image-2024-03-07-at-3.22.57-PM-300x225.jpeg 300w, https:\/\/l21.mx\/wp-content\/uploads\/2024\/03\/WhatsApp-Image-2024-03-07-at-3.22.57-PM-1024x768.jpeg 1024w, https:\/\/l21.mx\/wp-content\/uploads\/2024\/03\/WhatsApp-Image-2024-03-07-at-3.22.57-PM-768x576.jpeg 768w, https:\/\/l21.mx\/wp-content\/uploads\/2024\/03\/WhatsApp-Image-2024-03-07-at-3.22.57-PM-1536x1152.jpeg 1536w, https:\/\/l21.mx\/wp-content\/uploads\/2024\/03\/WhatsApp-Image-2024-03-07-at-3.22.57-PM-1200x900.jpeg 1200w, https:\/\/l21.mx\/wp-content\/uploads\/2024\/03\/WhatsApp-Image-2024-03-07-at-3.22.57-PM-1170x878.jpeg 1170w, https:\/\/l21.mx\/wp-content\/uploads\/2024\/03\/WhatsApp-Image-2024-03-07-at-3.22.57-PM-585x439.jpeg 585w, https:\/\/l21.mx\/wp-content\/uploads\/2024\/03\/WhatsApp-Image-2024-03-07-at-3.22.57-PM.jpeg 1600w\" sizes=\"(max-width: 300px) 100vw, 300px\" \/><\/a><\/p>\n<p>Cabe resaltar que, para este a\u00f1o, esta disciplina contar\u00e1 con participaci\u00f3n de una categor\u00eda Infantil (Sub -13), ya que anteriormente solo participaban las divisiones Juveniles, que se dividen en Sub-15, Sub-17 y Sub-19.<\/p>\n<p>De acuerdo al calendario, el clasificatorio nacional se dividir\u00e1 en dos fechas, los primeros en entrar en acci\u00f3n ser\u00e1n los Mayores la Sub-17 y Sub-19 en Monterrey, Nuevo Le\u00f3n del 13 al 18 de marzo, aqu\u00ed el equipo quintanarroense contar\u00e1 con tres representantes, los hermanos Patricio e Isabel Meling y el joven Eric de la Garza.<\/p>\n<p>Posteriormente, del 3 al 8 de abril en Oaxtepec, Morelos, se realizar\u00e1 la eliminatoria para las divisiones Sub-13 y Sub-15, aqu\u00ed Quintana Roo estar\u00e1 representando por los cancunenses Josefina Zamora, Ivanna Beltr\u00e1n, Constanza Pardo, Alison \u00c1vila, Sebasti\u00e1n Hern\u00e1ndez y el chetumale\u00f1o Emiliano L\u00f3pez.<\/p>\n<p>El combinado estatal esta supervisado y guiado por los entrenadores Alejandro Orozco y Daniela Cruz.<\/p>\n","protected":false},"excerpt":{"rendered":"<p>&nbsp; &#8211; Luego de cumplir con su control interno, nueve jugadores conforman el equipo que representar\u00e1&hellip;<\/p>\n","protected":false},"author":100,"featured_media":70121,"comment_status":"closed","ping_status":"closed","sticky":false,"template":"","format":"standard","meta":{"_acf_changed":false,"_lmt_disableupdate":"","_lmt_disable":"","_mbp_gutenberg_autopost":false,"footnotes":""},"categories":[1689],"tags":[],"class_list":["post-70118","post","type-post","status-publish","format-standard","has-post-thumbnail","hentry","category-deporte-y-salud"],"acf":[],"_links":{"self":[{"href":"https:\/\/l21.mx\/index.php?rest_route=\/wp\/v2\/posts\/70118","targetHints":{"allow":["GET"]}}],"collection":[{"href":"https:\/\/l21.mx\/index.php?rest_route=\/wp\/v2\/posts"}],"about":[{"href":"https:\/\/l21.mx\/index.php?rest_route=\/wp\/v2\/types\/post"}],"author":[{"embeddable":true,"href":"https:\/\/l21.mx\/index.php?rest_route=\/wp\/v2\/users\/100"}],"replies":[{"embeddable":true,"href":"https:\/\/l21.mx\/index.php?rest_route=%2Fwp%2Fv2%2Fcomments&post=70118"}],"version-history":[{"count":0,"href":"https:\/\/l21.mx\/index.php?rest_route=\/wp\/v2\/posts\/70118\/revisions"}],"wp:featuredmedia":[{"embeddable":true,"href":"https:\/\/l21.mx\/index.php?rest_route=\/wp\/v2\/media\/70121"}],"wp:attachment":[{"href":"https:\/\/l21.mx\/index.php?rest_route=%2Fwp%2Fv2%2Fmedia&parent=70118"}],"wp:term":[{"taxonomy":"category","embeddable":true,"href":"https:\/\/l21.mx\/index.php?rest_route=%2Fwp%2Fv2%2Fcategories&post=70118"},{"taxonomy":"post_tag","embeddable":true,"href":"https:\/\/l21.mx\/index.php?rest_route=%2Fwp%2Fv2%2Ftags&post=70118"}],"curies":[{"name":"wp","href":"https:\/\/api.w.org\/{rel}","templated":true}]}}