{"id":70128,"date":"2024-03-07T22:40:46","date_gmt":"2024-03-08T03:40:46","guid":{"rendered":"https:\/\/l21.mx\/?p=70128"},"modified":"2024-03-07T22:40:46","modified_gmt":"2024-03-08T03:40:46","slug":"presenta-coalicion-pri-pan-candidato-para-presidencia-municipal-de-cancun","status":"publish","type":"post","link":"https:\/\/l21.mx\/?p=70128","title":{"rendered":"Presenta coalici\u00f3n PRI-PAN candidato para presidencia municipal de Canc\u00fan"},"content":{"rendered":"<p>&nbsp;<\/p>\n<p>*Jorge Rodr\u00edguez M\u00e9ndez es el candidato a alcalde y como suplente Amador Guti\u00e9rrez Guigui<\/p>\n<p><a href=\"https:\/\/l21.mx\/wp-content\/uploads\/2024\/03\/IMG-20240307-WA0070.jpg\" data-rel=\"penci-gallery-image-content\" ><img fetchpriority=\"high\" decoding=\"async\" class=\"alignnone size-medium wp-image-70130\" src=\"https:\/\/l21.mx\/wp-content\/uploads\/2024\/03\/IMG-20240307-WA0070-300x200.jpg\" alt=\"\" width=\"300\" height=\"200\" srcset=\"https:\/\/l21.mx\/wp-content\/uploads\/2024\/03\/IMG-20240307-WA0070-300x200.jpg 300w, https:\/\/l21.mx\/wp-content\/uploads\/2024\/03\/IMG-20240307-WA0070-768x512.jpg 768w, https:\/\/l21.mx\/wp-content\/uploads\/2024\/03\/IMG-20240307-WA0070-585x390.jpg 585w, https:\/\/l21.mx\/wp-content\/uploads\/2024\/03\/IMG-20240307-WA0070-263x175.jpg 263w, https:\/\/l21.mx\/wp-content\/uploads\/2024\/03\/IMG-20240307-WA0070.jpg 900w\" sizes=\"(max-width: 300px) 100vw, 300px\" \/><\/a><\/p>\n<p>CANC\u00daN, Quintana Roo, 7 de marzo de 2024.- La Coalici\u00f3n Fuerza y Coraz\u00f3n por Quintana Roo, que integran el PAN y el PRI, present\u00f3 esta tarde a la planilla por la presidencia municipal de Benito Ju\u00e1rez, que encabezar\u00e1 Jorge Rodr\u00edguez M\u00e9ndez, como propietario y Amador Guti\u00e9rrez Guigui, como suplente.<\/p>\n<p>Durante el evento, donde se cont\u00f3 con la presencia del dirigente municipal del PAN, Jorge Pat Miss; as\u00ed como de los candidatos al Senado por el PAN, Mayuli Mart\u00ednez, y los aspirantes a diputados federales Jos\u00e9 Luis Ross por el Distrito 3, y Marta Rodr\u00edguez por el Distrito 4, se dio a conocer la trayectoria y el respaldo de cada uno de los integrantes de la planilla.<\/p>\n<p><a href=\"https:\/\/l21.mx\/wp-content\/uploads\/2024\/03\/IMG-20240307-WA0069.jpg\" data-rel=\"penci-gallery-image-content\" ><img decoding=\"async\" class=\"alignnone size-medium wp-image-70131\" src=\"https:\/\/l21.mx\/wp-content\/uploads\/2024\/03\/IMG-20240307-WA0069-300x225.jpg\" alt=\"\" width=\"300\" height=\"225\" srcset=\"https:\/\/l21.mx\/wp-content\/uploads\/2024\/03\/IMG-20240307-WA0069-300x225.jpg 300w, https:\/\/l21.mx\/wp-content\/uploads\/2024\/03\/IMG-20240307-WA0069-1024x768.jpg 1024w, https:\/\/l21.mx\/wp-content\/uploads\/2024\/03\/IMG-20240307-WA0069-768x576.jpg 768w, https:\/\/l21.mx\/wp-content\/uploads\/2024\/03\/IMG-20240307-WA0069-1200x900.jpg 1200w, https:\/\/l21.mx\/wp-content\/uploads\/2024\/03\/IMG-20240307-WA0069-1170x878.jpg 1170w, https:\/\/l21.mx\/wp-content\/uploads\/2024\/03\/IMG-20240307-WA0069-585x439.jpg 585w, https:\/\/l21.mx\/wp-content\/uploads\/2024\/03\/IMG-20240307-WA0069.jpg 1280w\" sizes=\"(max-width: 300px) 100vw, 300px\" \/><\/a><\/p>\n<p>\u201cContamos con un equipo plural y con una trayectoria incorregible, quienes han trabajado durante muchos a\u00f1os por Canc\u00fan y ninguno de ellos tiene una mancha en su expediente, lo que nos da confianza y seguridad\u201d, expres\u00f3.<\/p>\n<p>A continuaci\u00f3n se dio a conocer la lista de quienes integran la planilla, misma que hoy fue registrada en los t\u00e9rminos que marca la ley por las dirigencias estatales del PRI y del PAN ante el Instituto Electoral de Quintana Roo en Chetumal.<\/p>\n<p>Jorge Rodr\u00edguez M\u00e9ndez, candidato propietario a Presidente Municipal; Florencio Amador Guti\u00e9rrez Guigui, suplente; S\u00edndico Municipal, Olga Esther Moo Tuz, propietario, Yajaira Te Cu, suplente.<\/p>\n<p>Primer Regidor, Carlos Enrique Avila Liz\u00e1rraga, propietario, Leydi Tuyub Castillo, suplente; Segundo Regidor Julia Isabel Fuentes Espinosa, propietario; Helmy Guadalupe Brito Moguel, suplente; Tercer Regidor Carlos Ignacio Mendez Peniagua, propietario; Jos\u00e9 Daniel Zald\u00e9var Saucedo, suplente.<\/p>\n<p>Cuarto Regidor, Genoveva Cetina Sansen, propietario; Eva Duran Garc\u00eda, suplente; Quinto Regidor, Patricio Mercado Alcal\u00e1, propietario; Jos\u00e9 Manuel Tamay, suplente; Sexto Regidor Erika Noemi Canche Ek, propietario; Maris Guadalupe Kinil Vargas, suplente; S\u00e9ptimo Regidor Patricia Guadalupe Z\u00fa\u00f1iga D\u00edaz, propietario; Laura Eugenia Perez Aguirre, suplente.<\/p>\n<p>Octavo Regidor Juan Antonio Tinoco Jacobo, propietario; Astrid Anzaldo Sotelo, suplente; y por \u00faltimo como Noveno Regidor Mar\u00eda Fernanda Osorio Marfil, propietario; Paola Landa Franco, suplente.<br \/>\n.<\/p>\n","protected":false},"excerpt":{"rendered":"<p>&nbsp; *Jorge Rodr\u00edguez M\u00e9ndez es el candidato a alcalde y como suplente Amador Guti\u00e9rrez Guigui CANC\u00daN,&hellip;<\/p>\n","protected":false},"author":100,"featured_media":70129,"comment_status":"closed","ping_status":"closed","sticky":false,"template":"","format":"standard","meta":{"_acf_changed":false,"_lmt_disableupdate":"","_lmt_disable":"","_mbp_gutenberg_autopost":false,"footnotes":""},"categories":[23,1656],"tags":[],"class_list":["post-70128","post","type-post","status-publish","format-standard","has-post-thumbnail","hentry","category-noticias","category-quintana-roo"],"acf":[],"_links":{"self":[{"href":"https:\/\/l21.mx\/index.php?rest_route=\/wp\/v2\/posts\/70128","targetHints":{"allow":["GET"]}}],"collection":[{"href":"https:\/\/l21.mx\/index.php?rest_route=\/wp\/v2\/posts"}],"about":[{"href":"https:\/\/l21.mx\/index.php?rest_route=\/wp\/v2\/types\/post"}],"author":[{"embeddable":true,"href":"https:\/\/l21.mx\/index.php?rest_route=\/wp\/v2\/users\/100"}],"replies":[{"embeddable":true,"href":"https:\/\/l21.mx\/index.php?rest_route=%2Fwp%2Fv2%2Fcomments&post=70128"}],"version-history":[{"count":0,"href":"https:\/\/l21.mx\/index.php?rest_route=\/wp\/v2\/posts\/70128\/revisions"}],"wp:featuredmedia":[{"embeddable":true,"href":"https:\/\/l21.mx\/index.php?rest_route=\/wp\/v2\/media\/70129"}],"wp:attachment":[{"href":"https:\/\/l21.mx\/index.php?rest_route=%2Fwp%2Fv2%2Fmedia&parent=70128"}],"wp:term":[{"taxonomy":"category","embeddable":true,"href":"https:\/\/l21.mx\/index.php?rest_route=%2Fwp%2Fv2%2Fcategories&post=70128"},{"taxonomy":"post_tag","embeddable":true,"href":"https:\/\/l21.mx\/index.php?rest_route=%2Fwp%2Fv2%2Ftags&post=70128"}],"curies":[{"name":"wp","href":"https:\/\/api.w.org\/{rel}","templated":true}]}}