{"id":70170,"date":"2024-03-09T13:02:40","date_gmt":"2024-03-09T18:02:40","guid":{"rendered":"https:\/\/l21.mx\/?p=70170"},"modified":"2024-03-09T13:02:40","modified_gmt":"2024-03-09T18:02:40","slug":"conmemoran-en-quintana-roo-el-dia-internacional-de-la-mujer","status":"publish","type":"post","link":"https:\/\/l21.mx\/?p=70170","title":{"rendered":"Conmemoran en Quintana Roo el D\u00eda Internacional de la Mujer"},"content":{"rendered":"<p>&nbsp;<\/p>\n<p>-La alpinista mexicana Viridiana \u00c1lvarez Ch\u00e1vez imparte conferencia magistral \u201cFuimos nosotras\u201d en la capital del estado<\/p>\n<p><a href=\"https:\/\/l21.mx\/wp-content\/uploads\/2024\/03\/WhatsApp-Image-2024-03-08-at-8.11.37-PM-1.jpeg\" data-rel=\"penci-gallery-image-content\" ><img fetchpriority=\"high\" decoding=\"async\" class=\"alignnone size-medium wp-image-70171\" src=\"https:\/\/l21.mx\/wp-content\/uploads\/2024\/03\/WhatsApp-Image-2024-03-08-at-8.11.37-PM-1-300x200.jpeg\" alt=\"\" width=\"300\" height=\"200\" srcset=\"https:\/\/l21.mx\/wp-content\/uploads\/2024\/03\/WhatsApp-Image-2024-03-08-at-8.11.37-PM-1-300x200.jpeg 300w, https:\/\/l21.mx\/wp-content\/uploads\/2024\/03\/WhatsApp-Image-2024-03-08-at-8.11.37-PM-1-1024x682.jpeg 1024w, https:\/\/l21.mx\/wp-content\/uploads\/2024\/03\/WhatsApp-Image-2024-03-08-at-8.11.37-PM-1-768x512.jpeg 768w, https:\/\/l21.mx\/wp-content\/uploads\/2024\/03\/WhatsApp-Image-2024-03-08-at-8.11.37-PM-1-1536x1023.jpeg 1536w, https:\/\/l21.mx\/wp-content\/uploads\/2024\/03\/WhatsApp-Image-2024-03-08-at-8.11.37-PM-1-1170x780.jpeg 1170w, https:\/\/l21.mx\/wp-content\/uploads\/2024\/03\/WhatsApp-Image-2024-03-08-at-8.11.37-PM-1-585x390.jpeg 585w, https:\/\/l21.mx\/wp-content\/uploads\/2024\/03\/WhatsApp-Image-2024-03-08-at-8.11.37-PM-1-263x175.jpeg 263w, https:\/\/l21.mx\/wp-content\/uploads\/2024\/03\/WhatsApp-Image-2024-03-08-at-8.11.37-PM-1.jpeg 1600w\" sizes=\"(max-width: 300px) 100vw, 300px\" \/><\/a><\/p>\n<p>Chetumal.- En el marco de la conmemoraci\u00f3n del D\u00eda Internacional de la Mujer, la alpinista, conferencista y empresaria, Viridiana \u00c1lvarez Ch\u00e1vez, imparti\u00f3 la conferencia magistral \u201cFuimos Nosotras\u201d, en el teatro Constituyentes del \u00b474 de la ciudad de Chetumal.<\/p>\n<p>En tan solo 8 a\u00f1os en el monta\u00f1ismo, Viridiana \u00c1lvarez es la primera mujer del Continente Americano en subir las 14 monta\u00f1as m\u00e1s altas del mundo, arriba de ocho mil metros; primera latinoamericana en subir el K2, la segunda monta\u00f1a m\u00e1s alta del mundo y una de las m\u00e1s peligrosas.<\/p>\n<p>Tiene el Guinness World R\u00e9cord por el ascenso m\u00e1s r\u00e1pido de las tres monta\u00f1as m\u00e1s altas del mundo utilizando ox\u00edgeno suplementario; el t\u00edtulo del r\u00e9cord \u201cFastest ascent of the top three highest mountains with supplementary oxygen \u2013 Female\u201d.<\/p>\n<p>Adem\u00e1s, fue elegida para ser parte del \u201cSal\u00f3n de la Fama\u201d del libro Guiness World Records en 2022 convirti\u00e9ndose en la primera mexicana en pertenecer a tan selecto grupo de personas. La Revista Qui\u00e9n seleccion\u00f3 a Viridiana para ser parte de las \u201c50 personas que transforman M\u00e9xico\u201d, en noviembre 2021.<\/p>\n<p>Es Premio M\u00e9rito EXATEC 2021 y el 11 de agosto del 2020 Guiness World Records GWR le reconoci\u00f3 a Viridiana el r\u00e9cord del ascenso m\u00e1s r\u00e1pido de las tres monta\u00f1as m\u00e1s altas del mundo (Everest, K2 y Kanchenjunga) utilizando ox\u00edgeno suplementario (mujer).<\/p>\n<p>La alpinista mexicana, nacida en Aguascalientes, comparti\u00f3 sus experiencias con el tema \u201cFuimos nosotras\u201d al p\u00fablico quintanarroense reunido en el teatro Constituyentes del \u00b474, entre las que estuvo la gobernadora Mara Lezama Espinosa, junto con Adela Tadeo Manzanares, enfermera especialista y docente; Addy Flor Mateo Choc, mujer artesana de Felipe Carrillo Puerto; Goreti del Carmen Sosa Gamboa, atleta de alto rendimiento de paranataci\u00f3n.<\/p>\n<p>Entre otras personas, escucharon la conferencia la presidenta honoraria del Sistema DIF Quintana Roo, Ver\u00f3nica Lezama Espinosa; Yasibi May Azueta, polic\u00eda primera de la Academia de Polic\u00eda de la Secretar\u00eda de Seguridad Ciudadana; Maribel Sotelo Ju\u00e1rez, capit\u00e1n de corbeta; Claudia Ram\u00edrez Becerra, param\u00e9dico de bomberos; Soledad Montejo Sosa, bombera; Janeth P\u00e9rez L\u00f3pez, guardia nacional; Mar\u00eda Jos\u00e9 Mezquita Mel\u00e9ndez, l\u00edder de giras del DIF; Berta Georgina Tavera Rosales, de la red Mujeres constructoras de paz de Bacalar.<\/p>\n<p>Estuvieron presentes tambi\u00e9n miembros de la sociedad, civil, organizaciones, escuelas, presidentas municipales y presidentas de los DIF municipales.<\/p>\n<p>Previamente, se realiz\u00f3 un encuentro con ni\u00f1as y j\u00f3venes de grupos vulnerables, en donde estuvo presente la gobernadora de Quintana Roo.<\/p>\n","protected":false},"excerpt":{"rendered":"<p>&nbsp; -La alpinista mexicana Viridiana \u00c1lvarez Ch\u00e1vez imparte conferencia magistral \u201cFuimos nosotras\u201d en la capital del&hellip;<\/p>\n","protected":false},"author":100,"featured_media":70172,"comment_status":"closed","ping_status":"closed","sticky":false,"template":"","format":"standard","meta":{"_acf_changed":false,"_lmt_disableupdate":"","_lmt_disable":"","_mbp_gutenberg_autopost":false,"footnotes":""},"categories":[23,1656],"tags":[],"class_list":["post-70170","post","type-post","status-publish","format-standard","has-post-thumbnail","hentry","category-noticias","category-quintana-roo"],"acf":[],"yoast_head":"<!-- This site is optimized with the Yoast SEO plugin v27.5 - https:\/\/yoast.com\/product\/yoast-seo-wordpress\/ -->\n<title>Conmemoran en Quintana Roo el D\u00eda Internacional de la Mujer | Revista Latitud 21<\/title>\n<meta name=\"description\" content=\"L21, Emprendedores y Negocios en el Caribe Mexicano, es la revista l\u00edder entre el Sector Empresarial y Tur\u00edstico del Caribe Mexicano.\" \/>\n<meta name=\"robots\" content=\"index, follow, max-snippet:-1, max-image-preview:large, max-video-preview:-1\" \/>\n<link rel=\"canonical\" href=\"https:\/\/l21.mx\/?p=70170\" \/>\n<meta name=\"twitter:card\" content=\"summary_large_image\" \/>\n<meta name=\"twitter:title\" content=\"Conmemoran en Quintana Roo el D\u00eda Internacional de la Mujer | Revista Latitud 21\" \/>\n<meta name=\"twitter:description\" content=\"L21, Emprendedores y Negocios en el Caribe Mexicano, es la revista l\u00edder entre el Sector Empresarial y Tur\u00edstico del Caribe Mexicano.\" \/>\n<meta name=\"twitter:image\" content=\"https:\/\/l21.mx\/wp-content\/uploads\/2024\/03\/WhatsApp-Image-2024-03-08-at-8.11.37-PM.jpeg\" \/>\n<meta name=\"twitter:creator\" content=\"@Latitud21mx\" \/>\n<meta name=\"twitter:site\" content=\"@Latitud21mx\" \/>\n<meta name=\"twitter:label1\" content=\"Escrito por\" \/>\n\t<meta name=\"twitter:data1\" content=\"NellyG\" \/>\n\t<meta name=\"twitter:label2\" content=\"Tiempo de lectura\" \/>\n\t<meta name=\"twitter:data2\" content=\"3 minutos\" \/>\n<script type=\"application\/ld+json\" class=\"yoast-schema-graph\">{\"@context\":\"https:\\\/\\\/schema.org\",\"@graph\":[{\"@type\":\"Article\",\"@id\":\"https:\\\/\\\/l21.mx\\\/?p=70170#article\",\"isPartOf\":{\"@id\":\"https:\\\/\\\/l21.mx\\\/?p=70170\"},\"author\":{\"name\":\"NellyG\",\"@id\":\"https:\\\/\\\/l21.mx\\\/#\\\/schema\\\/person\\\/cca68595b80b2f6c4c55a8b254bfbb2a\"},\"headline\":\"Conmemoran en Quintana Roo el D\u00eda Internacional de la Mujer\",\"datePublished\":\"2024-03-09T18:02:40+00:00\",\"mainEntityOfPage\":{\"@id\":\"https:\\\/\\\/l21.mx\\\/?p=70170\"},\"wordCount\":463,\"publisher\":{\"@id\":\"https:\\\/\\\/l21.mx\\\/#organization\"},\"image\":{\"@id\":\"https:\\\/\\\/l21.mx\\\/?p=70170#primaryimage\"},\"thumbnailUrl\":\"https:\\\/\\\/l21.mx\\\/wp-content\\\/uploads\\\/2024\\\/03\\\/WhatsApp-Image-2024-03-08-at-8.11.37-PM.jpeg\",\"articleSection\":[\"Noticias\",\"Quintana Roo\"],\"inLanguage\":\"es\"},{\"@type\":\"WebPage\",\"@id\":\"https:\\\/\\\/l21.mx\\\/?p=70170\",\"url\":\"https:\\\/\\\/l21.mx\\\/?p=70170\",\"name\":\"Conmemoran en Quintana Roo el D\u00eda Internacional de la Mujer | Revista Latitud 21\",\"isPartOf\":{\"@id\":\"https:\\\/\\\/l21.mx\\\/#website\"},\"primaryImageOfPage\":{\"@id\":\"https:\\\/\\\/l21.mx\\\/?p=70170#primaryimage\"},\"image\":{\"@id\":\"https:\\\/\\\/l21.mx\\\/?p=70170#primaryimage\"},\"thumbnailUrl\":\"https:\\\/\\\/l21.mx\\\/wp-content\\\/uploads\\\/2024\\\/03\\\/WhatsApp-Image-2024-03-08-at-8.11.37-PM.jpeg\",\"datePublished\":\"2024-03-09T18:02:40+00:00\",\"description\":\"L21, Emprendedores y Negocios en el Caribe Mexicano, es la revista l\u00edder entre el Sector Empresarial y Tur\u00edstico del Caribe Mexicano.\",\"breadcrumb\":{\"@id\":\"https:\\\/\\\/l21.mx\\\/?p=70170#breadcrumb\"},\"inLanguage\":\"es\",\"potentialAction\":[{\"@type\":\"ReadAction\",\"target\":[\"https:\\\/\\\/l21.mx\\\/?p=70170\"]}]},{\"@type\":\"ImageObject\",\"inLanguage\":\"es\",\"@id\":\"https:\\\/\\\/l21.mx\\\/?p=70170#primaryimage\",\"url\":\"https:\\\/\\\/l21.mx\\\/wp-content\\\/uploads\\\/2024\\\/03\\\/WhatsApp-Image-2024-03-08-at-8.11.37-PM.jpeg\",\"contentUrl\":\"https:\\\/\\\/l21.mx\\\/wp-content\\\/uploads\\\/2024\\\/03\\\/WhatsApp-Image-2024-03-08-at-8.11.37-PM.jpeg\",\"width\":1600,\"height\":1066},{\"@type\":\"BreadcrumbList\",\"@id\":\"https:\\\/\\\/l21.mx\\\/?p=70170#breadcrumb\",\"itemListElement\":[{\"@type\":\"ListItem\",\"position\":1,\"name\":\"Portada\",\"item\":\"https:\\\/\\\/l21.mx\\\/\"},{\"@type\":\"ListItem\",\"position\":2,\"name\":\"Conmemoran en Quintana Roo el D\u00eda Internacional de la Mujer\"}]},{\"@type\":\"WebSite\",\"@id\":\"https:\\\/\\\/l21.mx\\\/#website\",\"url\":\"https:\\\/\\\/l21.mx\\\/\",\"name\":\"Revista Latitud 21\",\"description\":\"Emprendedores  y negocios en el Caribe Mexicano\",\"publisher\":{\"@id\":\"https:\\\/\\\/l21.mx\\\/#organization\"},\"potentialAction\":[{\"@type\":\"SearchAction\",\"target\":{\"@type\":\"EntryPoint\",\"urlTemplate\":\"https:\\\/\\\/l21.mx\\\/?s={search_term_string}\"},\"query-input\":{\"@type\":\"PropertyValueSpecification\",\"valueRequired\":true,\"valueName\":\"search_term_string\"}}],\"inLanguage\":\"es\"},{\"@type\":\"Organization\",\"@id\":\"https:\\\/\\\/l21.mx\\\/#organization\",\"name\":\"Grupo Editorial Latitud 21 SA de CV\",\"url\":\"https:\\\/\\\/l21.mx\\\/\",\"logo\":{\"@type\":\"ImageObject\",\"inLanguage\":\"es\",\"@id\":\"https:\\\/\\\/l21.mx\\\/#\\\/schema\\\/logo\\\/image\\\/\",\"url\":\"https:\\\/\\\/l21.mx\\\/wp-content\\\/uploads\\\/2020\\\/10\\\/logo-l21-baja.jpg\",\"contentUrl\":\"https:\\\/\\\/l21.mx\\\/wp-content\\\/uploads\\\/2020\\\/10\\\/logo-l21-baja.jpg\",\"width\":250,\"height\":250,\"caption\":\"Grupo Editorial Latitud 21 SA de CV\"},\"image\":{\"@id\":\"https:\\\/\\\/l21.mx\\\/#\\\/schema\\\/logo\\\/image\\\/\"},\"sameAs\":[\"https:\\\/\\\/www.facebook.com\\\/RevistaLatitud21\\\/\",\"https:\\\/\\\/x.com\\\/Latitud21mx\"]},{\"@type\":\"Person\",\"@id\":\"https:\\\/\\\/l21.mx\\\/#\\\/schema\\\/person\\\/cca68595b80b2f6c4c55a8b254bfbb2a\",\"name\":\"NellyG\",\"url\":\"https:\\\/\\\/l21.mx\\\/?author=100\"}]}<\/script>\n<!-- \/ Yoast SEO plugin. -->","yoast_head_json":{"title":"Conmemoran en Quintana Roo el D\u00eda Internacional de la Mujer | Revista Latitud 21","description":"L21, Emprendedores y Negocios en el Caribe Mexicano, es la revista l\u00edder entre el Sector Empresarial y Tur\u00edstico del Caribe Mexicano.","robots":{"index":"index","follow":"follow","max-snippet":"max-snippet:-1","max-image-preview":"max-image-preview:large","max-video-preview":"max-video-preview:-1"},"canonical":"https:\/\/l21.mx\/?p=70170","twitter_card":"summary_large_image","twitter_title":"Conmemoran en Quintana Roo el D\u00eda Internacional de la Mujer | Revista Latitud 21","twitter_description":"L21, Emprendedores y Negocios en el Caribe Mexicano, es la revista l\u00edder entre el Sector Empresarial y Tur\u00edstico del Caribe Mexicano.","twitter_image":"https:\/\/l21.mx\/wp-content\/uploads\/2024\/03\/WhatsApp-Image-2024-03-08-at-8.11.37-PM.jpeg","twitter_creator":"@Latitud21mx","twitter_site":"@Latitud21mx","twitter_misc":{"Escrito por":"NellyG","Tiempo de lectura":"3 minutos"},"schema":{"@context":"https:\/\/schema.org","@graph":[{"@type":"Article","@id":"https:\/\/l21.mx\/?p=70170#article","isPartOf":{"@id":"https:\/\/l21.mx\/?p=70170"},"author":{"name":"NellyG","@id":"https:\/\/l21.mx\/#\/schema\/person\/cca68595b80b2f6c4c55a8b254bfbb2a"},"headline":"Conmemoran en Quintana Roo el D\u00eda Internacional de la Mujer","datePublished":"2024-03-09T18:02:40+00:00","mainEntityOfPage":{"@id":"https:\/\/l21.mx\/?p=70170"},"wordCount":463,"publisher":{"@id":"https:\/\/l21.mx\/#organization"},"image":{"@id":"https:\/\/l21.mx\/?p=70170#primaryimage"},"thumbnailUrl":"https:\/\/l21.mx\/wp-content\/uploads\/2024\/03\/WhatsApp-Image-2024-03-08-at-8.11.37-PM.jpeg","articleSection":["Noticias","Quintana Roo"],"inLanguage":"es"},{"@type":"WebPage","@id":"https:\/\/l21.mx\/?p=70170","url":"https:\/\/l21.mx\/?p=70170","name":"Conmemoran en Quintana Roo el D\u00eda Internacional de la Mujer | Revista Latitud 21","isPartOf":{"@id":"https:\/\/l21.mx\/#website"},"primaryImageOfPage":{"@id":"https:\/\/l21.mx\/?p=70170#primaryimage"},"image":{"@id":"https:\/\/l21.mx\/?p=70170#primaryimage"},"thumbnailUrl":"https:\/\/l21.mx\/wp-content\/uploads\/2024\/03\/WhatsApp-Image-2024-03-08-at-8.11.37-PM.jpeg","datePublished":"2024-03-09T18:02:40+00:00","description":"L21, Emprendedores y Negocios en el Caribe Mexicano, es la revista l\u00edder entre el Sector Empresarial y Tur\u00edstico del Caribe Mexicano.","breadcrumb":{"@id":"https:\/\/l21.mx\/?p=70170#breadcrumb"},"inLanguage":"es","potentialAction":[{"@type":"ReadAction","target":["https:\/\/l21.mx\/?p=70170"]}]},{"@type":"ImageObject","inLanguage":"es","@id":"https:\/\/l21.mx\/?p=70170#primaryimage","url":"https:\/\/l21.mx\/wp-content\/uploads\/2024\/03\/WhatsApp-Image-2024-03-08-at-8.11.37-PM.jpeg","contentUrl":"https:\/\/l21.mx\/wp-content\/uploads\/2024\/03\/WhatsApp-Image-2024-03-08-at-8.11.37-PM.jpeg","width":1600,"height":1066},{"@type":"BreadcrumbList","@id":"https:\/\/l21.mx\/?p=70170#breadcrumb","itemListElement":[{"@type":"ListItem","position":1,"name":"Portada","item":"https:\/\/l21.mx\/"},{"@type":"ListItem","position":2,"name":"Conmemoran en Quintana Roo el D\u00eda Internacional de la Mujer"}]},{"@type":"WebSite","@id":"https:\/\/l21.mx\/#website","url":"https:\/\/l21.mx\/","name":"Revista Latitud 21","description":"Emprendedores  y negocios en el Caribe Mexicano","publisher":{"@id":"https:\/\/l21.mx\/#organization"},"potentialAction":[{"@type":"SearchAction","target":{"@type":"EntryPoint","urlTemplate":"https:\/\/l21.mx\/?s={search_term_string}"},"query-input":{"@type":"PropertyValueSpecification","valueRequired":true,"valueName":"search_term_string"}}],"inLanguage":"es"},{"@type":"Organization","@id":"https:\/\/l21.mx\/#organization","name":"Grupo Editorial Latitud 21 SA de CV","url":"https:\/\/l21.mx\/","logo":{"@type":"ImageObject","inLanguage":"es","@id":"https:\/\/l21.mx\/#\/schema\/logo\/image\/","url":"https:\/\/l21.mx\/wp-content\/uploads\/2020\/10\/logo-l21-baja.jpg","contentUrl":"https:\/\/l21.mx\/wp-content\/uploads\/2020\/10\/logo-l21-baja.jpg","width":250,"height":250,"caption":"Grupo Editorial Latitud 21 SA de CV"},"image":{"@id":"https:\/\/l21.mx\/#\/schema\/logo\/image\/"},"sameAs":["https:\/\/www.facebook.com\/RevistaLatitud21\/","https:\/\/x.com\/Latitud21mx"]},{"@type":"Person","@id":"https:\/\/l21.mx\/#\/schema\/person\/cca68595b80b2f6c4c55a8b254bfbb2a","name":"NellyG","url":"https:\/\/l21.mx\/?author=100"}]}},"amp_enabled":true,"_links":{"self":[{"href":"https:\/\/l21.mx\/index.php?rest_route=\/wp\/v2\/posts\/70170","targetHints":{"allow":["GET"]}}],"collection":[{"href":"https:\/\/l21.mx\/index.php?rest_route=\/wp\/v2\/posts"}],"about":[{"href":"https:\/\/l21.mx\/index.php?rest_route=\/wp\/v2\/types\/post"}],"author":[{"embeddable":true,"href":"https:\/\/l21.mx\/index.php?rest_route=\/wp\/v2\/users\/100"}],"replies":[{"embeddable":true,"href":"https:\/\/l21.mx\/index.php?rest_route=%2Fwp%2Fv2%2Fcomments&post=70170"}],"version-history":[{"count":1,"href":"https:\/\/l21.mx\/index.php?rest_route=\/wp\/v2\/posts\/70170\/revisions"}],"predecessor-version":[{"id":70175,"href":"https:\/\/l21.mx\/index.php?rest_route=\/wp\/v2\/posts\/70170\/revisions\/70175"}],"wp:featuredmedia":[{"embeddable":true,"href":"https:\/\/l21.mx\/index.php?rest_route=\/wp\/v2\/media\/70172"}],"wp:attachment":[{"href":"https:\/\/l21.mx\/index.php?rest_route=%2Fwp%2Fv2%2Fmedia&parent=70170"}],"wp:term":[{"taxonomy":"category","embeddable":true,"href":"https:\/\/l21.mx\/index.php?rest_route=%2Fwp%2Fv2%2Fcategories&post=70170"},{"taxonomy":"post_tag","embeddable":true,"href":"https:\/\/l21.mx\/index.php?rest_route=%2Fwp%2Fv2%2Ftags&post=70170"}],"curies":[{"name":"wp","href":"https:\/\/api.w.org\/{rel}","templated":true}]}}