{"id":70177,"date":"2024-03-09T12:37:05","date_gmt":"2024-03-09T17:37:05","guid":{"rendered":"https:\/\/l21.mx\/?p=70177"},"modified":"2024-03-11T13:03:43","modified_gmt":"2024-03-11T18:03:43","slug":"el-pesista-victor-guemez-refuerza-su-preparacion-en-china-con-miras-al-ultimo-clasificatorio-preolimpico","status":"publish","type":"post","link":"https:\/\/l21.mx\/?p=70177","title":{"rendered":"El pesista V\u00edctor G\u00fc\u00e9mez refuerza su preparaci\u00f3n en China con miras al \u00faltimo Clasificatorio Preol\u00edmpico"},"content":{"rendered":"<p>&nbsp;<\/p>\n<p>-El atleta quintanarroense viaj\u00f3 junto con toda la Selecci\u00f3n Mexicana de Halterofilia para tomar parte de un campamento, que durar\u00e1 m\u00e1s de 20 d\u00edas<\/p>\n<p><a href=\"https:\/\/l21.mx\/wp-content\/uploads\/2024\/03\/WhatsApp-Image-2024-03-09-at-4.23.37-PM-scaled.jpeg\" data-rel=\"penci-gallery-image-content\" ><img fetchpriority=\"high\" decoding=\"async\" class=\"alignnone size-medium wp-image-70178\" src=\"https:\/\/l21.mx\/wp-content\/uploads\/2024\/03\/WhatsApp-Image-2024-03-09-at-4.23.37-PM-248x300.jpeg\" alt=\"\" width=\"248\" height=\"300\" srcset=\"https:\/\/l21.mx\/wp-content\/uploads\/2024\/03\/WhatsApp-Image-2024-03-09-at-4.23.37-PM-248x300.jpeg 248w, https:\/\/l21.mx\/wp-content\/uploads\/2024\/03\/WhatsApp-Image-2024-03-09-at-4.23.37-PM-845x1024.jpeg 845w, https:\/\/l21.mx\/wp-content\/uploads\/2024\/03\/WhatsApp-Image-2024-03-09-at-4.23.37-PM-768x931.jpeg 768w, https:\/\/l21.mx\/wp-content\/uploads\/2024\/03\/WhatsApp-Image-2024-03-09-at-4.23.37-PM-1267x1536.jpeg 1267w, https:\/\/l21.mx\/wp-content\/uploads\/2024\/03\/WhatsApp-Image-2024-03-09-at-4.23.37-PM-1690x2048.jpeg 1690w, https:\/\/l21.mx\/wp-content\/uploads\/2024\/03\/WhatsApp-Image-2024-03-09-at-4.23.37-PM-1920x2327.jpeg 1920w, https:\/\/l21.mx\/wp-content\/uploads\/2024\/03\/WhatsApp-Image-2024-03-09-at-4.23.37-PM-1170x1418.jpeg 1170w, https:\/\/l21.mx\/wp-content\/uploads\/2024\/03\/WhatsApp-Image-2024-03-09-at-4.23.37-PM-585x709.jpeg 585w\" sizes=\"(max-width: 248px) 100vw, 248px\" \/><\/a><\/p>\n<p>China.- Para reforzar su preparaci\u00f3n dentro del proceso rumbo a los Juegos Ol\u00edmpicos de Par\u00eds 2024, la Selecci\u00f3n Mexicana de Halterofilia, en la que forma parte el quintanarroense V\u00edctor Badur G\u00fc\u00e9mez Cel, viaj\u00f3 a China para realizar un campamento de m\u00e1s de 20 d\u00edas y posteriormente, competir en el IWF World Cup en Phuket, Tailandia, el cual ser\u00e1 el \u00faltimo Clasificatorio Preol\u00edmpico de esta disciplina.<\/p>\n<p>El atleta oriundo de Felipe Carrillo Puerto, quien aparece como el n\u00famero 15 lugar del ranking ol\u00edmpico en su categor\u00eda, no es el \u00fanico representante quintanarroense que hizo el viaje con el equipo mexicano, ya que lo acompa\u00f1\u00f3 el entrenador Jorge Rodr\u00edguez M\u00e9ndez, y juntos estar\u00e1n trabajando durante esta concentraci\u00f3n y buscando cerrar el boleto para Paris.<\/p>\n<p>De acuerdo a la agenda del selectivo nacional, las y los atletas, junto con sus entrenadores realizar\u00e1n una concentraci\u00f3n de m\u00e1s de 20 d\u00edas, esto con el objetivo de reforzar la preparaci\u00f3n de cada uno de los integrantes del equipo mexicano, que se encuentran aspirando y luchando por un lugar para los pr\u00f3ximos Juegos Ol\u00edmpicos.<\/p>\n<p>Una vez finalizado el campamento, V\u00edctor y el resto del equipo mexicano se trasladar\u00e1n a Phuket, Tailandia, donde tomar\u00e1n parte del IWF World Cup 2024, el cual es un evento clasificatorio preol\u00edmpico, programado del 31 de marzo al 11 de abril pr\u00f3ximos.<\/p>\n","protected":false},"excerpt":{"rendered":"<p>&nbsp; -El atleta quintanarroense viaj\u00f3 junto con toda la Selecci\u00f3n Mexicana de Halterofilia para tomar parte&hellip;<\/p>\n","protected":false},"author":100,"featured_media":70179,"comment_status":"closed","ping_status":"closed","sticky":false,"template":"","format":"standard","meta":{"_acf_changed":false,"_lmt_disableupdate":"","_lmt_disable":"","_mbp_gutenberg_autopost":false,"footnotes":""},"categories":[1689],"tags":[],"class_list":["post-70177","post","type-post","status-publish","format-standard","has-post-thumbnail","hentry","category-deporte-y-salud"],"acf":[],"_links":{"self":[{"href":"https:\/\/l21.mx\/index.php?rest_route=\/wp\/v2\/posts\/70177","targetHints":{"allow":["GET"]}}],"collection":[{"href":"https:\/\/l21.mx\/index.php?rest_route=\/wp\/v2\/posts"}],"about":[{"href":"https:\/\/l21.mx\/index.php?rest_route=\/wp\/v2\/types\/post"}],"author":[{"embeddable":true,"href":"https:\/\/l21.mx\/index.php?rest_route=\/wp\/v2\/users\/100"}],"replies":[{"embeddable":true,"href":"https:\/\/l21.mx\/index.php?rest_route=%2Fwp%2Fv2%2Fcomments&post=70177"}],"version-history":[{"count":0,"href":"https:\/\/l21.mx\/index.php?rest_route=\/wp\/v2\/posts\/70177\/revisions"}],"wp:featuredmedia":[{"embeddable":true,"href":"https:\/\/l21.mx\/index.php?rest_route=\/wp\/v2\/media\/70179"}],"wp:attachment":[{"href":"https:\/\/l21.mx\/index.php?rest_route=%2Fwp%2Fv2%2Fmedia&parent=70177"}],"wp:term":[{"taxonomy":"category","embeddable":true,"href":"https:\/\/l21.mx\/index.php?rest_route=%2Fwp%2Fv2%2Fcategories&post=70177"},{"taxonomy":"post_tag","embeddable":true,"href":"https:\/\/l21.mx\/index.php?rest_route=%2Fwp%2Fv2%2Ftags&post=70177"}],"curies":[{"name":"wp","href":"https:\/\/api.w.org\/{rel}","templated":true}]}}