{"id":70360,"date":"2024-03-16T19:57:44","date_gmt":"2024-03-17T00:57:44","guid":{"rendered":"https:\/\/l21.mx\/?p=70360"},"modified":"2024-03-16T19:57:44","modified_gmt":"2024-03-17T00:57:44","slug":"fallece-flor-ruiz-cosio-secretaria-del-trabajo-y-prevision-del-estado-de-quintana-roo","status":"publish","type":"post","link":"https:\/\/l21.mx\/?p=70360","title":{"rendered":"Fallece Flor Ruiz Cos\u00edo, secretaria del Trabajo y Previsi\u00f3n del Estado de Quintana Roo"},"content":{"rendered":"<p>El gobierno del Estado informa con profundo dolor, el fallecimiento de Flor Ruiz Cosio, Secretaria del Trabajo y Previsi\u00f3n del Estado de Quintana Ro<\/p>\n<p><a href=\"https:\/\/l21.mx\/wp-content\/uploads\/2024\/03\/IMG-20240316-WA0053.jpg\" data-rel=\"penci-gallery-image-content\" ><img fetchpriority=\"high\" decoding=\"async\" class=\"alignnone size-medium wp-image-70361\" src=\"https:\/\/l21.mx\/wp-content\/uploads\/2024\/03\/IMG-20240316-WA0053-300x200.jpg\" alt=\"\" width=\"300\" height=\"200\" srcset=\"https:\/\/l21.mx\/wp-content\/uploads\/2024\/03\/IMG-20240316-WA0053-300x200.jpg 300w, https:\/\/l21.mx\/wp-content\/uploads\/2024\/03\/IMG-20240316-WA0053-585x390.jpg 585w, https:\/\/l21.mx\/wp-content\/uploads\/2024\/03\/IMG-20240316-WA0053-263x175.jpg 263w, https:\/\/l21.mx\/wp-content\/uploads\/2024\/03\/IMG-20240316-WA0053.jpg 678w\" sizes=\"(max-width: 300px) 100vw, 300px\" \/><\/a><\/p>\n<p>El d\u00eda de hoy, lamentamos informar la partida de nuestra excepcional colaboradora, Flor Ruiz Cosio, Secretaria del Trabajo. Una servidora p\u00fablica entregada, talentosa y con un profundo amor a Quintana Roo. Una profesional con sentido humano que siempre lucho por el bienestar de las y los quintanarroenses. Hoy abrazamos a su familia con amor, paz, consuelo en este momento tan dif\u00edcil para todas y todos.<\/p>\n<p>&nbsp;<\/p>\n<p>La Secretaria del Trabajo, Flor Ruiz Cosio y catedr\u00e1tica de la Universidad An\u00e1huac, present\u00f3 un problema cardiaco y lamentablemente falleci\u00f3 el d\u00eda de hoy.<\/p>\n<p>&nbsp;<\/p>\n<p>Flor Ruiz Cosio, fue Maestra en Derecho empresarial y Ciencias Humanas, Catedr\u00e1tica y Directora de la Facultad de Derecho y Relaciones Internacionales de la Universidad An\u00e1huac, Directora General de Asuntos Jur\u00eddicos en el Ayuntamiento de Benito Ju\u00e1rez, desde entonces acompa\u00f1\u00f3 a la Gobernadora Mara Lezama en su sue\u00f1o de lograr un Quintana Roo m\u00e1s prospero y con Justicia social, fue Secretaria General del Municipio de Benito Ju\u00e1rez y posteriormente Secretaria del Trabajo y Previsi\u00f3n Social del Estado de Quintana Roo.<\/p>\n<p>&nbsp;<\/p>\n<p>Descanse en paz<\/p>\n","protected":false},"excerpt":{"rendered":"<p>El gobierno del Estado informa con profundo dolor, el fallecimiento de Flor Ruiz Cosio, Secretaria del&hellip;<\/p>\n","protected":false},"author":100,"featured_media":70362,"comment_status":"closed","ping_status":"closed","sticky":false,"template":"","format":"standard","meta":{"_acf_changed":false,"_lmt_disableupdate":"","_lmt_disable":"","_mbp_gutenberg_autopost":false,"footnotes":""},"categories":[1655,23,1656],"tags":[],"class_list":["post-70360","post","type-post","status-publish","format-standard","has-post-thumbnail","hentry","category-cancun","category-noticias","category-quintana-roo"],"acf":[],"_links":{"self":[{"href":"https:\/\/l21.mx\/index.php?rest_route=\/wp\/v2\/posts\/70360","targetHints":{"allow":["GET"]}}],"collection":[{"href":"https:\/\/l21.mx\/index.php?rest_route=\/wp\/v2\/posts"}],"about":[{"href":"https:\/\/l21.mx\/index.php?rest_route=\/wp\/v2\/types\/post"}],"author":[{"embeddable":true,"href":"https:\/\/l21.mx\/index.php?rest_route=\/wp\/v2\/users\/100"}],"replies":[{"embeddable":true,"href":"https:\/\/l21.mx\/index.php?rest_route=%2Fwp%2Fv2%2Fcomments&post=70360"}],"version-history":[{"count":0,"href":"https:\/\/l21.mx\/index.php?rest_route=\/wp\/v2\/posts\/70360\/revisions"}],"wp:featuredmedia":[{"embeddable":true,"href":"https:\/\/l21.mx\/index.php?rest_route=\/wp\/v2\/media\/70362"}],"wp:attachment":[{"href":"https:\/\/l21.mx\/index.php?rest_route=%2Fwp%2Fv2%2Fmedia&parent=70360"}],"wp:term":[{"taxonomy":"category","embeddable":true,"href":"https:\/\/l21.mx\/index.php?rest_route=%2Fwp%2Fv2%2Fcategories&post=70360"},{"taxonomy":"post_tag","embeddable":true,"href":"https:\/\/l21.mx\/index.php?rest_route=%2Fwp%2Fv2%2Ftags&post=70360"}],"curies":[{"name":"wp","href":"https:\/\/api.w.org\/{rel}","templated":true}]}}