{"id":70719,"date":"2024-04-01T07:39:05","date_gmt":"2024-04-01T12:39:05","guid":{"rendered":"https:\/\/l21.mx\/?p=70719"},"modified":"2024-03-30T12:44:36","modified_gmt":"2024-03-30T17:44:36","slug":"el-exito-es-de-los-que-perseveran","status":"publish","type":"post","link":"https:\/\/l21.mx\/?p=70719","title":{"rendered":"El \u00e9xito es de los que\u00a0perseveran"},"content":{"rendered":"<p>&nbsp;<\/p>\n<p><b>Con el respaldo de m\u00e1s de 30 a\u00f1os como empresario, Roberto Palazuelos tiene un profundo amor por Quintana Roo y lo demuestra apostando con nuevos negocios que generan empleos y promoviendo de manera permanente el turismo en el Caribe Mexicano<\/b><\/p>\n<p><a href=\"https:\/\/l21.mx\/?attachment_id=70721\" rel=\"attachment wp-att-70721\"><img fetchpriority=\"high\" decoding=\"async\" class=\"aligncenter size-full wp-image-70721\" src=\"https:\/\/l21.mx\/wp-content\/uploads\/2024\/03\/Enchanting-Oasis-Alaya-Tulum.jpg\" alt=\"\" width=\"1500\" height=\"844\" srcset=\"https:\/\/l21.mx\/wp-content\/uploads\/2024\/03\/Enchanting-Oasis-Alaya-Tulum.jpg 1500w, https:\/\/l21.mx\/wp-content\/uploads\/2024\/03\/Enchanting-Oasis-Alaya-Tulum-300x169.jpg 300w, https:\/\/l21.mx\/wp-content\/uploads\/2024\/03\/Enchanting-Oasis-Alaya-Tulum-1024x576.jpg 1024w, https:\/\/l21.mx\/wp-content\/uploads\/2024\/03\/Enchanting-Oasis-Alaya-Tulum-768x432.jpg 768w, https:\/\/l21.mx\/wp-content\/uploads\/2024\/03\/Enchanting-Oasis-Alaya-Tulum-1170x658.jpg 1170w, https:\/\/l21.mx\/wp-content\/uploads\/2024\/03\/Enchanting-Oasis-Alaya-Tulum-585x329.jpg 585w\" sizes=\"(max-width: 1500px) 100vw, 1500px\" \/><\/a><\/p>\n<p><b>S<\/b>u tenacidad, visi\u00f3n y los valores que recibi\u00f3 desde su ni\u00f1ez, son la base que sostiene a Roberto Palazuelos; un enamorado de Quintana Roo desde que lleg\u00f3 a esta entidad, aprovechando las oportunidades para su superaci\u00f3n, invirtiendo y generando empleos a trav\u00e9s de muchos negocios.<\/p>\n<p>Si bien es m\u00e1s conocido por su \u00e9xito con hoteles, de los cuales el Diamante K es el insignia, porque fue el primero y que le represent\u00f3 incursionar en la abogac\u00eda, porque tuvo que enfrentar un litigio importante con un expresidente de M\u00e9xico, del cual sali\u00f3 airoso. Con el tiempo fue creciendo, abriendo m\u00e1s centros de hospedaje y diversificando sus inversiones, abarcando gastronom\u00eda y moda; siempre, respaldado por su marca personal.<\/p>\n<p>Hoy por hoy, Roberto Palazuelos es sin\u00f3nimo de \u00e9xito, lujo y exclusividad, pero tambi\u00e9n es hablar de un pionero y un embajador de Tulum y de Quintana Roo, con las banderas del cuidado a la naturaleza, del lujo descalzo, de la sustentabilidad y la responsabilidad social.<\/p>\n<p>Consciente que la principal actividad econ\u00f3mica del Caribe Mexicano est\u00e1 en su riqueza natural, las playas, cenotes, manglares y su diversidad de especies, se\u00f1ala que \u201cla naturaleza es la gallina de los huevos de oro; cuidemos de ella\u201d.<\/p>\n<p>Con base en su experiencia como empresario, anhela seguir retribuyendo con trabajo y compromiso un poco de lo mucho que esta tierra y su gente le han dado.<\/p>\n<div data-sliderid=\"97762\" id=\"penci-post-gallery__97762\" class=\"penci-post-gallery-container masonry column-3\" data-height=\"150\" data-margin=\"3\"><div class=\"inner-gallery-masonry-container\"><div class=\"item-gallery-masonry\"><a class=\"penci-gallery-ite item-link-relative\" href=\"https:\/\/l21.mx\/wp-content\/uploads\/2024\/03\/Villa-Pescadores-2.jpg.jpg\"><div class=\"inner-item-masonry-gallery\"><span class=\"penci-isotope-padding\" style=\"padding-bottom:56.23931624%;\"><\/span><img decoding=\"async\" src=\"https:\/\/l21.mx\/wp-content\/uploads\/2024\/03\/Villa-Pescadores-2.jpg-585x329.jpg\" alt=\"\" title=\"Villa-Pescadores-2.jpg\"><\/div><\/a><\/div><div class=\"item-gallery-masonry\"><a class=\"penci-gallery-ite item-link-relative\" href=\"https:\/\/l21.mx\/wp-content\/uploads\/2024\/03\/suite-ocean-view-king-vp.jpg\"><div class=\"inner-item-masonry-gallery\"><span class=\"penci-isotope-padding\" style=\"padding-bottom:51.45299145%;\"><\/span><img decoding=\"async\" src=\"https:\/\/l21.mx\/wp-content\/uploads\/2024\/03\/suite-ocean-view-king-vp-585x301.jpg\" alt=\"\" title=\"suite-ocean-view-king-vp\"><\/div><\/a><\/div><div class=\"item-gallery-masonry\"><a class=\"penci-gallery-ite item-link-relative\" href=\"https:\/\/l21.mx\/wp-content\/uploads\/2024\/03\/ROUNDED-SIGNATURE-SUITE.jpg\"><div class=\"inner-item-masonry-gallery\"><span class=\"penci-isotope-padding\" style=\"padding-bottom:54.70085470%;\"><\/span><img decoding=\"async\" src=\"https:\/\/l21.mx\/wp-content\/uploads\/2024\/03\/ROUNDED-SIGNATURE-SUITE-585x320.jpg\" alt=\"\" title=\"ROUNDED-SIGNATURE-SUITE\"><\/div><\/a><\/div><div class=\"item-gallery-masonry\"><a class=\"penci-gallery-ite item-link-relative\" href=\"https:\/\/l21.mx\/wp-content\/uploads\/2024\/03\/personal-chef-provided-at-aldea-canzul-hotel-mexico.jpg.jpg\"><div class=\"inner-item-masonry-gallery\"><span class=\"penci-isotope-padding\" style=\"padding-bottom:74.87179487%;\"><\/span><img decoding=\"async\" src=\"https:\/\/l21.mx\/wp-content\/uploads\/2024\/03\/personal-chef-provided-at-aldea-canzul-hotel-mexico.jpg-585x438.jpg\" alt=\"\" title=\"personal-chef-provided-at-aldea-canzul-hotel-mexico.jpg\"><\/div><\/a><\/div><div class=\"item-gallery-masonry\"><a class=\"penci-gallery-ite item-link-relative\" href=\"https:\/\/l21.mx\/wp-content\/uploads\/2024\/03\/palazuelos-1.jpg\"><div class=\"inner-item-masonry-gallery\"><span class=\"penci-isotope-padding\" style=\"padding-bottom:128.88888889%;\"><\/span><img decoding=\"async\" src=\"https:\/\/l21.mx\/wp-content\/uploads\/2024\/03\/palazuelos-1-585x754.jpg\" alt=\"\" title=\"palazuelos\"><\/div><\/a><\/div><div class=\"item-gallery-masonry\"><a class=\"penci-gallery-ite item-link-relative\" href=\"https:\/\/l21.mx\/wp-content\/uploads\/2024\/03\/ocean-view-king-vp.jpg\"><div class=\"inner-item-masonry-gallery\"><span class=\"penci-isotope-padding\" style=\"padding-bottom:51.45299145%;\"><\/span><img decoding=\"async\" src=\"https:\/\/l21.mx\/wp-content\/uploads\/2024\/03\/ocean-view-king-vp-585x301.jpg\" alt=\"\" title=\"ocean-view-king-vp\"><\/div><\/a><\/div><div class=\"item-gallery-masonry\"><a class=\"penci-gallery-ite item-link-relative\" href=\"https:\/\/l21.mx\/wp-content\/uploads\/2024\/03\/ocean_front_suite.jpg\"><div class=\"inner-item-masonry-gallery\"><span class=\"penci-isotope-padding\" style=\"padding-bottom:54.70085470%;\"><\/span><img decoding=\"async\" src=\"https:\/\/l21.mx\/wp-content\/uploads\/2024\/03\/ocean_front_suite-585x320.jpg\" alt=\"\" title=\"ocean_front_suite\"><\/div><\/a><\/div><div class=\"item-gallery-masonry\"><a class=\"penci-gallery-ite item-link-relative\" href=\"https:\/\/l21.mx\/wp-content\/uploads\/2024\/03\/kanan-tulum-hotel-and-spa-mexico.jpg\"><div class=\"inner-item-masonry-gallery\"><span class=\"penci-isotope-padding\" style=\"padding-bottom:74.87179487%;\"><\/span><img decoding=\"async\" src=\"https:\/\/l21.mx\/wp-content\/uploads\/2024\/03\/kanan-tulum-hotel-and-spa-mexico-585x438.jpg\" alt=\"\" title=\"kanan-tulum-hotel-and-spa-mexico\"><\/div><\/a><\/div><div class=\"item-gallery-masonry\"><a class=\"penci-gallery-ite item-link-relative\" href=\"https:\/\/l21.mx\/wp-content\/uploads\/2024\/03\/Kanan-2-scaled.jpg.jpg\"><div class=\"inner-item-masonry-gallery\"><span class=\"penci-isotope-padding\" style=\"padding-bottom:56.23931624%;\"><\/span><img decoding=\"async\" src=\"https:\/\/l21.mx\/wp-content\/uploads\/2024\/03\/Kanan-2-scaled.jpg-585x329.jpg\" alt=\"\" title=\"Kanan-2-scaled.jpg\"><\/div><\/a><\/div><div class=\"item-gallery-masonry\"><a class=\"penci-gallery-ite item-link-relative\" href=\"https:\/\/l21.mx\/wp-content\/uploads\/2024\/03\/EPB7274-copia-scaled-1.jpg\"><div class=\"inner-item-masonry-gallery\"><span class=\"penci-isotope-padding\" style=\"padding-bottom:66.83760684%;\"><\/span><img decoding=\"async\" src=\"https:\/\/l21.mx\/wp-content\/uploads\/2024\/03\/EPB7274-copia-scaled-1-585x391.jpg\" alt=\"\" title=\"EPB7274-copia-scaled-1\"><\/div><\/a><\/div><div class=\"item-gallery-masonry\"><a class=\"penci-gallery-ite item-link-relative\" href=\"https:\/\/l21.mx\/wp-content\/uploads\/2024\/03\/Enchanting-Oasis-Alaya-Tulum-1.jpg\"><div class=\"inner-item-masonry-gallery\"><span class=\"penci-isotope-padding\" style=\"padding-bottom:56.23931624%;\"><\/span><img decoding=\"async\" src=\"https:\/\/l21.mx\/wp-content\/uploads\/2024\/03\/Enchanting-Oasis-Alaya-Tulum-1-585x329.jpg\" alt=\"\" title=\"Enchanting-Oasis-Alaya-Tulum\"><\/div><\/a><\/div><div class=\"item-gallery-masonry\"><a class=\"penci-gallery-ite item-link-relative\" href=\"https:\/\/l21.mx\/wp-content\/uploads\/2024\/03\/Casa-Ganesh-3.jpg.jpg\"><div class=\"inner-item-masonry-gallery\"><span class=\"penci-isotope-padding\" style=\"padding-bottom:56.23931624%;\"><\/span><img decoding=\"async\" src=\"https:\/\/l21.mx\/wp-content\/uploads\/2024\/03\/Casa-Ganesh-3.jpg-585x329.jpg\" alt=\"\" title=\"Casa-Ganesh-3.jpg\"><\/div><\/a><\/div><div class=\"item-gallery-masonry\"><a class=\"penci-gallery-ite item-link-relative\" href=\"https:\/\/l21.mx\/wp-content\/uploads\/2024\/03\/Captura-de-pantalla-2024-03-19-a-las-11.54.23\u202fa.m.jpg\"><div class=\"inner-item-masonry-gallery\"><span class=\"penci-isotope-padding\" style=\"padding-bottom:128.54700855%;\"><\/span><img decoding=\"async\" src=\"https:\/\/l21.mx\/wp-content\/uploads\/2024\/03\/Captura-de-pantalla-2024-03-19-a-las-11.54.23\u202fa.m-585x752.jpg\" alt=\"\" title=\"Captura-de-pantalla-2024-03-19-a-la(s)-11.54.23\u202fa.m.\"><\/div><\/a><\/div><div class=\"item-gallery-masonry\"><a class=\"penci-gallery-ite item-link-relative\" href=\"https:\/\/l21.mx\/wp-content\/uploads\/2024\/03\/Captura-de-pantalla-2024-03-19-a-las-11.54.15\u202fa.m.jpg\"><div class=\"inner-item-masonry-gallery\"><span class=\"penci-isotope-padding\" style=\"padding-bottom:125.64102564%;\"><\/span><img decoding=\"async\" src=\"https:\/\/l21.mx\/wp-content\/uploads\/2024\/03\/Captura-de-pantalla-2024-03-19-a-las-11.54.15\u202fa.m-585x735.jpg\" alt=\"\" title=\"Captura-de-pantalla-2024-03-19-a-la(s)-11.54.15\u202fa.m.\"><\/div><\/a><\/div><div class=\"item-gallery-masonry\"><a class=\"penci-gallery-ite item-link-relative\" href=\"https:\/\/l21.mx\/wp-content\/uploads\/2024\/03\/Captura-de-pantalla-2024-03-19-a-las-11.53.38\u202fa.m.jpg\"><div class=\"inner-item-masonry-gallery\"><span class=\"penci-isotope-padding\" style=\"padding-bottom:125.64102564%;\"><\/span><img decoding=\"async\" src=\"https:\/\/l21.mx\/wp-content\/uploads\/2024\/03\/Captura-de-pantalla-2024-03-19-a-las-11.53.38\u202fa.m-585x735.jpg\" alt=\"\" title=\"Captura-de-pantalla-2024-03-19-a-la(s)-11.53.38\u202fa.m.\"><\/div><\/a><\/div><div class=\"item-gallery-masonry\"><a class=\"penci-gallery-ite item-link-relative\" href=\"https:\/\/l21.mx\/wp-content\/uploads\/2024\/03\/Captura-de-pantalla-2024-03-19-a-las-11.53.08\u202fa.m.jpg\"><div class=\"inner-item-masonry-gallery\"><span class=\"penci-isotope-padding\" style=\"padding-bottom:125.47008547%;\"><\/span><img decoding=\"async\" src=\"https:\/\/l21.mx\/wp-content\/uploads\/2024\/03\/Captura-de-pantalla-2024-03-19-a-las-11.53.08\u202fa.m-585x734.jpg\" alt=\"\" title=\"Captura-de-pantalla-2024-03-19-a-la(s)-11.53.08\u202fa.m.\"><\/div><\/a><\/div><div class=\"item-gallery-masonry\"><a class=\"penci-gallery-ite item-link-relative\" href=\"https:\/\/l21.mx\/wp-content\/uploads\/2024\/03\/Captura-de-pantalla-2024-03-19-a-las-11.52.51\u202fa.m.jpg\"><div class=\"inner-item-masonry-gallery\"><span class=\"penci-isotope-padding\" style=\"padding-bottom:101.70940171%;\"><\/span><img decoding=\"async\" src=\"https:\/\/l21.mx\/wp-content\/uploads\/2024\/03\/Captura-de-pantalla-2024-03-19-a-las-11.52.51\u202fa.m-585x595.jpg\" alt=\"\" title=\"Captura-de-pantalla-2024-03-19-a-la(s)-11.52.51\u202fa.m.\"><\/div><\/a><\/div><div class=\"item-gallery-masonry\"><a class=\"penci-gallery-ite item-link-relative\" href=\"https:\/\/l21.mx\/wp-content\/uploads\/2024\/03\/Captura-de-pantalla-2024-03-19-a-las-11.52.38\u202fa.m.jpg\"><div class=\"inner-item-masonry-gallery\"><span class=\"penci-isotope-padding\" style=\"padding-bottom:130.59829060%;\"><\/span><img decoding=\"async\" src=\"https:\/\/l21.mx\/wp-content\/uploads\/2024\/03\/Captura-de-pantalla-2024-03-19-a-las-11.52.38\u202fa.m-585x764.jpg\" alt=\"\" title=\"Captura-de-pantalla-2024-03-19-a-la(s)-11.52.38\u202fa.m.\"><\/div><\/a><\/div><div class=\"item-gallery-masonry\"><a class=\"penci-gallery-ite item-link-relative\" href=\"https:\/\/l21.mx\/wp-content\/uploads\/2024\/03\/aldea-canzul-room-list-casa-chakte-4-2x.jpg.jpg\"><div class=\"inner-item-masonry-gallery\"><span class=\"penci-isotope-padding\" style=\"padding-bottom:100.85470085%;\"><\/span><img decoding=\"async\" src=\"https:\/\/l21.mx\/wp-content\/uploads\/2024\/03\/aldea-canzul-room-list-casa-chakte-4-2x.jpg-585x590.jpg\" alt=\"\" title=\"aldea-canzul-room-list-casa-chakte-4-2x.jpg\"><\/div><\/a><\/div><div class=\"item-gallery-masonry\"><a class=\"penci-gallery-ite item-link-relative\" href=\"https:\/\/l21.mx\/wp-content\/uploads\/2024\/03\/aldea-canzul-home-slide-casa-chukum-3-2x.jpg.jpg\"><div class=\"inner-item-masonry-gallery\"><span class=\"penci-isotope-padding\" style=\"padding-bottom:100.85470085%;\"><\/span><img decoding=\"async\" src=\"https:\/\/l21.mx\/wp-content\/uploads\/2024\/03\/aldea-canzul-home-slide-casa-chukum-3-2x.jpg-585x590.jpg\" alt=\"\" title=\"aldea-canzul-home-slide-casa-chukum-3-2x.jpg\"><\/div><\/a><\/div><div class=\"item-gallery-masonry\"><a class=\"penci-gallery-ite item-link-relative\" href=\"https:\/\/l21.mx\/wp-content\/uploads\/2024\/03\/aldea-canzul-home-slide-casa-chukum-2-2x.jpg.jpg\"><div class=\"inner-item-masonry-gallery\"><span class=\"penci-isotope-padding\" style=\"padding-bottom:100.85470085%;\"><\/span><img decoding=\"async\" src=\"https:\/\/l21.mx\/wp-content\/uploads\/2024\/03\/aldea-canzul-home-slide-casa-chukum-2-2x.jpg-585x590.jpg\" alt=\"\" title=\"aldea-canzul-home-slide-casa-chukum-2-2x.jpg\"><\/div><\/a><\/div><div class=\"item-gallery-masonry\"><a class=\"penci-gallery-ite item-link-relative\" href=\"https:\/\/l21.mx\/wp-content\/uploads\/2024\/03\/aldea-canzul-home-slide-casa-chukum-1-2x.jpg.jpg\"><div class=\"inner-item-masonry-gallery\"><span class=\"penci-isotope-padding\" style=\"padding-bottom:100.85470085%;\"><\/span><img decoding=\"async\" src=\"https:\/\/l21.mx\/wp-content\/uploads\/2024\/03\/aldea-canzul-home-slide-casa-chukum-1-2x.jpg-585x590.jpg\" alt=\"\" title=\"aldea-canzul-home-slide-casa-chukum-1-2x.jpg\"><\/div><\/a><\/div><div class=\"item-gallery-masonry\"><a class=\"penci-gallery-ite item-link-relative\" href=\"https:\/\/l21.mx\/wp-content\/uploads\/2024\/03\/Aldea-Canzul-2.jpg.jpg\"><div class=\"inner-item-masonry-gallery\"><span class=\"penci-isotope-padding\" style=\"padding-bottom:56.23931624%;\"><\/span><img decoding=\"async\" src=\"https:\/\/l21.mx\/wp-content\/uploads\/2024\/03\/Aldea-Canzul-2.jpg-585x329.jpg\" alt=\"\" title=\"Aldea-Canzul-2.jpg\"><\/div><\/a><\/div><div class=\"item-gallery-masonry\"><a class=\"penci-gallery-ite item-link-relative\" href=\"https:\/\/l21.mx\/wp-content\/uploads\/2024\/03\/3-1-scaled-a-1024x532-1.jpg\"><div class=\"inner-item-masonry-gallery\"><span class=\"penci-isotope-padding\" style=\"padding-bottom:51.45299145%;\"><\/span><img decoding=\"async\" src=\"https:\/\/l21.mx\/wp-content\/uploads\/2024\/03\/3-1-scaled-a-1024x532-1-585x301.jpg\" alt=\"\" title=\"3-1-scaled-a-1024&#215;532-1\"><\/div><\/a><\/div><div class=\"item-gallery-masonry\"><a class=\"penci-gallery-ite item-link-relative\" href=\"https:\/\/l21.mx\/wp-content\/uploads\/2024\/03\/1.1-scaled-e1687979912403.jpg\"><div class=\"inner-item-masonry-gallery\"><span class=\"penci-isotope-padding\" style=\"padding-bottom:54.70085470%;\"><\/span><img decoding=\"async\" src=\"https:\/\/l21.mx\/wp-content\/uploads\/2024\/03\/1.1-scaled-e1687979912403-585x320.jpg\" alt=\"\" title=\"1.1-scaled-e1687979912403\"><\/div><\/a><\/div><div class=\"item-gallery-masonry\"><a class=\"penci-gallery-ite item-link-relative\" href=\"https:\/\/l21.mx\/wp-content\/uploads\/2024\/03\/1.1-scaled-e1687979912403-2.jpg\"><div class=\"inner-item-masonry-gallery\"><span class=\"penci-isotope-padding\" style=\"padding-bottom:54.70085470%;\"><\/span><img decoding=\"async\" src=\"https:\/\/l21.mx\/wp-content\/uploads\/2024\/03\/1.1-scaled-e1687979912403-2-585x320.jpg\" alt=\"\" title=\"1.1-scaled-e1687979912403-2\"><\/div><\/a><\/div><div class=\"item-gallery-masonry\"><a class=\"penci-gallery-ite item-link-relative\" href=\"https:\/\/l21.mx\/wp-content\/uploads\/2024\/03\/1-ROUNDED-TOWER-SUITE-GARDEN-VIEW.jpg\"><div class=\"inner-item-masonry-gallery\"><span class=\"penci-isotope-padding\" style=\"padding-bottom:54.70085470%;\"><\/span><img decoding=\"async\" src=\"https:\/\/l21.mx\/wp-content\/uploads\/2024\/03\/1-ROUNDED-TOWER-SUITE-GARDEN-VIEW-585x320.jpg\" alt=\"\" title=\"1-ROUNDED-TOWER-SUITE-GARDEN-VIEW\"><\/div><\/a><\/div><\/div><\/div>\n<p><b>Roberto, \u00bfCu\u00e1les son los ejes y valores que han cimentado tu \u00e9xito empresarial?<\/b><\/p>\n<p>Yo le debo mi \u00e9xito n\u00famero uno, a la perseverancia; siempre he dicho que los necios son los que llegan. Siempre cada cosa que he querido emprender en mi vida, he tenido ca\u00eddas y me vuelvo a levantar. Soy un hombre que se levanta y sigue adelante. Obviamente despu\u00e9s de eso vienen otros valores: estar preparado, ser honesto para que te vaya bien; si t\u00fa no tienes un dharma a favor en la vida nunca te va a poder ir bien, porque le debes al universo; en cambio, si te portas bien, pues te va bien.<\/p>\n<p><b>De tus 57 a\u00f1os de vida, m\u00e1s de la mitad los has vivido en Quintana Roo, \u00bfqu\u00e9 significa para ti el Caribe Mexicano y todo lo que te ha dado?<\/b><\/p>\n<p>Le tengo un amor impresionante a esta tierra; tengo una deuda muy grande con esta tierra, porque me ha dado much\u00edsimo. Hasta mi hijo naci\u00f3 aqu\u00ed y mis negocios han tenido un \u00e9xito impresionante desde el primer d\u00eda que llegu\u00e9 y abr\u00ed mi primer negocio, que no empec\u00e9 con la hoteler\u00eda, sino con casetas de larga distancia, fue un \u00e9xito impresionante. Es una tierra que me ha dado much\u00edsimo y estoy en deuda con ello.<span class=\"Apple-converted-space\">\u00a0<\/span><\/p>\n<p><a href=\"https:\/\/l21.mx\/?attachment_id=70723\" rel=\"attachment wp-att-70723\"><img decoding=\"async\" class=\"aligncenter size-full wp-image-70723\" src=\"https:\/\/l21.mx\/wp-content\/uploads\/2024\/03\/WhatsApp-Image-2024-03-27-at-11.02.02-1.jpg\" alt=\"\" width=\"1500\" height=\"1863\" srcset=\"https:\/\/l21.mx\/wp-content\/uploads\/2024\/03\/WhatsApp-Image-2024-03-27-at-11.02.02-1.jpg 1500w, https:\/\/l21.mx\/wp-content\/uploads\/2024\/03\/WhatsApp-Image-2024-03-27-at-11.02.02-1-242x300.jpg 242w, https:\/\/l21.mx\/wp-content\/uploads\/2024\/03\/WhatsApp-Image-2024-03-27-at-11.02.02-1-824x1024.jpg 824w, https:\/\/l21.mx\/wp-content\/uploads\/2024\/03\/WhatsApp-Image-2024-03-27-at-11.02.02-1-768x954.jpg 768w, https:\/\/l21.mx\/wp-content\/uploads\/2024\/03\/WhatsApp-Image-2024-03-27-at-11.02.02-1-1237x1536.jpg 1237w, https:\/\/l21.mx\/wp-content\/uploads\/2024\/03\/WhatsApp-Image-2024-03-27-at-11.02.02-1-1170x1453.jpg 1170w, https:\/\/l21.mx\/wp-content\/uploads\/2024\/03\/WhatsApp-Image-2024-03-27-at-11.02.02-1-585x727.jpg 585w\" sizes=\"(max-width: 1500px) 100vw, 1500px\" \/><\/a><\/p>\n<p><b>Y t\u00fa, \u00bfqu\u00e9 le has dado a la entidad? Particularmente a Tulum, \u00bfcu\u00e1les han sido tus aportaciones?<\/b><\/p>\n<p>De Tulum fui pionero, junto con otros empresarios empezamos el negocio de la hoteler\u00eda. Cuando yo llegu\u00e9 s\u00f3lo hab\u00eda dos, y yo fui de los terceros o cuartos que llegamos y cada a\u00f1o genero m\u00e1s empleo, cada a\u00f1o le doy mejor trato a los turistas, se van sorprendidos de mis lugares, promuevo mucho a Quintana Roo, creo que soy el promotor n\u00famero 1, hago m\u00e1s promoci\u00f3n que la propia Secretar\u00eda de Turismo; es una constante mi promoci\u00f3n, porque las promociones de los destinos tur\u00edsticos no deben ser llamarada de petate, deben ser una constante.<\/p>\n<p><b>H\u00e1blanos de los conceptos de tus centros de hospedaje que los hacen distintos y muy buscados.<\/b><\/p>\n<p>Ese es el \u00e9xito de Tulum, que no es igual a otros destinos, es un nicho, \u00fanico en el mercado. No compites con negocios de concreto, es un nicho que solamente lo encuentras en Tailandia o Bali y dem\u00e1s; entonces nosotros no s\u00f3lo hemos creado un destino, sino un nicho de mercado dentro de Quintana Roo; un nicho nuevo.<span class=\"Apple-converted-space\">\u00a0<\/span><\/p>\n<p><b>La conciencia ambiental y la responsabilidad <\/b><b>social son bander<\/b><b>as en tus negocios, \u00bfqu\u00e9 tanta importancia le das y qu\u00e9 acciones realizan?<span class=\"Apple-converted-space\">\u00a0<\/span><\/b><\/p>\n<p>Yo tengo un lema \u201cla naturaleza es la gallina de los huevos de oro, cuidemos de ella\u201d. Claro, es que la gente ahora, desde la pandemia, lo que quiere es mucho contacto con la naturaleza.<\/p>\n<p>Siempre he estado inmiscuido en la protecci\u00f3n de la flora y la fauna, la limpieza de los mares y la protecci\u00f3n de los arrecifes. Constantemente monitoreamos la salud de los corales, los estamos volviendo a sembrar; trabajo mucho con \u201cLos huracanes\u201d, que es una asociaci\u00f3n civil de la cual soy miembro y siempre estamos muy pendiente de todos estos temas.<\/p>\n<p>Nuestros hoteles son completamente ecol\u00f3gicos, tiene que ver mucho el manejo de los residuos, las plantas de tratamiento que no contaminen y muchas otras cosas para cuidar el medio ambiente.<\/p>\n<p><b>Sin duda, el hotel insignia es el Diaman<\/b><b>te K, con el que debutaste en este segmento tan competitivo, pero fue el primero que marc\u00f3 una carrera muy prol\u00edfica\u2026<span class=\"Apple-converted-space\">\u00a0<\/span><\/b><\/p>\n<p>El Diamante K le tengo mucho cari\u00f1o, no s\u00f3lo porque empec\u00e9 con \u00e9l, sino tambi\u00e9n porque libr\u00e9 una batalla jur\u00eddica muy fuerte, que fue por la que me volv\u00ed abogado, porque un presidente de M\u00e9xico, Felipe Calder\u00f3n, me lo quiso quitar y le gan\u00e9 todos los juicios. Litigamos con la Constituci\u00f3n en la mano, vengo de una familia de guerreros litigantes, somos bravos para litigar. Mi pap\u00e1, mi abuelo, mi bisabuelo, una dinast\u00eda de abogados, todos ellos muy fuertes.<\/p>\n<p><b>Para darnos una idea de la derrama que generas, \u00bfcu\u00e1ntos hoteles tienes en operaci\u00f3n?<\/b><\/p>\n<p>Tengo cuatro abiertos hoy: el Diamante K, el Alaya, el Ahau y el Ganesh. Y ahorita estoy abriendo otro, me estoy metiendo a un nuevo tipo de negocio, que es hoteles expr\u00e9s, en el centro, y ese s\u00ed es un hotel de concreto. Quiero abrir una cadena fuerte de esos.<span class=\"Apple-converted-space\">\u00a0<\/span><\/p>\n<p><a href=\"https:\/\/l21.mx\/?attachment_id=70722\" rel=\"attachment wp-att-70722\"><img decoding=\"async\" class=\"aligncenter size-full wp-image-70722\" src=\"https:\/\/l21.mx\/wp-content\/uploads\/2024\/03\/WhatsApp-Image-2024-03-27-at-11.02.02.jpg\" alt=\"\" width=\"1500\" height=\"1875\" srcset=\"https:\/\/l21.mx\/wp-content\/uploads\/2024\/03\/WhatsApp-Image-2024-03-27-at-11.02.02.jpg 1500w, https:\/\/l21.mx\/wp-content\/uploads\/2024\/03\/WhatsApp-Image-2024-03-27-at-11.02.02-240x300.jpg 240w, https:\/\/l21.mx\/wp-content\/uploads\/2024\/03\/WhatsApp-Image-2024-03-27-at-11.02.02-819x1024.jpg 819w, https:\/\/l21.mx\/wp-content\/uploads\/2024\/03\/WhatsApp-Image-2024-03-27-at-11.02.02-768x960.jpg 768w, https:\/\/l21.mx\/wp-content\/uploads\/2024\/03\/WhatsApp-Image-2024-03-27-at-11.02.02-1229x1536.jpg 1229w, https:\/\/l21.mx\/wp-content\/uploads\/2024\/03\/WhatsApp-Image-2024-03-27-at-11.02.02-1170x1463.jpg 1170w, https:\/\/l21.mx\/wp-content\/uploads\/2024\/03\/WhatsApp-Image-2024-03-27-at-11.02.02-585x731.jpg 585w\" sizes=\"(max-width: 1500px) 100vw, 1500px\" \/><\/a><\/p>\n<p><b>\u00bfCu\u00e1ntas habitaciones suman en total?<\/b><\/p>\n<p>Son aproximadamente 160 habitaciones.<\/p>\n<p><b>\u00bfCu\u00e1l es el porcentaje de ocupaci\u00f3n anual en promedio?<\/b><\/p>\n<p>Muy alta, un promedio de 92% anual; casi siempre tengo gente, porque son lugares donde hay muy buena comida y muy buen servicio, entonces la gente siempre regresa.<\/p>\n<p><b>Ser inquieto est\u00e1 en tu ADN; siempre diversificando, apostando, visionando, aprovechando oportunidades\u2026 Muchos te conocen como hotelero, pero tus negocios abarcan otros segmentos, plat\u00edcanos.<\/b><\/p>\n<p>Tengo lo de Papi Palazuelos Brand, que eso tambi\u00e9n me da mucho branding personal y tambi\u00e9n es buen negocito; no es un gran negocio como un hotel, pero es un negocito bueno; vendemos muy bien por l\u00ednea y tenemos la primera tienda en Tulum, que tambi\u00e9n queremos expandirnos.<\/p>\n<p><b>Y recientemente abriste las puer<\/b><b>tas <\/b><b>de Tacos Papi, tu nueva aventura gas<\/b><b>tron\u00f3mica\u2026.<\/b><\/p>\n<p>Siempre estoy abriendo negocios y ahorita voy con la cadena del Dandy, pero tambi\u00e9n estoy fraguando ya una cadena nueva de taquer\u00edas, Tacos Papi, con m\u00fasica tradicional mexicana, la primera que abrimos es un \u00e9xito impresionante en Tulum.<\/p>\n<p><b>En total, \u00bfcu\u00e1ntos empleos ge<\/b><b>neras en tus empresas?<\/b><\/p>\n<p>En los dos turnos de todos los negocios suman entre 500 y 600 personas.<\/p>\n<p><b>Escribiste un libro, \u201cAlquimia para el \u00e9xito\u201d\u2026 h\u00e1blanos de las ideas centrales.<\/b><\/p>\n<p>Es un libro que es como una gu\u00eda de lo que debes hacer para tener \u00e9xito; las cosas con las que te tienes que prevenir, el tipo de profesionistas de los que te tienes que arropar y las reglas que tienes que seguir. Son pasos para emprender, para que no te roben el negocio, para que no te quiten la idea, para que te vaya muy bien.<\/p>\n<p><b>Como empresario, \u00bfqu\u00e9 retos ves para Tulum y para el estado; los desaf\u00edos que han venido a la par del \u00e9xito tur\u00edstico.<\/b><\/p>\n<p>El reto mayor que tiene Quintana Roo, definitivamente es la seguridad; y es un asunto que no se puede arreglar as\u00ed nom\u00e1s; no basta tener buena fe. Lo que hay que hacer es reformar el nuevo Sistema Penal Acusatorio, hay que meterle una reforma a todas sus fases procesales porque es muy garantista, y no est\u00e1 sacando a los generadores de violencia de las calles, los est\u00e1 regresando r\u00e1pidamente.<\/p>\n<p>Tambi\u00e9n hay otro tema que le duele much\u00edsimo a la gente, y que a m\u00ed como ecologista me duele mucho tambi\u00e9n. Por ejemplo, esta situaci\u00f3n de la seguridad nacional, t\u00fa sabes que cuando empezaron a pilotear todos los cenotes hubo suspensiones de jueces federales debido a que las autoridades hab\u00edan omitido hacer las MIA, las Manifestaciones de Impacto Ambiental, que se deben presentar antes para ver c\u00f3mo vas a afectar (y a subsanar esos da\u00f1os), entonces con las suspensiones se pararon las obras, pero al grito de la seguridad nacional pisotearon las suspensiones de los jueces, porque la dejaron muy ambigua a la hora de crearla en la Constituci\u00f3n; entonces hay que meterse a revisarla para que ning\u00fan titular del Ejecutivo o ninguna otra persona vuelva a pisotear la naturaleza al grito de una seguridad nacional falsa, porque no es verdadera, es falsa, es a modo.<span class=\"Apple-converted-space\">\u00a0<\/span><\/p>\n<p><b>Con tu visi\u00f3n y experiencia \u00bfC\u00f3mo ves a la entidad a partir del pr\u00f3ximo a\u00f1o?<\/b><\/p>\n<p>Quintana Roo est\u00e1 viviendo una situaci\u00f3n de seguridad muy delicado, que si no logra esta administraci\u00f3n erradicarlo, va a ir en un crecimiento muy fuerte, y es muy peligroso porque es una potencia tur\u00edstica, y una potencia tur\u00edstica con inseguridad, se acaba. Entonces es muy delicado el tema, yo creo que tiene que ser la prioridad de esta administraci\u00f3n.<\/p>\n<p><b>En breve<\/b><\/p>\n<p><b>Tulum: <\/b>Para\u00edso terrenal.<\/p>\n<p><b>Quintana Roo:<\/b> El lugar m\u00e1s hermoso del mundo.<\/p>\n<p><b>Naturaleza:<\/b> Cuidarla siempre.<\/p>\n<p><b>Diamante K:<\/b> Mis or\u00edgenes, mi comienzo.<\/p>\n<p><b>Oportunidades:<\/b> Nunca hay que dejar pasarlas; uno muchas veces cree que pueden regresar, y la verdad es que no, no regresan.<\/p>\n<p><b>Tu padre: <\/b>Un dolor eterno en mi coraz\u00f3n, lo voy a extra\u00f1ar much\u00edsimo, un hombre cult\u00edsimo. Me form\u00f3, que ese es el mayor de los legados, me form\u00f3 jur\u00eddicamente, me form\u00f3 como un caballero, me form\u00f3 como un hombre,<\/p>\n<p><b>Fama:<\/b> Ef\u00edmera, va y viene; hay que usarla para cosas poderosas.<\/p>\n<p><b>Abogac\u00eda:<\/b> Justicia<\/p>\n<p><b>Turistas: <\/b>Cuidarlos siempre.<\/p>\n<p><b>Caribe Mexicano: <\/b>Mina de oro<\/p>\n<p><b>Competencia:<\/b>Muy sana; la competencia en todo es sana, la competencia legislativa, la competencia pol\u00edtica, la competencia de los empresarios, la competencia del deporte\u2026 la competencia es lo que hace que una naci\u00f3n crezca. Cuando una naci\u00f3n no compite, deja de crecer, la competencia debe de ser sana, y le hago un llamado a los gobernantes para que la permitan.<\/p>\n","protected":false},"excerpt":{"rendered":"<p>&nbsp; Con el respaldo de m\u00e1s de 30 a\u00f1os como empresario, Roberto Palazuelos tiene un profundo&hellip;<\/p>\n","protected":false},"author":95,"featured_media":70720,"comment_status":"closed","ping_status":"closed","sticky":false,"template":"","format":"standard","meta":{"_acf_changed":false,"_lmt_disableupdate":"","_lmt_disable":"","_mbp_gutenberg_autopost":false,"footnotes":""},"categories":[23,19,853],"tags":[],"class_list":["post-70719","post","type-post","status-publish","format-standard","has-post-thumbnail","hentry","category-noticias","category-portada","category-portada-edicion-impresa"],"acf":[],"yoast_head":"<!-- This site is optimized with the Yoast SEO plugin v27.3 - https:\/\/yoast.com\/product\/yoast-seo-wordpress\/ -->\n<title>El \u00e9xito es de los que\u00a0perseveran | Revista Latitud 21<\/title>\n<meta name=\"description\" content=\"L21, Emprendedores y Negocios en el Caribe Mexicano, es la revista l\u00edder entre el Sector Empresarial y Tur\u00edstico del Caribe Mexicano.\" \/>\n<meta name=\"robots\" content=\"index, follow, max-snippet:-1, max-image-preview:large, max-video-preview:-1\" \/>\n<link rel=\"canonical\" href=\"https:\/\/l21.mx\/?p=70719\" \/>\n<meta name=\"twitter:card\" content=\"summary_large_image\" \/>\n<meta name=\"twitter:title\" content=\"El \u00e9xito es de los que\u00a0perseveran | Revista Latitud 21\" \/>\n<meta name=\"twitter:description\" content=\"L21, Emprendedores y Negocios en el Caribe Mexicano, es la revista l\u00edder entre el Sector Empresarial y Tur\u00edstico del Caribe Mexicano.\" \/>\n<meta name=\"twitter:image\" content=\"https:\/\/l21.mx\/wp-content\/uploads\/2024\/03\/palazuelos.jpg\" \/>\n<meta name=\"twitter:creator\" content=\"@Latitud21mx\" \/>\n<meta name=\"twitter:site\" content=\"@Latitud21mx\" \/>\n<meta name=\"twitter:label1\" content=\"Escrito por\" \/>\n\t<meta name=\"twitter:data1\" content=\"ahernandez@latitud21.com.mx\" \/>\n\t<meta name=\"twitter:label2\" content=\"Tiempo de lectura\" \/>\n\t<meta name=\"twitter:data2\" content=\"9 minutos\" \/>\n<script type=\"application\/ld+json\" class=\"yoast-schema-graph\">{\"@context\":\"https:\\\/\\\/schema.org\",\"@graph\":[{\"@type\":\"Article\",\"@id\":\"https:\\\/\\\/l21.mx\\\/?p=70719#article\",\"isPartOf\":{\"@id\":\"https:\\\/\\\/l21.mx\\\/?p=70719\"},\"author\":{\"name\":\"ahernandez@latitud21.com.mx\",\"@id\":\"https:\\\/\\\/l21.mx\\\/#\\\/schema\\\/person\\\/b3cb342bb947a88e1fc27e05770479da\"},\"headline\":\"El \u00e9xito es de los que\u00a0perseveran\",\"datePublished\":\"2024-04-01T12:39:05+00:00\",\"mainEntityOfPage\":{\"@id\":\"https:\\\/\\\/l21.mx\\\/?p=70719\"},\"wordCount\":1845,\"publisher\":{\"@id\":\"https:\\\/\\\/l21.mx\\\/#organization\"},\"image\":{\"@id\":\"https:\\\/\\\/l21.mx\\\/?p=70719#primaryimage\"},\"thumbnailUrl\":\"https:\\\/\\\/l21.mx\\\/wp-content\\\/uploads\\\/2024\\\/03\\\/palazuelos.jpg\",\"articleSection\":[\"Noticias\",\"Portada\",\"Portada Edicion Impresa\"],\"inLanguage\":\"es\"},{\"@type\":\"WebPage\",\"@id\":\"https:\\\/\\\/l21.mx\\\/?p=70719\",\"url\":\"https:\\\/\\\/l21.mx\\\/?p=70719\",\"name\":\"El \u00e9xito es de los que\u00a0perseveran | Revista Latitud 21\",\"isPartOf\":{\"@id\":\"https:\\\/\\\/l21.mx\\\/#website\"},\"primaryImageOfPage\":{\"@id\":\"https:\\\/\\\/l21.mx\\\/?p=70719#primaryimage\"},\"image\":{\"@id\":\"https:\\\/\\\/l21.mx\\\/?p=70719#primaryimage\"},\"thumbnailUrl\":\"https:\\\/\\\/l21.mx\\\/wp-content\\\/uploads\\\/2024\\\/03\\\/palazuelos.jpg\",\"datePublished\":\"2024-04-01T12:39:05+00:00\",\"description\":\"L21, Emprendedores y Negocios en el Caribe Mexicano, es la revista l\u00edder entre el Sector Empresarial y Tur\u00edstico del Caribe Mexicano.\",\"breadcrumb\":{\"@id\":\"https:\\\/\\\/l21.mx\\\/?p=70719#breadcrumb\"},\"inLanguage\":\"es\",\"potentialAction\":[{\"@type\":\"ReadAction\",\"target\":[\"https:\\\/\\\/l21.mx\\\/?p=70719\"]}]},{\"@type\":\"ImageObject\",\"inLanguage\":\"es\",\"@id\":\"https:\\\/\\\/l21.mx\\\/?p=70719#primaryimage\",\"url\":\"https:\\\/\\\/l21.mx\\\/wp-content\\\/uploads\\\/2024\\\/03\\\/palazuelos.jpg\",\"contentUrl\":\"https:\\\/\\\/l21.mx\\\/wp-content\\\/uploads\\\/2024\\\/03\\\/palazuelos.jpg\",\"width\":1500,\"height\":1934},{\"@type\":\"BreadcrumbList\",\"@id\":\"https:\\\/\\\/l21.mx\\\/?p=70719#breadcrumb\",\"itemListElement\":[{\"@type\":\"ListItem\",\"position\":1,\"name\":\"Portada\",\"item\":\"https:\\\/\\\/l21.mx\\\/\"},{\"@type\":\"ListItem\",\"position\":2,\"name\":\"El \u00e9xito es de los que\u00a0perseveran\"}]},{\"@type\":\"WebSite\",\"@id\":\"https:\\\/\\\/l21.mx\\\/#website\",\"url\":\"https:\\\/\\\/l21.mx\\\/\",\"name\":\"Revista Latitud 21\",\"description\":\"Emprendedores  y negocios en el Caribe Mexicano\",\"publisher\":{\"@id\":\"https:\\\/\\\/l21.mx\\\/#organization\"},\"potentialAction\":[{\"@type\":\"SearchAction\",\"target\":{\"@type\":\"EntryPoint\",\"urlTemplate\":\"https:\\\/\\\/l21.mx\\\/?s={search_term_string}\"},\"query-input\":{\"@type\":\"PropertyValueSpecification\",\"valueRequired\":true,\"valueName\":\"search_term_string\"}}],\"inLanguage\":\"es\"},{\"@type\":\"Organization\",\"@id\":\"https:\\\/\\\/l21.mx\\\/#organization\",\"name\":\"Grupo Editorial Latitud 21 SA de CV\",\"url\":\"https:\\\/\\\/l21.mx\\\/\",\"logo\":{\"@type\":\"ImageObject\",\"inLanguage\":\"es\",\"@id\":\"https:\\\/\\\/l21.mx\\\/#\\\/schema\\\/logo\\\/image\\\/\",\"url\":\"https:\\\/\\\/l21.mx\\\/wp-content\\\/uploads\\\/2020\\\/10\\\/logo-l21-baja.jpg\",\"contentUrl\":\"https:\\\/\\\/l21.mx\\\/wp-content\\\/uploads\\\/2020\\\/10\\\/logo-l21-baja.jpg\",\"width\":250,\"height\":250,\"caption\":\"Grupo Editorial Latitud 21 SA de CV\"},\"image\":{\"@id\":\"https:\\\/\\\/l21.mx\\\/#\\\/schema\\\/logo\\\/image\\\/\"},\"sameAs\":[\"https:\\\/\\\/www.facebook.com\\\/RevistaLatitud21\\\/\",\"https:\\\/\\\/x.com\\\/Latitud21mx\"]},{\"@type\":\"Person\",\"@id\":\"https:\\\/\\\/l21.mx\\\/#\\\/schema\\\/person\\\/b3cb342bb947a88e1fc27e05770479da\",\"name\":\"ahernandez@latitud21.com.mx\",\"url\":\"https:\\\/\\\/l21.mx\\\/?author=95\"}]}<\/script>\n<!-- \/ Yoast SEO plugin. -->","yoast_head_json":{"title":"El \u00e9xito es de los que\u00a0perseveran | Revista Latitud 21","description":"L21, Emprendedores y Negocios en el Caribe Mexicano, es la revista l\u00edder entre el Sector Empresarial y Tur\u00edstico del Caribe Mexicano.","robots":{"index":"index","follow":"follow","max-snippet":"max-snippet:-1","max-image-preview":"max-image-preview:large","max-video-preview":"max-video-preview:-1"},"canonical":"https:\/\/l21.mx\/?p=70719","twitter_card":"summary_large_image","twitter_title":"El \u00e9xito es de los que\u00a0perseveran | Revista Latitud 21","twitter_description":"L21, Emprendedores y Negocios en el Caribe Mexicano, es la revista l\u00edder entre el Sector Empresarial y Tur\u00edstico del Caribe Mexicano.","twitter_image":"https:\/\/l21.mx\/wp-content\/uploads\/2024\/03\/palazuelos.jpg","twitter_creator":"@Latitud21mx","twitter_site":"@Latitud21mx","twitter_misc":{"Escrito por":"ahernandez@latitud21.com.mx","Tiempo de lectura":"9 minutos"},"schema":{"@context":"https:\/\/schema.org","@graph":[{"@type":"Article","@id":"https:\/\/l21.mx\/?p=70719#article","isPartOf":{"@id":"https:\/\/l21.mx\/?p=70719"},"author":{"name":"ahernandez@latitud21.com.mx","@id":"https:\/\/l21.mx\/#\/schema\/person\/b3cb342bb947a88e1fc27e05770479da"},"headline":"El \u00e9xito es de los que\u00a0perseveran","datePublished":"2024-04-01T12:39:05+00:00","mainEntityOfPage":{"@id":"https:\/\/l21.mx\/?p=70719"},"wordCount":1845,"publisher":{"@id":"https:\/\/l21.mx\/#organization"},"image":{"@id":"https:\/\/l21.mx\/?p=70719#primaryimage"},"thumbnailUrl":"https:\/\/l21.mx\/wp-content\/uploads\/2024\/03\/palazuelos.jpg","articleSection":["Noticias","Portada","Portada Edicion Impresa"],"inLanguage":"es"},{"@type":"WebPage","@id":"https:\/\/l21.mx\/?p=70719","url":"https:\/\/l21.mx\/?p=70719","name":"El \u00e9xito es de los que\u00a0perseveran | Revista Latitud 21","isPartOf":{"@id":"https:\/\/l21.mx\/#website"},"primaryImageOfPage":{"@id":"https:\/\/l21.mx\/?p=70719#primaryimage"},"image":{"@id":"https:\/\/l21.mx\/?p=70719#primaryimage"},"thumbnailUrl":"https:\/\/l21.mx\/wp-content\/uploads\/2024\/03\/palazuelos.jpg","datePublished":"2024-04-01T12:39:05+00:00","description":"L21, Emprendedores y Negocios en el Caribe Mexicano, es la revista l\u00edder entre el Sector Empresarial y Tur\u00edstico del Caribe Mexicano.","breadcrumb":{"@id":"https:\/\/l21.mx\/?p=70719#breadcrumb"},"inLanguage":"es","potentialAction":[{"@type":"ReadAction","target":["https:\/\/l21.mx\/?p=70719"]}]},{"@type":"ImageObject","inLanguage":"es","@id":"https:\/\/l21.mx\/?p=70719#primaryimage","url":"https:\/\/l21.mx\/wp-content\/uploads\/2024\/03\/palazuelos.jpg","contentUrl":"https:\/\/l21.mx\/wp-content\/uploads\/2024\/03\/palazuelos.jpg","width":1500,"height":1934},{"@type":"BreadcrumbList","@id":"https:\/\/l21.mx\/?p=70719#breadcrumb","itemListElement":[{"@type":"ListItem","position":1,"name":"Portada","item":"https:\/\/l21.mx\/"},{"@type":"ListItem","position":2,"name":"El \u00e9xito es de los que\u00a0perseveran"}]},{"@type":"WebSite","@id":"https:\/\/l21.mx\/#website","url":"https:\/\/l21.mx\/","name":"Revista Latitud 21","description":"Emprendedores  y negocios en el Caribe Mexicano","publisher":{"@id":"https:\/\/l21.mx\/#organization"},"potentialAction":[{"@type":"SearchAction","target":{"@type":"EntryPoint","urlTemplate":"https:\/\/l21.mx\/?s={search_term_string}"},"query-input":{"@type":"PropertyValueSpecification","valueRequired":true,"valueName":"search_term_string"}}],"inLanguage":"es"},{"@type":"Organization","@id":"https:\/\/l21.mx\/#organization","name":"Grupo Editorial Latitud 21 SA de CV","url":"https:\/\/l21.mx\/","logo":{"@type":"ImageObject","inLanguage":"es","@id":"https:\/\/l21.mx\/#\/schema\/logo\/image\/","url":"https:\/\/l21.mx\/wp-content\/uploads\/2020\/10\/logo-l21-baja.jpg","contentUrl":"https:\/\/l21.mx\/wp-content\/uploads\/2020\/10\/logo-l21-baja.jpg","width":250,"height":250,"caption":"Grupo Editorial Latitud 21 SA de CV"},"image":{"@id":"https:\/\/l21.mx\/#\/schema\/logo\/image\/"},"sameAs":["https:\/\/www.facebook.com\/RevistaLatitud21\/","https:\/\/x.com\/Latitud21mx"]},{"@type":"Person","@id":"https:\/\/l21.mx\/#\/schema\/person\/b3cb342bb947a88e1fc27e05770479da","name":"ahernandez@latitud21.com.mx","url":"https:\/\/l21.mx\/?author=95"}]}},"amp_enabled":true,"_links":{"self":[{"href":"https:\/\/l21.mx\/index.php?rest_route=\/wp\/v2\/posts\/70719","targetHints":{"allow":["GET"]}}],"collection":[{"href":"https:\/\/l21.mx\/index.php?rest_route=\/wp\/v2\/posts"}],"about":[{"href":"https:\/\/l21.mx\/index.php?rest_route=\/wp\/v2\/types\/post"}],"author":[{"embeddable":true,"href":"https:\/\/l21.mx\/index.php?rest_route=\/wp\/v2\/users\/95"}],"replies":[{"embeddable":true,"href":"https:\/\/l21.mx\/index.php?rest_route=%2Fwp%2Fv2%2Fcomments&post=70719"}],"version-history":[{"count":1,"href":"https:\/\/l21.mx\/index.php?rest_route=\/wp\/v2\/posts\/70719\/revisions"}],"predecessor-version":[{"id":70751,"href":"https:\/\/l21.mx\/index.php?rest_route=\/wp\/v2\/posts\/70719\/revisions\/70751"}],"wp:featuredmedia":[{"embeddable":true,"href":"https:\/\/l21.mx\/index.php?rest_route=\/wp\/v2\/media\/70720"}],"wp:attachment":[{"href":"https:\/\/l21.mx\/index.php?rest_route=%2Fwp%2Fv2%2Fmedia&parent=70719"}],"wp:term":[{"taxonomy":"category","embeddable":true,"href":"https:\/\/l21.mx\/index.php?rest_route=%2Fwp%2Fv2%2Fcategories&post=70719"},{"taxonomy":"post_tag","embeddable":true,"href":"https:\/\/l21.mx\/index.php?rest_route=%2Fwp%2Fv2%2Ftags&post=70719"}],"curies":[{"name":"wp","href":"https:\/\/api.w.org\/{rel}","templated":true}]}}