{"id":7076,"date":"2014-05-05T17:22:00","date_gmt":"2014-05-05T22:22:00","guid":{"rendered":"http:\/\/innovatori.space\/lat21\/?p=7076"},"modified":"2014-05-05T17:22:00","modified_gmt":"2014-05-05T22:22:00","slug":"fortalece-interjet-rutas-regionales-con-los-superjet-100","status":"publish","type":"post","link":"https:\/\/l21.mx\/?p=7076","title":{"rendered":"FORTALECE INTERJET RUTAS REGIONALES CON LOS SUPERJET 100"},"content":{"rendered":"<p><a href=\"http:\/\/l21.mx\/wp-content\/uploads\/2013\/12\/ABRE-INTERJET-NUEVA-RUTA-INTERNACIONAL.png\" data-rel=\"penci-gallery-image-content\" ><img fetchpriority=\"high\" decoding=\"async\" class=\"alignleft size-medium wp-image-5522\" title=\"ABRE INTERJET NUEVA RUTA INTERNACIONAL\" src=\"http:\/\/l21.mx\/wp-content\/uploads\/2013\/12\/ABRE-INTERJET-NUEVA-RUTA-INTERNACIONAL-300x199.png\" alt=\"\" width=\"300\" height=\"199\" srcset=\"https:\/\/l21.mx\/wp-content\/uploads\/2013\/12\/ABRE-INTERJET-NUEVA-RUTA-INTERNACIONAL-300x199.png 300w, https:\/\/l21.mx\/wp-content\/uploads\/2013\/12\/ABRE-INTERJET-NUEVA-RUTA-INTERNACIONAL-768x510.png 768w, https:\/\/l21.mx\/wp-content\/uploads\/2013\/12\/ABRE-INTERJET-NUEVA-RUTA-INTERNACIONAL-780x516.png 780w, https:\/\/l21.mx\/wp-content\/uploads\/2013\/12\/ABRE-INTERJET-NUEVA-RUTA-INTERNACIONAL-585x389.png 585w, https:\/\/l21.mx\/wp-content\/uploads\/2013\/12\/ABRE-INTERJET-NUEVA-RUTA-INTERNACIONAL-263x175.png 263w, https:\/\/l21.mx\/wp-content\/uploads\/2013\/12\/ABRE-INTERJET-NUEVA-RUTA-INTERNACIONAL.png 810w\" sizes=\"(max-width: 300px) 100vw, 300px\" \/><\/a><br \/>\n\u2022 Recibe la aerol\u00ednea su s\u00e9ptimo avi\u00f3n de este tipo<br \/>\n\u2022 Estas aeronaves complementan la flota de 42 Airbus A320 que tiene la<br \/>\naerol\u00ednea<br \/>\n\u2022 Con los Superjet 100 se atender\u00e1n m\u00e1s mercados nacionales como Le\u00f3n,<br \/>\nSan<br \/>\nLuis Potos\u00ed y Puerto Escondido: Jos\u00e9 Luis Garza<\/p>\n<p>Interjet recibi\u00f3 su s\u00e9ptimo Superjet 100, con lo cual \u00a0se fortalece la<br \/>\nconectividad en rutas regionales del pa\u00eds y as\u00ed unir nuevos mercados,<br \/>\nasegur\u00f3 el Director General de la aerol\u00ednea, Jos\u00e9 Luis Garza.<\/p>\n<p>Estos aviones ya operan rutas que parten del Aeropuerto Internacional de la<br \/>\nCiudad de M\u00e9xico a destinos como: Aguascalientes, Campeche, La Paz,<br \/>\nManzanillo, Mazatl\u00e1n, Minatitl\u00e1n, Reynosa, Torre\u00f3n, Zacatecas y Palenque.<\/p>\n<p>Agreg\u00f3 que pr\u00f3ximamente tambi\u00e9n conectar\u00e1n a la Ciudad de M\u00e9xico con Le\u00f3n,<br \/>\nSan Luis Potos\u00ed y Puerto Escondido.<\/p>\n<p>Con la adquisici\u00f3n de este s\u00e9ptimo avi\u00f3n, Interjet totaliza una flota de<br \/>\n49 aviones \u00a0con los cuales se permite que cada vez m\u00e1s mexicanos viajen a<br \/>\nprecios justos, dijo.<\/p>\n<p>El Superjet 100 ha demostrado que es la aeronave m\u00e1s moderna para atender<br \/>\nrutas subtroncales.<\/p>\n<p>Igualmente explic\u00f3 que los Superjet 100 se ajustan perfectamente a la<br \/>\nfilosof\u00eda de Interjet de ofrecer la m\u00e1xima calidad, confort y servicio.<br \/>\nPor eso se hizo una reconfiguraci\u00f3n en las aeronaves para eliminar filas de<br \/>\nasientos con la finalidad de que el pasajero est\u00e9 m\u00e1s c\u00f3modo.<\/p>\n<p>Estos siete aviones corresponden a un pedido de 20 aeronaves de este tipo<br \/>\nque hizo la aerol\u00ednea al Consorcio Superjet International.<\/p>\n<p>El resto de las aeronaves estar\u00e1n llegando de manera gradual. Actualmente el<br \/>\noctavo avi\u00f3n ya se encuentra en la fase final en la planta de SuperJet<br \/>\nInternational en Italia y pronto ser\u00e1 tra\u00eddo a M\u00e9xico.<\/p>\n<p>En las \u00a0rutas que son operadas por \u00a0los Superjet 100, todos los usuarios<br \/>\npueden disfrutar de los servicios de la aerol\u00ednea como son: documentar hasta<br \/>\n50 kilos de equipaje, las mascotas viajan sin cargo extra, se puede<br \/>\ndocumentar equipo deportivo sin cargo adicional.<\/p>\n<p>No se cobra por selecci\u00f3n de asiento, tampoco se cobra por la impresi\u00f3n de<br \/>\npases de abordar, los infantes viajan sin cargos adicionales, los adultos<br \/>\nmayores cuentan con un descuento permanente; todos los vuelos tienen ba\u00f1os<br \/>\nexclusivos para mujeres y los menores de edad pueden viajar sin acompa\u00f1ante<br \/>\nsin cargo extra, entre otros beneficios.<\/p>\n","protected":false},"excerpt":{"rendered":"<p>\u2022 Recibe la aerol\u00ednea su s\u00e9ptimo avi\u00f3n de este tipo \u2022 Estas aeronaves complementan la flota&hellip;<\/p>\n","protected":false},"author":2,"featured_media":0,"comment_status":"open","ping_status":"open","sticky":false,"template":"","format":"standard","meta":{"_acf_changed":false,"_lmt_disableupdate":"","_lmt_disable":"","_mbp_gutenberg_autopost":false,"footnotes":""},"categories":[23,8],"tags":[],"class_list":["post-7076","post","type-post","status-publish","format-standard","hentry","category-noticias","category-turismo"],"acf":[],"_links":{"self":[{"href":"https:\/\/l21.mx\/index.php?rest_route=\/wp\/v2\/posts\/7076","targetHints":{"allow":["GET"]}}],"collection":[{"href":"https:\/\/l21.mx\/index.php?rest_route=\/wp\/v2\/posts"}],"about":[{"href":"https:\/\/l21.mx\/index.php?rest_route=\/wp\/v2\/types\/post"}],"author":[{"embeddable":true,"href":"https:\/\/l21.mx\/index.php?rest_route=\/wp\/v2\/users\/2"}],"replies":[{"embeddable":true,"href":"https:\/\/l21.mx\/index.php?rest_route=%2Fwp%2Fv2%2Fcomments&post=7076"}],"version-history":[{"count":0,"href":"https:\/\/l21.mx\/index.php?rest_route=\/wp\/v2\/posts\/7076\/revisions"}],"wp:attachment":[{"href":"https:\/\/l21.mx\/index.php?rest_route=%2Fwp%2Fv2%2Fmedia&parent=7076"}],"wp:term":[{"taxonomy":"category","embeddable":true,"href":"https:\/\/l21.mx\/index.php?rest_route=%2Fwp%2Fv2%2Fcategories&post=7076"},{"taxonomy":"post_tag","embeddable":true,"href":"https:\/\/l21.mx\/index.php?rest_route=%2Fwp%2Fv2%2Ftags&post=7076"}],"curies":[{"name":"wp","href":"https:\/\/api.w.org\/{rel}","templated":true}]}}