{"id":70872,"date":"2024-03-30T14:38:49","date_gmt":"2024-03-30T19:38:49","guid":{"rendered":"https:\/\/l21.mx\/?p=70872"},"modified":"2024-03-30T14:38:49","modified_gmt":"2024-03-30T19:38:49","slug":"parque-aztlan-a-medias","status":"publish","type":"post","link":"https:\/\/l21.mx\/?p=70872","title":{"rendered":"Parque Aztl\u00e1n, a medias"},"content":{"rendered":"<p>&nbsp;<\/p>\n<p>&nbsp;<\/p>\n<p>Aunque estaba previsto para abrir en agosto del a\u00f1o pasado, el Aztl\u00e1n Parque Urbano, en el coraz\u00f3n de Chapultepec, por fin empez\u00f3 a operar 7 meses despu\u00e9s, y a medias, ya que abrieron al p\u00fablico con s\u00f3lo 13 juegos habilitados de los 33 que ofrecer\u00e1; prev\u00e9n que en julio opere al 100%. Est\u00e1 ubicado en la Segunda Secci\u00f3n del Bosque de Chapultepec, sustituyendo a La Feria, que cerr\u00f3 hace casi cinco a\u00f1os, luego de varios accidentes. Este nuevo espacio re\u00fane diversi\u00f3n, cultura, historia y entretenimiento; tiene como uno de sus principales atractivos la rueda de la fortuna Aztl\u00e1n 360: una atracci\u00f3n italiana de 85 metros de altura y 40 cabinas, unas est\u00e1ndar para 6 personas y otras 4 cabinas VIP para 4 personas con varias comodidades como aire acondicionado, conexi\u00f3n bluetooth, entre otros.<\/p>\n<p>Adem\u00e1s, incluye dos atracciones inmersivas de \u00faltima generaci\u00f3n: la experiencia \u201cQuinto Sol\u201d, que muestra la leyenda que dio origen a Aztl\u00e1n; al igual que \u201cSiniestro\u201d, una casa de los sustos de realidad virtual que revive al hospital de San Pablo.<\/p>\n","protected":false},"excerpt":{"rendered":"<p>&nbsp; &nbsp; Aunque estaba previsto para abrir en agosto del a\u00f1o pasado, el Aztl\u00e1n Parque Urbano,&hellip;<\/p>\n","protected":false},"author":100,"featured_media":70772,"comment_status":"closed","ping_status":"closed","sticky":false,"template":"","format":"standard","meta":{"_acf_changed":false,"_lmt_disableupdate":"","_lmt_disable":"","_mbp_gutenberg_autopost":false,"footnotes":""},"categories":[38],"tags":[],"class_list":["post-70872","post","type-post","status-publish","format-standard","has-post-thumbnail","hentry","category-en-la-21-y-otras-latitudes"],"acf":[],"_links":{"self":[{"href":"https:\/\/l21.mx\/index.php?rest_route=\/wp\/v2\/posts\/70872","targetHints":{"allow":["GET"]}}],"collection":[{"href":"https:\/\/l21.mx\/index.php?rest_route=\/wp\/v2\/posts"}],"about":[{"href":"https:\/\/l21.mx\/index.php?rest_route=\/wp\/v2\/types\/post"}],"author":[{"embeddable":true,"href":"https:\/\/l21.mx\/index.php?rest_route=\/wp\/v2\/users\/100"}],"replies":[{"embeddable":true,"href":"https:\/\/l21.mx\/index.php?rest_route=%2Fwp%2Fv2%2Fcomments&post=70872"}],"version-history":[{"count":0,"href":"https:\/\/l21.mx\/index.php?rest_route=\/wp\/v2\/posts\/70872\/revisions"}],"wp:featuredmedia":[{"embeddable":true,"href":"https:\/\/l21.mx\/index.php?rest_route=\/wp\/v2\/media\/70772"}],"wp:attachment":[{"href":"https:\/\/l21.mx\/index.php?rest_route=%2Fwp%2Fv2%2Fmedia&parent=70872"}],"wp:term":[{"taxonomy":"category","embeddable":true,"href":"https:\/\/l21.mx\/index.php?rest_route=%2Fwp%2Fv2%2Fcategories&post=70872"},{"taxonomy":"post_tag","embeddable":true,"href":"https:\/\/l21.mx\/index.php?rest_route=%2Fwp%2Fv2%2Ftags&post=70872"}],"curies":[{"name":"wp","href":"https:\/\/api.w.org\/{rel}","templated":true}]}}