{"id":71535,"date":"2024-04-12T09:09:03","date_gmt":"2024-04-12T14:09:03","guid":{"rendered":"https:\/\/l21.mx\/?p=71535"},"modified":"2024-04-12T09:09:03","modified_gmt":"2024-04-12T14:09:03","slug":"invitan-a-batalla-de-freestyle-en-playa-del-carmen","status":"publish","type":"post","link":"https:\/\/l21.mx\/?p=71535","title":{"rendered":"Invitan a batalla de Freestyle en Playa del Carmen"},"content":{"rendered":"<p>Playa del Carmen, Solidaridad a 12 de abril del 2024.- El Instituto de la Juventud te invita este viernes 12 de abril a participar en el evento cultural y recreativo \u201cLiga Freestyle Juventud\u201d, donde se contar\u00e1n con invitados que mostrar\u00e1n su talento musical.<\/p>\n<p><a href=\"https:\/\/l21.mx\/wp-content\/uploads\/2024\/04\/WhatsApp-Image-2024-04-12-at-8.57.57-AM.jpeg\" data-rel=\"penci-gallery-image-content\" ><img fetchpriority=\"high\" decoding=\"async\" class=\"alignnone size-medium wp-image-71537\" src=\"https:\/\/l21.mx\/wp-content\/uploads\/2024\/04\/WhatsApp-Image-2024-04-12-at-8.57.57-AM-300x200.jpeg\" alt=\"\" width=\"300\" height=\"200\" srcset=\"https:\/\/l21.mx\/wp-content\/uploads\/2024\/04\/WhatsApp-Image-2024-04-12-at-8.57.57-AM-300x200.jpeg 300w, https:\/\/l21.mx\/wp-content\/uploads\/2024\/04\/WhatsApp-Image-2024-04-12-at-8.57.57-AM-768x512.jpeg 768w, https:\/\/l21.mx\/wp-content\/uploads\/2024\/04\/WhatsApp-Image-2024-04-12-at-8.57.57-AM-585x390.jpeg 585w, https:\/\/l21.mx\/wp-content\/uploads\/2024\/04\/WhatsApp-Image-2024-04-12-at-8.57.57-AM-263x175.jpeg 263w, https:\/\/l21.mx\/wp-content\/uploads\/2024\/04\/WhatsApp-Image-2024-04-12-at-8.57.57-AM.jpeg 853w\" sizes=\"(max-width: 300px) 100vw, 300px\" \/><\/a><\/p>\n<p>Este emocionante evento de batallas de rap, ser\u00e1 de libre de acceso y se realizar\u00e1 a partir de las 5:00 de la tarde en la Plaza 28 de Julio para disfrutar de artistas como Lirika Inverza y el show estelar de Akil Ammar.<\/p>\n<p><a href=\"https:\/\/l21.mx\/wp-content\/uploads\/2024\/04\/WhatsApp-Image-2024-04-12-at-8.57.56-AM.jpeg\" data-rel=\"penci-gallery-image-content\" ><img decoding=\"async\" class=\"alignnone size-medium wp-image-71539\" src=\"https:\/\/l21.mx\/wp-content\/uploads\/2024\/04\/WhatsApp-Image-2024-04-12-at-8.57.56-AM-250x300.jpeg\" alt=\"\" width=\"250\" height=\"300\" srcset=\"https:\/\/l21.mx\/wp-content\/uploads\/2024\/04\/WhatsApp-Image-2024-04-12-at-8.57.56-AM-250x300.jpeg 250w, https:\/\/l21.mx\/wp-content\/uploads\/2024\/04\/WhatsApp-Image-2024-04-12-at-8.57.56-AM-853x1024.jpeg 853w, https:\/\/l21.mx\/wp-content\/uploads\/2024\/04\/WhatsApp-Image-2024-04-12-at-8.57.56-AM-768x922.jpeg 768w, https:\/\/l21.mx\/wp-content\/uploads\/2024\/04\/WhatsApp-Image-2024-04-12-at-8.57.56-AM-1280x1536.jpeg 1280w, https:\/\/l21.mx\/wp-content\/uploads\/2024\/04\/WhatsApp-Image-2024-04-12-at-8.57.56-AM-1170x1404.jpeg 1170w, https:\/\/l21.mx\/wp-content\/uploads\/2024\/04\/WhatsApp-Image-2024-04-12-at-8.57.56-AM-585x702.jpeg 585w, https:\/\/l21.mx\/wp-content\/uploads\/2024\/04\/WhatsApp-Image-2024-04-12-at-8.57.56-AM.jpeg 1333w\" sizes=\"(max-width: 250px) 100vw, 250px\" \/><\/a><\/p>\n<p>Cabe mencionar que este es el tercer a\u00f1o consecutivo que se realiza \u00e9ste evento, incentivando a los que gustan de practicar dicha actividad. El ganador se har\u00e1 acreedor al cintur\u00f3n de campe\u00f3n, entre otros premios.<\/p>\n<p><a href=\"https:\/\/l21.mx\/wp-content\/uploads\/2024\/04\/WhatsApp-Image-2024-04-12-at-8.57.56-AM-1.jpeg\" data-rel=\"penci-gallery-image-content\" ><img decoding=\"async\" class=\"alignnone size-medium wp-image-71538\" src=\"https:\/\/l21.mx\/wp-content\/uploads\/2024\/04\/WhatsApp-Image-2024-04-12-at-8.57.56-AM-1-250x300.jpeg\" alt=\"\" width=\"250\" height=\"300\" srcset=\"https:\/\/l21.mx\/wp-content\/uploads\/2024\/04\/WhatsApp-Image-2024-04-12-at-8.57.56-AM-1-250x300.jpeg 250w, https:\/\/l21.mx\/wp-content\/uploads\/2024\/04\/WhatsApp-Image-2024-04-12-at-8.57.56-AM-1-853x1024.jpeg 853w, https:\/\/l21.mx\/wp-content\/uploads\/2024\/04\/WhatsApp-Image-2024-04-12-at-8.57.56-AM-1-768x922.jpeg 768w, https:\/\/l21.mx\/wp-content\/uploads\/2024\/04\/WhatsApp-Image-2024-04-12-at-8.57.56-AM-1-1280x1536.jpeg 1280w, https:\/\/l21.mx\/wp-content\/uploads\/2024\/04\/WhatsApp-Image-2024-04-12-at-8.57.56-AM-1-1170x1404.jpeg 1170w, https:\/\/l21.mx\/wp-content\/uploads\/2024\/04\/WhatsApp-Image-2024-04-12-at-8.57.56-AM-1-585x702.jpeg 585w, https:\/\/l21.mx\/wp-content\/uploads\/2024\/04\/WhatsApp-Image-2024-04-12-at-8.57.56-AM-1.jpeg 1333w\" sizes=\"(max-width: 250px) 100vw, 250px\" \/><\/a><\/p>\n","protected":false},"excerpt":{"rendered":"<p>Playa del Carmen, Solidaridad a 12 de abril del 2024.- El Instituto de la Juventud te&hellip;<\/p>\n","protected":false},"author":100,"featured_media":71540,"comment_status":"closed","ping_status":"closed","sticky":false,"template":"","format":"standard","meta":{"_acf_changed":false,"_lmt_disableupdate":"","_lmt_disable":"","_mbp_gutenberg_autopost":false,"footnotes":""},"categories":[1654],"tags":[],"class_list":["post-71535","post","type-post","status-publish","format-standard","has-post-thumbnail","hentry","category-solidaridad"],"acf":[],"_links":{"self":[{"href":"https:\/\/l21.mx\/index.php?rest_route=\/wp\/v2\/posts\/71535","targetHints":{"allow":["GET"]}}],"collection":[{"href":"https:\/\/l21.mx\/index.php?rest_route=\/wp\/v2\/posts"}],"about":[{"href":"https:\/\/l21.mx\/index.php?rest_route=\/wp\/v2\/types\/post"}],"author":[{"embeddable":true,"href":"https:\/\/l21.mx\/index.php?rest_route=\/wp\/v2\/users\/100"}],"replies":[{"embeddable":true,"href":"https:\/\/l21.mx\/index.php?rest_route=%2Fwp%2Fv2%2Fcomments&post=71535"}],"version-history":[{"count":0,"href":"https:\/\/l21.mx\/index.php?rest_route=\/wp\/v2\/posts\/71535\/revisions"}],"wp:featuredmedia":[{"embeddable":true,"href":"https:\/\/l21.mx\/index.php?rest_route=\/wp\/v2\/media\/71540"}],"wp:attachment":[{"href":"https:\/\/l21.mx\/index.php?rest_route=%2Fwp%2Fv2%2Fmedia&parent=71535"}],"wp:term":[{"taxonomy":"category","embeddable":true,"href":"https:\/\/l21.mx\/index.php?rest_route=%2Fwp%2Fv2%2Fcategories&post=71535"},{"taxonomy":"post_tag","embeddable":true,"href":"https:\/\/l21.mx\/index.php?rest_route=%2Fwp%2Fv2%2Ftags&post=71535"}],"curies":[{"name":"wp","href":"https:\/\/api.w.org\/{rel}","templated":true}]}}