{"id":71545,"date":"2024-04-12T11:58:19","date_gmt":"2024-04-12T16:58:19","guid":{"rendered":"https:\/\/l21.mx\/?p=71545"},"modified":"2024-04-12T11:58:19","modified_gmt":"2024-04-12T16:58:19","slug":"jugadores-del-inter-playa-del-carmen-se-toman-la-foto-oficial-de-la-temporada-2023-2024","status":"publish","type":"post","link":"https:\/\/l21.mx\/?p=71545","title":{"rendered":"Jugadores del Inter Playa del Carmen se toman la foto oficial de la Temporada 2023-2024"},"content":{"rendered":"<p>&nbsp;<\/p>\n<p>Playa del Carmen, Solidaridad a 12 de Abril de 2024.- Con la presidenta Lili Campos como invitada especial y en un ambiente de unidad, alegr\u00eda y mucha pasi\u00f3n por nuestros colores, jugadores del Inter Playa del Carmen de la Liga Premier y de la Liga Tercera Divisi\u00f3n Profesional (TDP) tuvieron un momento para el recuerdo, pues ambos equipos se tomaron la foto oficial en la grama del estadio \u201cIng. Mario Villanueva Madrid\u201d.<\/p>\n<p>Primeramente, los jugadores y el cuerpo t\u00e9cnico encabezado por Carlos Bracamontes de la Liga Premier, fueron los que posaron a las c\u00e1maras de los medios de comunicaci\u00f3n.<\/p>\n<p>Posteriormente, toc\u00f3 el turno a los jugadores y el cuerpo t\u00e9cnico encabezado por Alejandro J\u00e1come, de la Liga TDP, los que mostraron su mejor sonrisa a la hora de registrar la imagen oficial.<\/p>\n<p><a href=\"https:\/\/l21.mx\/wp-content\/uploads\/2024\/04\/WhatsApp-Image-2024-04-11-at-4.11.40-PM.jpeg\" data-rel=\"penci-gallery-image-content\" ><img fetchpriority=\"high\" decoding=\"async\" class=\"alignnone size-medium wp-image-71547\" src=\"https:\/\/l21.mx\/wp-content\/uploads\/2024\/04\/WhatsApp-Image-2024-04-11-at-4.11.40-PM-300x200.jpeg\" alt=\"\" width=\"300\" height=\"200\" srcset=\"https:\/\/l21.mx\/wp-content\/uploads\/2024\/04\/WhatsApp-Image-2024-04-11-at-4.11.40-PM-300x200.jpeg 300w, https:\/\/l21.mx\/wp-content\/uploads\/2024\/04\/WhatsApp-Image-2024-04-11-at-4.11.40-PM-1024x682.jpeg 1024w, https:\/\/l21.mx\/wp-content\/uploads\/2024\/04\/WhatsApp-Image-2024-04-11-at-4.11.40-PM-768x512.jpeg 768w, https:\/\/l21.mx\/wp-content\/uploads\/2024\/04\/WhatsApp-Image-2024-04-11-at-4.11.40-PM-1170x780.jpeg 1170w, https:\/\/l21.mx\/wp-content\/uploads\/2024\/04\/WhatsApp-Image-2024-04-11-at-4.11.40-PM-585x390.jpeg 585w, https:\/\/l21.mx\/wp-content\/uploads\/2024\/04\/WhatsApp-Image-2024-04-11-at-4.11.40-PM-263x175.jpeg 263w, https:\/\/l21.mx\/wp-content\/uploads\/2024\/04\/WhatsApp-Image-2024-04-11-at-4.11.40-PM.jpeg 1280w\" sizes=\"(max-width: 300px) 100vw, 300px\" \/><\/a><\/p>\n<p>\u201cEl Inter Playa del Carmen es parte de nuestro orgullo solidarense, es parte de la identidad y reconocimiento por casi 25 a\u00f1os\u201d, destac\u00f3 la presidenta municipal, Campos Miranda.<\/p>\n<p>Por su parte, el directivo del club del \u201cCoraz\u00f3n de la Riviera Maya\u201d, Amador Guti\u00e9rrez se\u00f1al\u00f3 \u201cque el Inter Playa del Carmen vive sus mejores a\u00f1os en todos los sentidos y los resultados han estado a la vista, cuatro finales en menos de tres a\u00f1os, dos sub campeonatos de Liga Premier, un campe\u00f3n de copa y campe\u00f3n nacional de liga de sub 15 del Sector Amateur, todos avalados por la Federaci\u00f3n Mexicana de F\u00fatbol\u201d.<\/p>\n<p>El buen \u00e1nimo y gran ambiente se hicieron presentes durante la fotograf\u00eda oficial, donde qued\u00f3 demostrado el compromiso de los jugadores para cerrar fuerte ambos torneos, tanto en Liga Premier y Tercera Divisi\u00f3n.<\/p>\n<p>En dicho evento, tambi\u00e9n fueron part\u00edcipes el secretario general del Ayuntamiento de Solidaridad, Cecilio Puc Sansores, y los regidores Nellyadi Anaiza Quian Medina, Jacqueline Guadalupe Alcocer Dzib, Lesbia Yamira Quintal Garc\u00eda y Don Marciano Toledo.<\/p>\n<p>De igual manera participaron la porra \u2018Marea Azul\u2019 comandsda por Juan Lizama; la mascota \u2018Don Toloc\u2019; el staff del Inter Playa del Carmen y del Instituto del Deporte Municipal (IDM); as\u00ed como los patrocinadores, concluyendo la toma de foto oficial con la tradicional porra del club.<\/p>\n<p>&nbsp;<\/p>\n","protected":false},"excerpt":{"rendered":"<p>&nbsp; Playa del Carmen, Solidaridad a 12 de Abril de 2024.- Con la presidenta Lili Campos&hellip;<\/p>\n","protected":false},"author":100,"featured_media":71546,"comment_status":"closed","ping_status":"closed","sticky":false,"template":"","format":"standard","meta":{"_acf_changed":false,"_lmt_disableupdate":"","_lmt_disable":"","_mbp_gutenberg_autopost":false,"footnotes":""},"categories":[1654],"tags":[],"class_list":["post-71545","post","type-post","status-publish","format-standard","has-post-thumbnail","hentry","category-solidaridad"],"acf":[],"_links":{"self":[{"href":"https:\/\/l21.mx\/index.php?rest_route=\/wp\/v2\/posts\/71545","targetHints":{"allow":["GET"]}}],"collection":[{"href":"https:\/\/l21.mx\/index.php?rest_route=\/wp\/v2\/posts"}],"about":[{"href":"https:\/\/l21.mx\/index.php?rest_route=\/wp\/v2\/types\/post"}],"author":[{"embeddable":true,"href":"https:\/\/l21.mx\/index.php?rest_route=\/wp\/v2\/users\/100"}],"replies":[{"embeddable":true,"href":"https:\/\/l21.mx\/index.php?rest_route=%2Fwp%2Fv2%2Fcomments&post=71545"}],"version-history":[{"count":0,"href":"https:\/\/l21.mx\/index.php?rest_route=\/wp\/v2\/posts\/71545\/revisions"}],"wp:featuredmedia":[{"embeddable":true,"href":"https:\/\/l21.mx\/index.php?rest_route=\/wp\/v2\/media\/71546"}],"wp:attachment":[{"href":"https:\/\/l21.mx\/index.php?rest_route=%2Fwp%2Fv2%2Fmedia&parent=71545"}],"wp:term":[{"taxonomy":"category","embeddable":true,"href":"https:\/\/l21.mx\/index.php?rest_route=%2Fwp%2Fv2%2Fcategories&post=71545"},{"taxonomy":"post_tag","embeddable":true,"href":"https:\/\/l21.mx\/index.php?rest_route=%2Fwp%2Fv2%2Ftags&post=71545"}],"curies":[{"name":"wp","href":"https:\/\/api.w.org\/{rel}","templated":true}]}}