{"id":71606,"date":"2024-04-14T12:56:58","date_gmt":"2024-04-14T17:56:58","guid":{"rendered":"https:\/\/l21.mx\/?p=71606"},"modified":"2024-04-14T12:56:58","modified_gmt":"2024-04-14T17:56:58","slug":"avanzan-en-cancun-trabajos-de-cableado-subterraneo-en-el-bulevar-colosio-en-laterales-de-carpeta-asfaltica","status":"publish","type":"post","link":"https:\/\/l21.mx\/?p=71606","title":{"rendered":"Avanzan en Canc\u00fan trabajos de cableado subterr\u00e1neo en el bulevar Colosio en laterales de carpeta asf\u00e1ltica"},"content":{"rendered":"<p>&nbsp;<\/p>\n<p>-La reubicaci\u00f3n del cableado ayudar\u00e1 a una mayor seguridad ciudadana previniendo accidentes relacionados con el tendido el\u00e9ctrico<\/p>\n<p><a href=\"https:\/\/l21.mx\/wp-content\/uploads\/2024\/04\/WhatsApp-Image-2024-04-14-at-12.50.01-PM-scaled.jpeg\" data-rel=\"penci-gallery-image-content\" ><img decoding=\"async\" class=\"alignnone size-medium wp-image-71607\" src=\"https:\/\/l21.mx\/wp-content\/uploads\/2024\/04\/WhatsApp-Image-2024-04-14-at-12.50.01-PM-300x159.jpeg\" alt=\"\" width=\"300\" height=\"159\" srcset=\"https:\/\/l21.mx\/wp-content\/uploads\/2024\/04\/WhatsApp-Image-2024-04-14-at-12.50.01-PM-300x159.jpeg 300w, https:\/\/l21.mx\/wp-content\/uploads\/2024\/04\/WhatsApp-Image-2024-04-14-at-12.50.01-PM-1024x543.jpeg 1024w, https:\/\/l21.mx\/wp-content\/uploads\/2024\/04\/WhatsApp-Image-2024-04-14-at-12.50.01-PM-768x407.jpeg 768w, https:\/\/l21.mx\/wp-content\/uploads\/2024\/04\/WhatsApp-Image-2024-04-14-at-12.50.01-PM-1536x814.jpeg 1536w, https:\/\/l21.mx\/wp-content\/uploads\/2024\/04\/WhatsApp-Image-2024-04-14-at-12.50.01-PM-2048x1085.jpeg 2048w, https:\/\/l21.mx\/wp-content\/uploads\/2024\/04\/WhatsApp-Image-2024-04-14-at-12.50.01-PM-1920x1017.jpeg 1920w, https:\/\/l21.mx\/wp-content\/uploads\/2024\/04\/WhatsApp-Image-2024-04-14-at-12.50.01-PM-1170x620.jpeg 1170w, https:\/\/l21.mx\/wp-content\/uploads\/2024\/04\/WhatsApp-Image-2024-04-14-at-12.50.01-PM-585x310.jpeg 585w\" sizes=\"(max-width: 300px) 100vw, 300px\" \/><\/a><\/p>\n<p>Canc\u00fan.- Durante los trabajos del cableado subterr\u00e1neo de las l\u00edneas de alta tensi\u00f3n en el bulevar Colosio por parte de la CFE, la superficie de rodamiento no tendr\u00e1 afectaciones y ocasionalmente tendr\u00e1 alg\u00fan corte moment\u00e1neo necesario cerrar un carril.<\/p>\n<p>As\u00ed lo informaron en conjunto la gobernadora de Quintana Roo, Mara Lezama Espinosa y el secretario de Desarrollo Territorial Urbano Sustentable (SEDETUS), Armando Lara De Nigris, al confirmar que estos trabajos de la CFE ya se iniciaron, como se anunci\u00f3 oportunamente.<\/p>\n<p>El cierre ocasional de alg\u00fan carril ser\u00e1 para la protecci\u00f3n de los conductores y sus veh\u00edculos debido a la operaci\u00f3n de la maquinaria.<\/p>\n<p><a href=\"https:\/\/l21.mx\/wp-content\/uploads\/2024\/04\/WhatsApp-Image-2024-04-14-at-12.50.01-PM-1-scaled.jpeg\" data-rel=\"penci-gallery-image-content\" ><img fetchpriority=\"high\" decoding=\"async\" class=\"alignnone size-medium wp-image-71609\" src=\"https:\/\/l21.mx\/wp-content\/uploads\/2024\/04\/WhatsApp-Image-2024-04-14-at-12.50.01-PM-1-300x169.jpeg\" alt=\"\" width=\"300\" height=\"169\" srcset=\"https:\/\/l21.mx\/wp-content\/uploads\/2024\/04\/WhatsApp-Image-2024-04-14-at-12.50.01-PM-1-300x169.jpeg 300w, https:\/\/l21.mx\/wp-content\/uploads\/2024\/04\/WhatsApp-Image-2024-04-14-at-12.50.01-PM-1-1024x576.jpeg 1024w, https:\/\/l21.mx\/wp-content\/uploads\/2024\/04\/WhatsApp-Image-2024-04-14-at-12.50.01-PM-1-768x432.jpeg 768w, https:\/\/l21.mx\/wp-content\/uploads\/2024\/04\/WhatsApp-Image-2024-04-14-at-12.50.01-PM-1-1536x865.jpeg 1536w, https:\/\/l21.mx\/wp-content\/uploads\/2024\/04\/WhatsApp-Image-2024-04-14-at-12.50.01-PM-1-2048x1153.jpeg 2048w, https:\/\/l21.mx\/wp-content\/uploads\/2024\/04\/WhatsApp-Image-2024-04-14-at-12.50.01-PM-1-1920x1081.jpeg 1920w, https:\/\/l21.mx\/wp-content\/uploads\/2024\/04\/WhatsApp-Image-2024-04-14-at-12.50.01-PM-1-1170x663.jpeg 1170w, https:\/\/l21.mx\/wp-content\/uploads\/2024\/04\/WhatsApp-Image-2024-04-14-at-12.50.01-PM-1-585x329.jpeg 585w\" sizes=\"(max-width: 300px) 100vw, 300px\" \/><\/a><\/p>\n<p>Armando Lara precis\u00f3 que este cableado subterr\u00e1neo se colocar\u00e1 en la berma de servicios, es decir en la parte de la estructura de la v\u00eda, destinada al soporte lateral.<\/p>\n<p>Mara Lezama destac\u00f3 que con el cableado subterr\u00e1neo se tendr\u00e1 una vista m\u00e1s limpia, sin cables, pero principalmente ante un fen\u00f3meno hidrometeorol\u00f3gico no se afectar\u00e1 el suministro el\u00e9ctrico.<\/p>\n<p>A\u00f1adi\u00f3 que al concluir las labores de la CFE, todo regresar\u00e1 a la normalidad en el bulevar Colosio.<\/p>\n","protected":false},"excerpt":{"rendered":"<p>&nbsp; -La reubicaci\u00f3n del cableado ayudar\u00e1 a una mayor seguridad ciudadana previniendo accidentes relacionados con el&hellip;<\/p>\n","protected":false},"author":100,"featured_media":71608,"comment_status":"closed","ping_status":"closed","sticky":false,"template":"","format":"standard","meta":{"_acf_changed":false,"_lmt_disableupdate":"","_lmt_disable":"","_mbp_gutenberg_autopost":false,"footnotes":""},"categories":[23,1656],"tags":[],"class_list":["post-71606","post","type-post","status-publish","format-standard","has-post-thumbnail","hentry","category-noticias","category-quintana-roo"],"acf":[],"_links":{"self":[{"href":"https:\/\/l21.mx\/index.php?rest_route=\/wp\/v2\/posts\/71606","targetHints":{"allow":["GET"]}}],"collection":[{"href":"https:\/\/l21.mx\/index.php?rest_route=\/wp\/v2\/posts"}],"about":[{"href":"https:\/\/l21.mx\/index.php?rest_route=\/wp\/v2\/types\/post"}],"author":[{"embeddable":true,"href":"https:\/\/l21.mx\/index.php?rest_route=\/wp\/v2\/users\/100"}],"replies":[{"embeddable":true,"href":"https:\/\/l21.mx\/index.php?rest_route=%2Fwp%2Fv2%2Fcomments&post=71606"}],"version-history":[{"count":0,"href":"https:\/\/l21.mx\/index.php?rest_route=\/wp\/v2\/posts\/71606\/revisions"}],"wp:featuredmedia":[{"embeddable":true,"href":"https:\/\/l21.mx\/index.php?rest_route=\/wp\/v2\/media\/71608"}],"wp:attachment":[{"href":"https:\/\/l21.mx\/index.php?rest_route=%2Fwp%2Fv2%2Fmedia&parent=71606"}],"wp:term":[{"taxonomy":"category","embeddable":true,"href":"https:\/\/l21.mx\/index.php?rest_route=%2Fwp%2Fv2%2Fcategories&post=71606"},{"taxonomy":"post_tag","embeddable":true,"href":"https:\/\/l21.mx\/index.php?rest_route=%2Fwp%2Fv2%2Ftags&post=71606"}],"curies":[{"name":"wp","href":"https:\/\/api.w.org\/{rel}","templated":true}]}}