{"id":71952,"date":"2024-04-20T15:46:19","date_gmt":"2024-04-20T20:46:19","guid":{"rendered":"https:\/\/l21.mx\/?p=71952"},"modified":"2024-04-20T15:46:19","modified_gmt":"2024-04-20T20:46:19","slug":"entregan-a-diego-de-la-pena-la-medalla-al-merito-ciudadano-sigfrido-paz-paredes-uno-de-los-constructores-de-cancun","status":"publish","type":"post","link":"https:\/\/l21.mx\/?p=71952","title":{"rendered":"Entregan a Diego de la Pe\u00f1a la Medalla al M\u00e9rito Ciudadano \u00abSigfrido Paz Paredes\u00bb, uno de los constructores de Canc\u00fan"},"content":{"rendered":"<p>Festejan el 54 aniversario de Canc\u00fan con un llamado a consolidar la inclusi\u00f3n y la prosperidad<\/p>\n<p>-La gobernadora Mara Lezama destac\u00f3 el compromiso de todos los sectores para trabajar hacia un Canc\u00fan m\u00e1s equitativo, incluyente y pr\u00f3spero<\/p>\n<p><a href=\"https:\/\/l21.mx\/wp-content\/uploads\/2024\/04\/WhatsApp-Image-2024-04-20-at-3.09.01-PM.jpeg\" data-rel=\"penci-gallery-image-content\" ><img fetchpriority=\"high\" decoding=\"async\" class=\"alignnone size-medium wp-image-71954\" src=\"https:\/\/l21.mx\/wp-content\/uploads\/2024\/04\/WhatsApp-Image-2024-04-20-at-3.09.01-PM-300x167.jpeg\" alt=\"\" width=\"300\" height=\"167\" srcset=\"https:\/\/l21.mx\/wp-content\/uploads\/2024\/04\/WhatsApp-Image-2024-04-20-at-3.09.01-PM-300x167.jpeg 300w, https:\/\/l21.mx\/wp-content\/uploads\/2024\/04\/WhatsApp-Image-2024-04-20-at-3.09.01-PM-1024x570.jpeg 1024w, https:\/\/l21.mx\/wp-content\/uploads\/2024\/04\/WhatsApp-Image-2024-04-20-at-3.09.01-PM-768x427.jpeg 768w, https:\/\/l21.mx\/wp-content\/uploads\/2024\/04\/WhatsApp-Image-2024-04-20-at-3.09.01-PM-1536x854.jpeg 1536w, https:\/\/l21.mx\/wp-content\/uploads\/2024\/04\/WhatsApp-Image-2024-04-20-at-3.09.01-PM-1170x651.jpeg 1170w, https:\/\/l21.mx\/wp-content\/uploads\/2024\/04\/WhatsApp-Image-2024-04-20-at-3.09.01-PM-585x325.jpeg 585w, https:\/\/l21.mx\/wp-content\/uploads\/2024\/04\/WhatsApp-Image-2024-04-20-at-3.09.01-PM.jpeg 1600w\" sizes=\"(max-width: 300px) 100vw, 300px\" \/><\/a><\/p>\n<p>Canc\u00fan.- Invitada por integrantes del Cabildo de Benito Ju\u00e1rez, la gobernadora Mara Lezama Espinosa particip\u00f3 en la Sesi\u00f3n Solemne de Cabildo en el marco de los 54 a\u00f1os de la creaci\u00f3n y fundaci\u00f3n de la ciudad de Canc\u00fan, junto con la diputada Jissel Castro Marcial, presidenta de la Junta de Gobierno y Coordinaci\u00f3n Pol\u00edtica (Jugocopo) del Congreso del Estado, y el magistrado Heyden Cebada Rivas, presidente del Tribunal Superior de Justicia.<\/p>\n<p>\u00abA 54 a\u00f1os de su inicio, el Canc\u00fan de la prosperidad y el desarrollo est\u00e1 vigente, pero el Canc\u00fan de las desigualdades, los rezagos, las necesidades y los reclamos a\u00fan persiste y es el mayor reto que debemos enfrentar de cara al futuro\u00bb, expres\u00f3 la titular del Ejecutivo. Enseguida, a\u00f1adi\u00f3: \u00abY tenemos c\u00f3mo hacerlo, la historia nos muestra el camino que debemos seguir\u00bb.<\/p>\n<p>En esta Sesi\u00f3n Solemne, la gobernadora Mara Lezama y los integrantes del Cabildo entregaron al ingeniero Diego de la Pe\u00f1a Garc\u00eda la Medalla al M\u00e9rito Ciudadano \u00abSigfrido Paz Paredes\u00bb. Diego de la Pe\u00f1a Garc\u00eda es constructor, urbanizador y desarrollador de Canc\u00fan, quien lleg\u00f3 y dio vida al primer hotel de lo que hoy es el destino tur\u00edstico l\u00edder de Am\u00e9rica Latina y del mundo, el Playa Blanca.<\/p>\n<p><a href=\"https:\/\/l21.mx\/wp-content\/uploads\/2024\/04\/WhatsApp-Image-2024-04-20-at-3.09.01-PM-1.jpeg\" data-rel=\"penci-gallery-image-content\" ><img decoding=\"async\" class=\"alignnone size-medium wp-image-71955\" src=\"https:\/\/l21.mx\/wp-content\/uploads\/2024\/04\/WhatsApp-Image-2024-04-20-at-3.09.01-PM-1-300x168.jpeg\" alt=\"\" width=\"300\" height=\"168\" srcset=\"https:\/\/l21.mx\/wp-content\/uploads\/2024\/04\/WhatsApp-Image-2024-04-20-at-3.09.01-PM-1-300x168.jpeg 300w, https:\/\/l21.mx\/wp-content\/uploads\/2024\/04\/WhatsApp-Image-2024-04-20-at-3.09.01-PM-1-1024x572.jpeg 1024w, https:\/\/l21.mx\/wp-content\/uploads\/2024\/04\/WhatsApp-Image-2024-04-20-at-3.09.01-PM-1-768x429.jpeg 768w, https:\/\/l21.mx\/wp-content\/uploads\/2024\/04\/WhatsApp-Image-2024-04-20-at-3.09.01-PM-1-1536x858.jpeg 1536w, https:\/\/l21.mx\/wp-content\/uploads\/2024\/04\/WhatsApp-Image-2024-04-20-at-3.09.01-PM-1-1170x654.jpeg 1170w, https:\/\/l21.mx\/wp-content\/uploads\/2024\/04\/WhatsApp-Image-2024-04-20-at-3.09.01-PM-1-585x327.jpeg 585w, https:\/\/l21.mx\/wp-content\/uploads\/2024\/04\/WhatsApp-Image-2024-04-20-at-3.09.01-PM-1.jpeg 1600w\" sizes=\"(max-width: 300px) 100vw, 300px\" \/><\/a><\/p>\n<p>En el aniversario de la fundaci\u00f3n de la ciudad, el Cabildo y el comit\u00e9 organizador decidieron elegir a Diego de la Pe\u00f1a para otorgarle esta Medalla al M\u00e9rito por su enorme aportaci\u00f3n a la creaci\u00f3n de Canc\u00fan, cuando surgi\u00f3 de una regi\u00f3n en soledad y con olor a mar, playas y manglar.<\/p>\n<p>Despu\u00e9s de escuchar el agradecimiento del homenajeado y las palabras del Encargado de Despacho de la Presidencia Municipal, Pablo Guti\u00e9rrez Fern\u00e1ndez, la gobernadora Mara Lezama expres\u00f3 que pocas personas tienen claramente identificado el proceso fundamental y transformador de Canc\u00fan en la historia de Quintana Roo, del sureste y del pa\u00eds, como lo tuvo el ingeniero Diego de la Pe\u00f1a.<\/p>\n<p>Mara Lezama llam\u00f3 a no dejarse vencer por el desencanto, a asumir los dolores del crecimiento como parte del reto de la vida propia y de una ciudad, y a contagiarse del esp\u00edritu valiente de las pioneras y pioneros para continuar siendo una ciudad pujante, innovadora y moderna, pero tambi\u00e9n para construir una ciudad m\u00e1s equitativa, justa con sus hijos e hijas, en la que todos y todas puedan participar del crecimiento y la prosperidad.<\/p>\n<p>La titular del Ejecutivo precis\u00f3 que el \u00e9xito de Canc\u00fan es crucial a nivel nacional, continental y mundial en la nueva era del turismo.<\/p>\n<p>\u00abEl objetivo ahora, sin dejar de lado de ninguna manera todo lo anterior, es volver a ser una ciudad amigable para todos y todas, una ciudad m\u00e1s igualitaria, habitable, sustentable, equitativa y amable con su gente. Al pensar en estos 54 a\u00f1os de Canc\u00fan, no puedo dejar de pensar en los pr\u00f3ximos 54&#8230; y estoy convencida de que ser\u00e1n m\u00e1s pr\u00f3speros y exitosos, y que esa prosperidad y ese \u00e9xito nos incluir\u00e1n a todos y todas\u00bb, dijo.<\/p>\n<p>Finalmente, la gobernadora destac\u00f3 ante los presentes que todos y todas \u00abestamos trabajando para un Canc\u00fan m\u00e1s igualitario, inclusivo y en donde la prosperidad sea compartida. Estoy convencida de que este es el rumbo y el camino para lograrlo, con mucho amor por la tierra, con voluntad, convencimiento y valor. Vamos entre todos y todas por un mejor Canc\u00fan\u00bb.<\/p>\n","protected":false},"excerpt":{"rendered":"<p>Festejan el 54 aniversario de Canc\u00fan con un llamado a consolidar la inclusi\u00f3n y la prosperidad&hellip;<\/p>\n","protected":false},"author":100,"featured_media":71953,"comment_status":"closed","ping_status":"closed","sticky":false,"template":"","format":"standard","meta":{"_acf_changed":false,"_lmt_disableupdate":"","_lmt_disable":"","_mbp_gutenberg_autopost":false,"footnotes":""},"categories":[23,1656],"tags":[],"class_list":["post-71952","post","type-post","status-publish","format-standard","has-post-thumbnail","hentry","category-noticias","category-quintana-roo"],"acf":[],"yoast_head":"<!-- This site is optimized with the Yoast SEO plugin v27.3 - https:\/\/yoast.com\/product\/yoast-seo-wordpress\/ -->\n<title>Entregan a Diego de la Pe\u00f1a la Medalla al M\u00e9rito Ciudadano &quot;Sigfrido Paz Paredes&quot;, uno de los constructores de Canc\u00fan | Revista Latitud 21<\/title>\n<meta name=\"description\" content=\"L21, Emprendedores y Negocios en el Caribe Mexicano, es la revista l\u00edder entre el Sector Empresarial y Tur\u00edstico del Caribe Mexicano.\" \/>\n<meta name=\"robots\" content=\"index, follow, max-snippet:-1, max-image-preview:large, max-video-preview:-1\" \/>\n<link rel=\"canonical\" href=\"https:\/\/l21.mx\/?p=71952\" \/>\n<meta name=\"twitter:card\" content=\"summary_large_image\" \/>\n<meta name=\"twitter:title\" content=\"Entregan a Diego de la Pe\u00f1a la Medalla al M\u00e9rito Ciudadano &quot;Sigfrido Paz Paredes&quot;, uno de los constructores de Canc\u00fan | Revista Latitud 21\" \/>\n<meta name=\"twitter:description\" content=\"L21, Emprendedores y Negocios en el Caribe Mexicano, es la revista l\u00edder entre el Sector Empresarial y Tur\u00edstico del Caribe Mexicano.\" \/>\n<meta name=\"twitter:image\" content=\"https:\/\/l21.mx\/wp-content\/uploads\/2024\/04\/WhatsApp-Image-2024-04-20-at-3.08.59-PM.jpeg\" \/>\n<meta name=\"twitter:creator\" content=\"@Latitud21mx\" \/>\n<meta name=\"twitter:site\" content=\"@Latitud21mx\" \/>\n<meta name=\"twitter:label1\" content=\"Escrito por\" \/>\n\t<meta name=\"twitter:data1\" content=\"NellyG\" \/>\n\t<meta name=\"twitter:label2\" content=\"Tiempo de lectura\" \/>\n\t<meta name=\"twitter:data2\" content=\"4 minutos\" \/>\n<script type=\"application\/ld+json\" class=\"yoast-schema-graph\">{\"@context\":\"https:\\\/\\\/schema.org\",\"@graph\":[{\"@type\":\"Article\",\"@id\":\"https:\\\/\\\/l21.mx\\\/?p=71952#article\",\"isPartOf\":{\"@id\":\"https:\\\/\\\/l21.mx\\\/?p=71952\"},\"author\":{\"name\":\"NellyG\",\"@id\":\"https:\\\/\\\/l21.mx\\\/#\\\/schema\\\/person\\\/cca68595b80b2f6c4c55a8b254bfbb2a\"},\"headline\":\"Entregan a Diego de la Pe\u00f1a la Medalla al M\u00e9rito Ciudadano \u00abSigfrido Paz Paredes\u00bb, uno de los constructores de Canc\u00fan\",\"datePublished\":\"2024-04-20T20:46:19+00:00\",\"mainEntityOfPage\":{\"@id\":\"https:\\\/\\\/l21.mx\\\/?p=71952\"},\"wordCount\":661,\"publisher\":{\"@id\":\"https:\\\/\\\/l21.mx\\\/#organization\"},\"image\":{\"@id\":\"https:\\\/\\\/l21.mx\\\/?p=71952#primaryimage\"},\"thumbnailUrl\":\"https:\\\/\\\/l21.mx\\\/wp-content\\\/uploads\\\/2024\\\/04\\\/WhatsApp-Image-2024-04-20-at-3.08.59-PM.jpeg\",\"articleSection\":[\"Noticias\",\"Quintana Roo\"],\"inLanguage\":\"es\"},{\"@type\":\"WebPage\",\"@id\":\"https:\\\/\\\/l21.mx\\\/?p=71952\",\"url\":\"https:\\\/\\\/l21.mx\\\/?p=71952\",\"name\":\"Entregan a Diego de la Pe\u00f1a la Medalla al M\u00e9rito Ciudadano \\\"Sigfrido Paz Paredes\\\", uno de los constructores de Canc\u00fan | Revista Latitud 21\",\"isPartOf\":{\"@id\":\"https:\\\/\\\/l21.mx\\\/#website\"},\"primaryImageOfPage\":{\"@id\":\"https:\\\/\\\/l21.mx\\\/?p=71952#primaryimage\"},\"image\":{\"@id\":\"https:\\\/\\\/l21.mx\\\/?p=71952#primaryimage\"},\"thumbnailUrl\":\"https:\\\/\\\/l21.mx\\\/wp-content\\\/uploads\\\/2024\\\/04\\\/WhatsApp-Image-2024-04-20-at-3.08.59-PM.jpeg\",\"datePublished\":\"2024-04-20T20:46:19+00:00\",\"description\":\"L21, Emprendedores y Negocios en el Caribe Mexicano, es la revista l\u00edder entre el Sector Empresarial y Tur\u00edstico del Caribe Mexicano.\",\"breadcrumb\":{\"@id\":\"https:\\\/\\\/l21.mx\\\/?p=71952#breadcrumb\"},\"inLanguage\":\"es\",\"potentialAction\":[{\"@type\":\"ReadAction\",\"target\":[\"https:\\\/\\\/l21.mx\\\/?p=71952\"]}]},{\"@type\":\"ImageObject\",\"inLanguage\":\"es\",\"@id\":\"https:\\\/\\\/l21.mx\\\/?p=71952#primaryimage\",\"url\":\"https:\\\/\\\/l21.mx\\\/wp-content\\\/uploads\\\/2024\\\/04\\\/WhatsApp-Image-2024-04-20-at-3.08.59-PM.jpeg\",\"contentUrl\":\"https:\\\/\\\/l21.mx\\\/wp-content\\\/uploads\\\/2024\\\/04\\\/WhatsApp-Image-2024-04-20-at-3.08.59-PM.jpeg\",\"width\":1600,\"height\":1066},{\"@type\":\"BreadcrumbList\",\"@id\":\"https:\\\/\\\/l21.mx\\\/?p=71952#breadcrumb\",\"itemListElement\":[{\"@type\":\"ListItem\",\"position\":1,\"name\":\"Portada\",\"item\":\"https:\\\/\\\/l21.mx\\\/\"},{\"@type\":\"ListItem\",\"position\":2,\"name\":\"Entregan a Diego de la Pe\u00f1a la Medalla al M\u00e9rito Ciudadano \u00abSigfrido Paz Paredes\u00bb, uno de los constructores de Canc\u00fan\"}]},{\"@type\":\"WebSite\",\"@id\":\"https:\\\/\\\/l21.mx\\\/#website\",\"url\":\"https:\\\/\\\/l21.mx\\\/\",\"name\":\"Revista Latitud 21\",\"description\":\"Emprendedores  y negocios en el Caribe Mexicano\",\"publisher\":{\"@id\":\"https:\\\/\\\/l21.mx\\\/#organization\"},\"potentialAction\":[{\"@type\":\"SearchAction\",\"target\":{\"@type\":\"EntryPoint\",\"urlTemplate\":\"https:\\\/\\\/l21.mx\\\/?s={search_term_string}\"},\"query-input\":{\"@type\":\"PropertyValueSpecification\",\"valueRequired\":true,\"valueName\":\"search_term_string\"}}],\"inLanguage\":\"es\"},{\"@type\":\"Organization\",\"@id\":\"https:\\\/\\\/l21.mx\\\/#organization\",\"name\":\"Grupo Editorial Latitud 21 SA de CV\",\"url\":\"https:\\\/\\\/l21.mx\\\/\",\"logo\":{\"@type\":\"ImageObject\",\"inLanguage\":\"es\",\"@id\":\"https:\\\/\\\/l21.mx\\\/#\\\/schema\\\/logo\\\/image\\\/\",\"url\":\"https:\\\/\\\/l21.mx\\\/wp-content\\\/uploads\\\/2020\\\/10\\\/logo-l21-baja.jpg\",\"contentUrl\":\"https:\\\/\\\/l21.mx\\\/wp-content\\\/uploads\\\/2020\\\/10\\\/logo-l21-baja.jpg\",\"width\":250,\"height\":250,\"caption\":\"Grupo Editorial Latitud 21 SA de CV\"},\"image\":{\"@id\":\"https:\\\/\\\/l21.mx\\\/#\\\/schema\\\/logo\\\/image\\\/\"},\"sameAs\":[\"https:\\\/\\\/www.facebook.com\\\/RevistaLatitud21\\\/\",\"https:\\\/\\\/x.com\\\/Latitud21mx\"]},{\"@type\":\"Person\",\"@id\":\"https:\\\/\\\/l21.mx\\\/#\\\/schema\\\/person\\\/cca68595b80b2f6c4c55a8b254bfbb2a\",\"name\":\"NellyG\",\"url\":\"https:\\\/\\\/l21.mx\\\/?author=100\"}]}<\/script>\n<!-- \/ Yoast SEO plugin. -->","yoast_head_json":{"title":"Entregan a Diego de la Pe\u00f1a la Medalla al M\u00e9rito Ciudadano \"Sigfrido Paz Paredes\", uno de los constructores de Canc\u00fan | Revista Latitud 21","description":"L21, Emprendedores y Negocios en el Caribe Mexicano, es la revista l\u00edder entre el Sector Empresarial y Tur\u00edstico del Caribe Mexicano.","robots":{"index":"index","follow":"follow","max-snippet":"max-snippet:-1","max-image-preview":"max-image-preview:large","max-video-preview":"max-video-preview:-1"},"canonical":"https:\/\/l21.mx\/?p=71952","twitter_card":"summary_large_image","twitter_title":"Entregan a Diego de la Pe\u00f1a la Medalla al M\u00e9rito Ciudadano \"Sigfrido Paz Paredes\", uno de los constructores de Canc\u00fan | Revista Latitud 21","twitter_description":"L21, Emprendedores y Negocios en el Caribe Mexicano, es la revista l\u00edder entre el Sector Empresarial y Tur\u00edstico del Caribe Mexicano.","twitter_image":"https:\/\/l21.mx\/wp-content\/uploads\/2024\/04\/WhatsApp-Image-2024-04-20-at-3.08.59-PM.jpeg","twitter_creator":"@Latitud21mx","twitter_site":"@Latitud21mx","twitter_misc":{"Escrito por":"NellyG","Tiempo de lectura":"4 minutos"},"schema":{"@context":"https:\/\/schema.org","@graph":[{"@type":"Article","@id":"https:\/\/l21.mx\/?p=71952#article","isPartOf":{"@id":"https:\/\/l21.mx\/?p=71952"},"author":{"name":"NellyG","@id":"https:\/\/l21.mx\/#\/schema\/person\/cca68595b80b2f6c4c55a8b254bfbb2a"},"headline":"Entregan a Diego de la Pe\u00f1a la Medalla al M\u00e9rito Ciudadano \u00abSigfrido Paz Paredes\u00bb, uno de los constructores de Canc\u00fan","datePublished":"2024-04-20T20:46:19+00:00","mainEntityOfPage":{"@id":"https:\/\/l21.mx\/?p=71952"},"wordCount":661,"publisher":{"@id":"https:\/\/l21.mx\/#organization"},"image":{"@id":"https:\/\/l21.mx\/?p=71952#primaryimage"},"thumbnailUrl":"https:\/\/l21.mx\/wp-content\/uploads\/2024\/04\/WhatsApp-Image-2024-04-20-at-3.08.59-PM.jpeg","articleSection":["Noticias","Quintana Roo"],"inLanguage":"es"},{"@type":"WebPage","@id":"https:\/\/l21.mx\/?p=71952","url":"https:\/\/l21.mx\/?p=71952","name":"Entregan a Diego de la Pe\u00f1a la Medalla al M\u00e9rito Ciudadano \"Sigfrido Paz Paredes\", uno de los constructores de Canc\u00fan | Revista Latitud 21","isPartOf":{"@id":"https:\/\/l21.mx\/#website"},"primaryImageOfPage":{"@id":"https:\/\/l21.mx\/?p=71952#primaryimage"},"image":{"@id":"https:\/\/l21.mx\/?p=71952#primaryimage"},"thumbnailUrl":"https:\/\/l21.mx\/wp-content\/uploads\/2024\/04\/WhatsApp-Image-2024-04-20-at-3.08.59-PM.jpeg","datePublished":"2024-04-20T20:46:19+00:00","description":"L21, Emprendedores y Negocios en el Caribe Mexicano, es la revista l\u00edder entre el Sector Empresarial y Tur\u00edstico del Caribe Mexicano.","breadcrumb":{"@id":"https:\/\/l21.mx\/?p=71952#breadcrumb"},"inLanguage":"es","potentialAction":[{"@type":"ReadAction","target":["https:\/\/l21.mx\/?p=71952"]}]},{"@type":"ImageObject","inLanguage":"es","@id":"https:\/\/l21.mx\/?p=71952#primaryimage","url":"https:\/\/l21.mx\/wp-content\/uploads\/2024\/04\/WhatsApp-Image-2024-04-20-at-3.08.59-PM.jpeg","contentUrl":"https:\/\/l21.mx\/wp-content\/uploads\/2024\/04\/WhatsApp-Image-2024-04-20-at-3.08.59-PM.jpeg","width":1600,"height":1066},{"@type":"BreadcrumbList","@id":"https:\/\/l21.mx\/?p=71952#breadcrumb","itemListElement":[{"@type":"ListItem","position":1,"name":"Portada","item":"https:\/\/l21.mx\/"},{"@type":"ListItem","position":2,"name":"Entregan a Diego de la Pe\u00f1a la Medalla al M\u00e9rito Ciudadano \u00abSigfrido Paz Paredes\u00bb, uno de los constructores de Canc\u00fan"}]},{"@type":"WebSite","@id":"https:\/\/l21.mx\/#website","url":"https:\/\/l21.mx\/","name":"Revista Latitud 21","description":"Emprendedores  y negocios en el Caribe Mexicano","publisher":{"@id":"https:\/\/l21.mx\/#organization"},"potentialAction":[{"@type":"SearchAction","target":{"@type":"EntryPoint","urlTemplate":"https:\/\/l21.mx\/?s={search_term_string}"},"query-input":{"@type":"PropertyValueSpecification","valueRequired":true,"valueName":"search_term_string"}}],"inLanguage":"es"},{"@type":"Organization","@id":"https:\/\/l21.mx\/#organization","name":"Grupo Editorial Latitud 21 SA de CV","url":"https:\/\/l21.mx\/","logo":{"@type":"ImageObject","inLanguage":"es","@id":"https:\/\/l21.mx\/#\/schema\/logo\/image\/","url":"https:\/\/l21.mx\/wp-content\/uploads\/2020\/10\/logo-l21-baja.jpg","contentUrl":"https:\/\/l21.mx\/wp-content\/uploads\/2020\/10\/logo-l21-baja.jpg","width":250,"height":250,"caption":"Grupo Editorial Latitud 21 SA de CV"},"image":{"@id":"https:\/\/l21.mx\/#\/schema\/logo\/image\/"},"sameAs":["https:\/\/www.facebook.com\/RevistaLatitud21\/","https:\/\/x.com\/Latitud21mx"]},{"@type":"Person","@id":"https:\/\/l21.mx\/#\/schema\/person\/cca68595b80b2f6c4c55a8b254bfbb2a","name":"NellyG","url":"https:\/\/l21.mx\/?author=100"}]}},"amp_enabled":true,"_links":{"self":[{"href":"https:\/\/l21.mx\/index.php?rest_route=\/wp\/v2\/posts\/71952","targetHints":{"allow":["GET"]}}],"collection":[{"href":"https:\/\/l21.mx\/index.php?rest_route=\/wp\/v2\/posts"}],"about":[{"href":"https:\/\/l21.mx\/index.php?rest_route=\/wp\/v2\/types\/post"}],"author":[{"embeddable":true,"href":"https:\/\/l21.mx\/index.php?rest_route=\/wp\/v2\/users\/100"}],"replies":[{"embeddable":true,"href":"https:\/\/l21.mx\/index.php?rest_route=%2Fwp%2Fv2%2Fcomments&post=71952"}],"version-history":[{"count":1,"href":"https:\/\/l21.mx\/index.php?rest_route=\/wp\/v2\/posts\/71952\/revisions"}],"predecessor-version":[{"id":71958,"href":"https:\/\/l21.mx\/index.php?rest_route=\/wp\/v2\/posts\/71952\/revisions\/71958"}],"wp:featuredmedia":[{"embeddable":true,"href":"https:\/\/l21.mx\/index.php?rest_route=\/wp\/v2\/media\/71953"}],"wp:attachment":[{"href":"https:\/\/l21.mx\/index.php?rest_route=%2Fwp%2Fv2%2Fmedia&parent=71952"}],"wp:term":[{"taxonomy":"category","embeddable":true,"href":"https:\/\/l21.mx\/index.php?rest_route=%2Fwp%2Fv2%2Fcategories&post=71952"},{"taxonomy":"post_tag","embeddable":true,"href":"https:\/\/l21.mx\/index.php?rest_route=%2Fwp%2Fv2%2Ftags&post=71952"}],"curies":[{"name":"wp","href":"https:\/\/api.w.org\/{rel}","templated":true}]}}